{"id":325884,"date":"2025-08-17T23:48:24","date_gmt":"2025-08-17T23:48:24","guid":{"rendered":"https:\/\/www.europesays.com\/fr\/325884\/"},"modified":"2025-08-17T23:48:24","modified_gmt":"2025-08-17T23:48:24","slug":"donald-trump-impose-des-droits-de-douane-de-30-a-lunion-europeenne-actualites","status":"publish","type":"post","link":"https:\/\/www.europesays.com\/fr\/325884\/","title":{"rendered":"Donald Trump impose des droits de douane de 30 % \u00e0 l\u2019Union europ\u00e9enne : Actualit\u00e9s"},"content":{"rendered":"<p class=\"lead \"><strong>Le pr\u00e9sident des Etats-Unis a annonc\u00e9 l\u2019instauration de droits de douane de 30 % sur l\u2019ensemble des biens en provenance de l\u2019Union europ\u00e9enne, selon l\u2019agence Reuters.<\/strong><\/p>\n<p class=\"lead \">Apr\u00e8s l\u2019aluminium et l\u2019acier \u00e0 50 %, l&rsquo;automobile \u00e0 25 %, c\u2019est au tour des autres produits en provenance du Vieux Continent d\u2019\u00eatre surtax\u00e9s \u00e0 leur arriv\u00e9e sur le sol am\u00e9ricain. En effet, Donald Trump a annonc\u00e9, samedi 12 juillet, une augmentation<a href=\"https:\/\/actu.orange.fr\/monde\/donald-trump-impose-des-droits-de-douane-de-30-a-l-union-europeenne-magic-CNT000002jyaXY.html\" rel=\"nofollow noopener\" target=\"_blank\"> des droits de douane sur les biens import\u00e9s de l\u2019Union europ\u00e9enne <\/a>et du Mexique, passant de 10 % \u00e0 30 %.<\/p>\n<p class=\"lead \">Selon l&rsquo;agence Reuters, cette annonce de Donald Trump sera effective d\u00e8s le 1er ao\u00fbt 2025. Une d\u00e9claration qui arrive alors que Washington et Bruxelles \u00e9taient en train de n\u00e9gocier un accord commercial \u00e0 ce propos.<\/p>\n<p class=\"lead \">Le magnat de l\u2019immobilier souligne l\u2019importance du d\u00e9ficit commercial des \u00c9tats-Unis avec l\u2019Union europ\u00e9enne, qui s\u2019\u00e9l\u00e8ve \u00e0 157 milliards d\u2019euros pour les biens, et \u00e0 48 milliards d\u2019euros en incluant les services, selon <a href=\"https:\/\/www.bfmtv.com\/economie\/economie-social\/union-europeenne\/donald-trump-annonce-des-droits-de-douane-de-30-sur-les-importations-europeennes_AN-202507120227.html\" target=\"_blank\" rel=\"nofollow noopener\">BFM Business<\/a>. Il justifie ainsi l\u2019instauration de droits de douane, pr\u00e9cisant qu\u2019ils seront \u00ab\u00a0seulement\u00a0\u00bb de 30 %.<\/p>\n<p>                                                                                                Une lettre \u00e0 Ursula von der Leyen<\/p>\n<p class=\"lead \">Le pr\u00e9sident am\u00e9ricain indique avoir \u00ab\u00a0d\u00e9cid\u00e9 d&rsquo;avancer\u00a0\u00bb sa prise de d\u00e9cision dans une lettre qu&rsquo;il a adress\u00e9e \u00e0 Ursula von der Leyen, la pr\u00e9sidente de la Commission europ\u00e9enne.<\/p>\n<p class=\"lead \">\u00ab\u00a0Comme vous le savez, il n&rsquo;y aura pas de tarif (douanier, NDLR) si l&rsquo;Union europ\u00e9enne, ou les entreprises europ\u00e9ennes, d\u00e9cident de construire ou de fabriquer des produits aux \u00c9tats-Unis et, en fait, nous ferons tout notre possible pour obtenir les approbations rapidement, professionnellement et syst\u00e9matiquement, en d&rsquo;autres termes, en quelques semaines\u00a0\u00bb, \u00e9crit Donald Trump.<\/p>\n<p class=\"small font-weight-bold text-gray3 \"> publi\u00e9 le 12 juillet \u00e0 15h00, Charlotte Lesprit, 6Medias<\/p>\n<p>                             Partager<\/p>\n","protected":false},"excerpt":{"rendered":"Le pr\u00e9sident des Etats-Unis a annonc\u00e9 l\u2019instauration de droits de douane de 30 % sur l\u2019ensemble des biens&hellip;\n","protected":false},"author":2,"featured_media":325885,"comment_status":"","ping_status":"","sticky":false,"template":"","format":"standard","meta":{"footnotes":""},"categories":[1586],"tags":[11,1777,674,1779,1011,27,12,25,1778,364],"class_list":{"0":"post-325884","1":"post","2":"type-post","3":"status-publish","4":"format-standard","5":"has-post-thumbnail","7":"category-europe","8":"tag-actualites","9":"tag-eu","10":"tag-europe","11":"tag-european-union","12":"tag-fr","13":"tag-france","14":"tag-news","15":"tag-republique-francaise","16":"tag-ue","17":"tag-union-europeenne"},"share_on_mastodon":{"url":"https:\/\/pubeurope.com\/@fr\/115046783673066187","error":""},"_links":{"self":[{"href":"https:\/\/www.europesays.com\/fr\/wp-json\/wp\/v2\/posts\/325884","targetHints":{"allow":["GET"]}}],"collection":[{"href":"https:\/\/www.europesays.com\/fr\/wp-json\/wp\/v2\/posts"}],"about":[{"href":"https:\/\/www.europesays.com\/fr\/wp-json\/wp\/v2\/types\/post"}],"author":[{"embeddable":true,"href":"https:\/\/www.europesays.com\/fr\/wp-json\/wp\/v2\/users\/2"}],"replies":[{"embeddable":true,"href":"https:\/\/www.europesays.com\/fr\/wp-json\/wp\/v2\/comments?post=325884"}],"version-history":[{"count":0,"href":"https:\/\/www.europesays.com\/fr\/wp-json\/wp\/v2\/posts\/325884\/revisions"}],"wp:featuredmedia":[{"embeddable":true,"href":"https:\/\/www.europesays.com\/fr\/wp-json\/wp\/v2\/media\/325885"}],"wp:attachment":[{"href":"https:\/\/www.europesays.com\/fr\/wp-json\/wp\/v2\/media?parent=325884"}],"wp:term":[{"taxonomy":"category","embeddable":true,"href":"https:\/\/www.europesays.com\/fr\/wp-json\/wp\/v2\/categories?post=325884"},{"taxonomy":"post_tag","embeddable":true,"href":"https:\/\/www.europesays.com\/fr\/wp-json\/wp\/v2\/tags?post=325884"}],"curies":[{"name":"wp","href":"https:\/\/api.w.org\/{rel}","templated":true}]}}