{"id":325897,"date":"2025-08-17T23:58:41","date_gmt":"2025-08-17T23:58:41","guid":{"rendered":"https:\/\/www.europesays.com\/fr\/325897\/"},"modified":"2025-08-17T23:58:41","modified_gmt":"2025-08-17T23:58:41","slug":"de-ferrari-a-red-bull-lodyssee-meconnue-dun-prodige-du-sport-auto-%f0%9f%9a%80","status":"publish","type":"post","link":"https:\/\/www.europesays.com\/fr\/325897\/","title":{"rendered":"De Ferrari \u00e0 Red Bull, l\u2019odyss\u00e9e m\u00e9connue d\u2019un prodige du sport auto \ud83d\ude80"},"content":{"rendered":"<p>De prodige \u00e0 oubli\u00e9 : l\u2019irr\u00e9sistible ascension de Mirko Bortolotti \ud83c\udfce\ufe0f<\/p>\n<p><img decoding=\"async\" src=\"https:\/\/www.europesays.com\/fr\/wp-content\/uploads\/2025\/08\/68a1b5cfed15094903804460_XPB_348291_HiRes.jpeg\" alt=\"De Ferrari \u00e0 Red Bull : Le parcours oubli\u00e9 d\u2019un jeune prodige de la F1\"\/><\/p>\n<p>Le nom de Mirko Bortolotti n\u2019\u00e9voque probablement pas grand-chose pour le grand public, \u00e0 moins d\u2019\u00eatre f\u00e9ru de sport automobile. Pourtant, derri\u00e8re cette discr\u00e9tion se cache une trajectoire fascinante faite de records, de d\u00e9ceptions, mais surtout d\u2019une r\u00e9silience exemplaire. Pilote d\u2019exception form\u00e9 par les plus grands, Bortolotti a connu une carri\u00e8re digne des plus grands r\u00e9cits, oscillant entre la promesse d\u2019un futur en Formule 1 chez <a href=\"https:\/\/www.ferrari.com\/fr-FR\" target=\"_blank\" rel=\"nofollow noopener\">Ferrari<\/a> ou <a href=\"https:\/\/www.redbull.com\/fr-fr\/energydrink\" target=\"_blank\" rel=\"nofollow noopener\">Red Bull<\/a> et la gloire retrouv\u00e9e dans la galaxie <a href=\"https:\/\/www.lamborghini.com\/fr-en\" target=\"_blank\" rel=\"nofollow noopener\">Lamborghini<\/a>.<\/p>\n<p><img decoding=\"async\" src=\"https:\/\/www.europesays.com\/fr\/wp-content\/uploads\/2025\/08\/68a1b5cfed150949038044bc_attachment_82190-1_f71f27d4-e21e-4097-af99-34e3f91798b8.jpeg\" alt=\"De Ferrari \u00e0 Red Bull : Le parcours oubli\u00e9 d\u2019un jeune prodige de la F1\" class=\"kg-image\"\/><\/p>\n<p>D\u2019abord pressenti comme l\u2019un des plus grands espoirs du volant italien, il se distingue d\u00e8s son plus jeune \u00e2ge par sa capacit\u00e9 \u00e0 relever des d\u00e9fis dans un environnement ultra-comp\u00e9titif. Champion de Formule 3 italienne en 2008, Mirko Bortolotti tape dans l\u2019\u0153il des d\u00e9cideurs de Ferrari, puis s\u2019engage dans la galaxie Red Bull. Ses temps lors du d\u00e9sormais l\u00e9gendaire test sur le circuit de Fiorano laissent sans voix la Scuderia : il \u00e9tablit un record toujours invaincu pour la monoplaces F1 du constructeur.<\/p>\n<p><img decoding=\"async\" src=\"https:\/\/www.europesays.com\/fr\/wp-content\/uploads\/2025\/08\/68a1b5cfed150949038044b9_XPB_348241_HiRes-1.jpeg\" alt=\"De Ferrari \u00e0 Red Bull : Le parcours oubli\u00e9 d\u2019un jeune prodige de la F1\" class=\"kg-image\"\/><\/p>\n<p>Mais derri\u00e8re ce d\u00e9part fulgurant, les difficult\u00e9s s\u2019accumulent. Les soutiens vacillent, les acad\u00e9mies changent de cap, et l\u2019Italien, malgr\u00e9 des tests impressionnants et une saison prometteuse en F2, se voit contraint de rebondir, de r\u00e9\u00e9crire son histoire, loin des projecteurs de la F1. Bortolotti ne perd pourtant jamais sa passion ni sa d\u00e9termination \u00e0 r\u00e9ussir.<\/p>\n<p>L\u2019aventure Ferrari &amp; Red Bull : promesses et d\u00e9sillusions \ud83d\udd34\ud83d\udc02<br \/>\n<img decoding=\"async\" src=\"https:\/\/www.europesays.com\/fr\/wp-content\/uploads\/2025\/08\/68a1b5cfed150949038044b0_attachment_82192-1_1307a6a0-478e-449a-8c7d-04e642e05c40-1.jpeg\" alt=\"De Ferrari \u00e0 Red Bull : Le parcours oubli\u00e9 d\u2019un jeune prodige de la F1\" class=\"kg-image\"\/><\/p>\n<p>Si Mirko Bortolotti a port\u00e9 certaines des couleurs les plus prestigieuses de la F1, c\u2019est en grande partie gr\u00e2ce \u00e0 un encha\u00eenement de concours de circonstances et \u00e0 son talent singulier. D\u00e8s la premi\u00e8re occasion, il se fait remarquer par son record lors des essais avec la Ferrari F2008, suscitant l\u2019attention de nombreux observateurs.<\/p>\n<p>Son passage chez Red Bull, malgr\u00e9 un programme junior drastique \u2014 et parfois impitoyable \u2014, incarne tout ce que le jeune Bortolotti esp\u00e9rait : la continuit\u00e9 d\u2019une carri\u00e8re, une place d\u2019\u00e9lite dans l\u2019univers du sport auto, et l\u2019opportunit\u00e9 de franchir les portes de la Formule 1. Pourtant, le r\u00eave se brise progressivement. Entre incidents techniques \u00e0 r\u00e9p\u00e9tition, ann\u00e9e difficile en GP3 et manque de soutien financier, la route vers un baquet officiel de F1 s\u2019\u00e9loigne. Bortolotti avoue sans d\u00e9tour que jamais il n\u2019aurait voulu acc\u00e9der \u00e0 la F1 simplement gr\u00e2ce \u00e0 l\u2019argent. Son objectif : \u00eatre reconnu \u00e0 la hauteur de son talent, et non pour ses sponsors.<\/p>\n<p><img decoding=\"async\" src=\"https:\/\/www.europesays.com\/fr\/wp-content\/uploads\/2025\/08\/68a1b5cfed150949038044b3_XPB_327568_HiRes.jpeg\" alt=\"De Ferrari \u00e0 Red Bull : Le parcours oubli\u00e9 d\u2019un jeune prodige de la F1\" class=\"kg-image\"\/><\/p>\n<p>La comp\u00e9tition f\u00e9roce au sein des acad\u00e9mies, l\u2019instabilit\u00e9 chronique des places et le manque de soutien constant d\u00e9stabilisent le pilote, qui se retrouve exclu du jeu \u00e0 un moment critique. Il reconna\u00eet que l\u2019absence de manager ou de mentor l\u2019a pouss\u00e9 \u00e0 faire des choix seuls, sans toujours mesurer l\u2019impact sur le long terme. La rivalit\u00e9 avec des figures comme Jules Bianchi, et les politiques internes entre Red Bull et Ferrari, fa\u00e7onnent finalement un parcours sem\u00e9 d\u2019emb\u00fbches et de regrets\u2026 mais aussi d\u2019apprentissages uniques qui feront de lui un pilote autrement accompli.<\/p>\n<p><img decoding=\"async\" src=\"https:\/\/www.europesays.com\/fr\/wp-content\/uploads\/2025\/08\/68a1b5cfed150949038044b6_XPB_319596_HiRes.jpeg\" alt=\"De Ferrari \u00e0 Red Bull : Le parcours oubli\u00e9 d\u2019un jeune prodige de la F1\" class=\"kg-image\"\/><br \/>\nDes choix d\u00e9cisifs \u00e0 la renaissance en GT : la r\u00e9silience comme moteur \ud83c\udfc6<br \/>\n<img decoding=\"async\" src=\"https:\/\/www.europesays.com\/fr\/wp-content\/uploads\/2025\/08\/68a1b5cfed150949038044c5_XPB_348243_HiRes-1.jpeg\" alt=\"De Ferrari \u00e0 Red Bull : Le parcours oubli\u00e9 d\u2019un jeune prodige de la F1\" class=\"kg-image\"\/><\/p>\n<p>La carri\u00e8re de Mirko Bortolotti aurait pu s\u2019arr\u00eater net apr\u00e8s l\u2019\u00e9pisode Williams, alors qu\u2019il effleure du bout des doigts le sommet du sport automobile. D\u00e9courag\u00e9 de ne pas d\u00e9crocher ce volant tant convoit\u00e9, il pense m\u00eame \u00e0 se reconvertir, partant sur l\u2019id\u00e9e de se former dans le management sportif \u00e0 Barcelone. Mais une opportunit\u00e9 inattendue surgit alors : contact\u00e9 par le patron d\u2019une \u00e9quipe qu\u2019il ne conna\u00eet pas encore, Bortolotti est invit\u00e9 \u00e0 rejoindre la Eurocup Megane Trophy, qui sera son tremplin vers de nouveaux horizons.<\/p>\n<p><img decoding=\"async\" src=\"https:\/\/www.europesays.com\/fr\/wp-content\/uploads\/2025\/08\/68a1b5cfed150949038044ad_XPB_909053_HiRes.jpeg\" alt=\"De Ferrari \u00e0 Red Bull : Le parcours oubli\u00e9 d\u2019un jeune prodige de la F1\" class=\"kg-image\"\/><\/p>\n<p>Ce championnat, moins prestigieux mais vital pour la suite, lui offre une plateforme pour rebondir. Il remporte le titre, ce qui ouvre la porte aux GT et, surtout, \u00e0 une collaboration durable avec Lamborghini.<\/p>\n<p><img decoding=\"async\" src=\"https:\/\/www.europesays.com\/fr\/wp-content\/uploads\/2025\/08\/68a1b5cfed150949038044bf_XPB_523635_HiRes.jpeg\" alt=\"De Ferrari \u00e0 Red Bull : Le parcours oubli\u00e9 d\u2019un jeune prodige de la F1\" class=\"kg-image\"\/><\/p>\n<p>C\u2019est dans cette nouvelle famille que Bortolotti va b\u00e2tir la l\u00e9gende qui est aujourd\u2019hui la sienne\u2009: au fil des ans, il accumule victoires, titres et exploits, au point de marquer l\u2019histoire r\u00e9cente de la marque italienne. Son passage en DTM, accompagn\u00e9 de hautes performances \u00e0 Spa et sur les circuits du monde entier, confirment que Mirko n\u2019est pas un talent \u00ab perdu \u00bb du paddock, mais le symbole d\u2019une r\u00e9ussite \u00e0 contre-courant.<\/p>\n<p><img decoding=\"async\" src=\"https:\/\/www.europesays.com\/fr\/wp-content\/uploads\/2025\/08\/68a1b5cfed150949038044ad_XPB_909053_HiRes.jpeg\" alt=\"De Ferrari \u00e0 Red Bull : Le parcours oubli\u00e9 d\u2019un jeune prodige de la F1\" class=\"kg-image\"\/><br \/>\nLoyal \u00e0 Lamborghini : une d\u00e9cennie au service de la performance \ud83d\udc02\ud83d\udc9a<\/p>\n<p>Pour Lamborghini, Mirko Bortolotti s\u2019est impos\u00e9 comme le pilote de r\u00e9f\u00e9rence. En dix ann\u00e9es riches en d\u00e9fis, il contribue \u00e0 faire passer la marque du statut d\u2019outsider \u00e0 celui de favorite sur les plus grandes courses de GT. Sa capacit\u00e9 \u00e0 f\u00e9d\u00e9rer, \u00e0 s\u2019imposer en endurant des revers, \u00e0 porter l\u2019\u00e9quipe lors de campagnes historiques comme lors du DTM ou des 24 Heures Spa, en fait un leader naturel.<\/p>\n<p><img decoding=\"async\" src=\"https:\/\/www.europesays.com\/fr\/wp-content\/uploads\/2025\/08\/68a1b5cfed150949038044c2_657158.jpeg\" alt=\"De Ferrari \u00e0 Red Bull : Le parcours oubli\u00e9 d\u2019un jeune prodige de la F1\" class=\"kg-image\"\/><\/p>\n<p>Malgr\u00e9 les difficult\u00e9s, notamment financi\u00e8res, il ne trahit jamais sa philosophie\u2009: performer sur la piste prime sur tout sponsoring ou strat\u00e9gie de \u00ab pay driver \u00bb. Bortolotti est la preuve vivante que la fid\u00e9lit\u00e9, l\u2019excellence technique et humaine peuvent triompher dans un univers o\u00f9 tout semble dict\u00e9 par l\u2019argent. Gr\u00e2ce \u00e0 lui, Lamborghini d\u00e9croche des triomphes historiques et s\u2019installe parmi les \u00e9curies les plus respect\u00e9es du sport automobile international.<\/p>\n<p><img decoding=\"async\" src=\"https:\/\/www.europesays.com\/fr\/wp-content\/uploads\/2025\/08\/68a1b5cfed150949038044c8_XPB_466978_HiRes.jpeg\" alt=\"De Ferrari \u00e0 Red Bull : Le parcours oubli\u00e9 d\u2019un jeune prodige de la F1\" class=\"kg-image\"\/><\/p>\n<p>Ce parcours \u00e9claire aussi le profond changement d\u2019attitude des grandes marques envers leurs jeunes pilotes. L\u00e0 o\u00f9 Ferrari privil\u00e9giait autrefois l\u2019exp\u00e9rience, le test de Bortolotti \u00e0 Fiorano a \u00e9t\u00e9 d\u00e9terminant pour une politique plus tourn\u00e9e vers la formation \u2013 une dynamique dont Charles Leclerc, autre grand espoir form\u00e9 chez Ferrari, a su profiter pleinement.<\/p>\n<p>Une inspiration pour tous les passionn\u00e9s d\u2019automobile \u2728<\/p>\n<p>Le parcours de Mirko Bortolotti rappelle cruellement que le talent ne suffit parfois pas. Mais il prouve aussi que la passion, la t\u00e9nacit\u00e9 et la capacit\u00e9 \u00e0 saisir la moindre chance peuvent ouvrir la voie \u00e0 l\u2019excellence au-del\u00e0 des cases toutes faites de la Formule 1. Qu\u2019il s\u2019agisse d\u2019erreurs de jeunesse, de circonstances d\u00e9favorables ou d\u2019occasions manqu\u00e9es, Mirko a su se relever et forger une l\u00e9gende \u00e0 travers l\u2019endurance, le GT et l\u2019aventure Lamborghini.<\/p>\n<p><img decoding=\"async\" src=\"https:\/\/www.europesays.com\/fr\/wp-content\/uploads\/2025\/08\/68a1b5d0ed150949038044d1_664444.jpeg\" alt=\"De Ferrari \u00e0 Red Bull : Le parcours oubli\u00e9 d\u2019un jeune prodige de la F1\" class=\"kg-image\"\/><\/p>\n<p>Son retour au premier plan lors d\u2019une ann\u00e9e marqu\u00e9e par la victoire au DTM et \u00e0 Spa d\u00e9montre que rien n\u2019est jamais fig\u00e9 pour ceux qui savent rebondir. Bortolotti n\u2019a jamais cess\u00e9 d\u2019y croire, et aujourd\u2019hui, il inspire une nouvelle g\u00e9n\u00e9ration de pilotes \u00e0 b\u00e2tir leur propre voie, \u00e0 force de travail, de passion et de courage.<\/p>\n<p>En d\u00e9finitive, l\u2019odyss\u00e9e de Mirko Bortolotti nous rappelle qu\u2019en sport comme dans la vie, les revers sont des \u00e9tapes, et que chaque d\u00e9tour peut devenir le d\u00e9but d\u2019une nouvelle victoire. \u00ab Ne jamais abandonner, toujours y croire. \u00bb Voil\u00e0 la formule d\u2019un v\u00e9ritable champion. \ud83d\udea6\ud83c\udfc6<\/p>\n<p>\u00c0 l\u2019image de la t\u00e9nacit\u00e9 de Bortolotti avec la mythique Ferrari F2008, le r\u00eave automobile peut se vivre autrement gr\u00e2ce \u00e0 la LOA, en d\u00e9couvrant des mod\u00e8les iconiques et flexibles sur <a href=\"https:\/\/www.joinsteer.com\" target=\"_blank\" rel=\"nofollow noopener\">Joinsteer<\/a>.<\/p>\n","protected":false},"excerpt":{"rendered":"De prodige \u00e0 oubli\u00e9 : l\u2019irr\u00e9sistible ascension de Mirko Bortolotti \ud83c\udfce\ufe0f Le nom de Mirko Bortolotti n\u2019\u00e9voque probablement&hellip;\n","protected":false},"author":2,"featured_media":325898,"comment_status":"","ping_status":"","sticky":false,"template":"","format":"standard","meta":{"footnotes":""},"categories":[1412],"tags":[1451,1452,1453,1454,1455,1011,27,60],"class_list":{"0":"post-325897","1":"post","2":"type-post","3":"status-publish","4":"format-standard","5":"has-post-thumbnail","7":"category-f1","8":"tag-f1","9":"tag-formula-1","10":"tag-formula1","11":"tag-formule-1","12":"tag-formule1","13":"tag-fr","14":"tag-france","15":"tag-sports"},"share_on_mastodon":{"url":"https:\/\/pubeurope.com\/@fr\/115046824769622491","error":""},"_links":{"self":[{"href":"https:\/\/www.europesays.com\/fr\/wp-json\/wp\/v2\/posts\/325897","targetHints":{"allow":["GET"]}}],"collection":[{"href":"https:\/\/www.europesays.com\/fr\/wp-json\/wp\/v2\/posts"}],"about":[{"href":"https:\/\/www.europesays.com\/fr\/wp-json\/wp\/v2\/types\/post"}],"author":[{"embeddable":true,"href":"https:\/\/www.europesays.com\/fr\/wp-json\/wp\/v2\/users\/2"}],"replies":[{"embeddable":true,"href":"https:\/\/www.europesays.com\/fr\/wp-json\/wp\/v2\/comments?post=325897"}],"version-history":[{"count":0,"href":"https:\/\/www.europesays.com\/fr\/wp-json\/wp\/v2\/posts\/325897\/revisions"}],"wp:featuredmedia":[{"embeddable":true,"href":"https:\/\/www.europesays.com\/fr\/wp-json\/wp\/v2\/media\/325898"}],"wp:attachment":[{"href":"https:\/\/www.europesays.com\/fr\/wp-json\/wp\/v2\/media?parent=325897"}],"wp:term":[{"taxonomy":"category","embeddable":true,"href":"https:\/\/www.europesays.com\/fr\/wp-json\/wp\/v2\/categories?post=325897"},{"taxonomy":"post_tag","embeddable":true,"href":"https:\/\/www.europesays.com\/fr\/wp-json\/wp\/v2\/tags?post=325897"}],"curies":[{"name":"wp","href":"https:\/\/api.w.org\/{rel}","templated":true}]}}