{"id":325899,"date":"2025-08-17T23:59:10","date_gmt":"2025-08-17T23:59:10","guid":{"rendered":"https:\/\/www.europesays.com\/fr\/325899\/"},"modified":"2025-08-17T23:59:10","modified_gmt":"2025-08-17T23:59:10","slug":"je-me-retrouve-un-peu-en-lui-froome-prend-la-defense-de-pogacar-apres-ses-declarations-sur-son-usure","status":"publish","type":"post","link":"https:\/\/www.europesays.com\/fr\/325899\/","title":{"rendered":"\u00ab\u00a0Je me retrouve un peu en lui\u00a0\u00bb, Froome prend la d\u00e9fense de Pogacar apr\u00e8s ses d\u00e9clarations sur son usure"},"content":{"rendered":"<p>Alors que Tadej Pogacar a exprim\u00e9 sa fatigue physique et une certaine lassitude apr\u00e8s avoir remport\u00e9 son quatri\u00e8me Tour de France, Christopher Froome s&rsquo;est montr\u00e9 compr\u00e9hensif sur les propos tenus par le Slov\u00e8ne.<\/p>\n<p>A 40 ans, <a href=\"https:\/\/rmcsport.bfmtv.com\/cyclisme\/cyclisme-froome-va-probablement-prendre-sa-retraite-a-la-fin-de-la-saison_AV-202502210917.html\" title=\"Cyclisme: Froome va &quot;probablement&quot; prendre sa retraite \u00e0 la fin de la saison\" class=\"internal_link\" rel=\"nofollow noopener\" target=\"_blank\">Christopher Froome<\/a> continue d&rsquo;\u00e9cumer les routes du monde, perch\u00e9 sur son v\u00e9lo aux couleurs d&rsquo;Israel-Premier Tech. En marge du Tour de Pologne la semaine derni\u00e8re, le quadruple vainqueur du <a href=\"https:\/\/rmcsport.bfmtv.com\/cyclisme\/tour-de-france\/tour-de-france-pourquoi-la-victoire-de-pauline-ferrand-prevot-a-souleve-des-prises-de-position-sur-le-poids-des-cyclistes_AV-202508150256.html\" title=\"Tour de France: pourquoi la victoire de Pauline Ferrand-Pr\u00e9vot a soulev\u00e9 des prises de position sur le poids des cyclistes\" class=\"internal_link\" rel=\"nofollow noopener\" target=\"_blank\">Tour de France<\/a>, et toujours pas retrait\u00e9, est revenu sur <a href=\"https:\/\/rmcsport.bfmtv.com\/cyclisme\/uci-world-tour\/cyclisme-je-compte-deja-les-annees-avant-ma-retraite-l-aveu-de-pogacar-sur-sa-fin-de-carriere_AV-202508100190.html\" title=\"&quot;Je compte d\u00e9j\u00e0 les ann\u00e9es avant ma retraite&quot;: les confidences de Pogacar sur sa fin de carri\u00e8re\" class=\"internal_link\" rel=\"nofollow noopener\" target=\"_blank\">la fatigue ressentie par Tadej Pogacar<\/a> cet \u00e9t\u00e9 sur la Grande Boucle.<\/p>\n<p>\u00ab\u00a0Le fait est que je compte d\u00e9j\u00e0 les ann\u00e9es jusqu&rsquo;\u00e0 la retraite. J&rsquo;ai commenc\u00e9 \u00e0 gagner t\u00f4t, et il peut y avoir des r\u00e9sultats moins bons, je suis pr\u00eat \u00e0 tout. Je participerai probablement encore \u00e0 quelques Tours, m\u00eame si on ne peut jamais \u00eatre s\u00fbr d&rsquo;y participer\u00a0\u00bb, a indiqu\u00e9 le Slov\u00e8ne au journal l&rsquo;Equipe il y a quelques jours.<\/p>\n<p>\u00ab\u00a0Je dois \u00eatre honn\u00eate, je n&rsquo;ai pas vraiment pr\u00eat\u00e9 attention \u00e0 l&rsquo;apparence de Pogacar, mais je pense qu&rsquo;il \u00e9tait normal qu&rsquo;il ait l&rsquo;air fatigu\u00e9. Il court \u00e0 haut niveau depuis toujours, et plus encore chaque ann\u00e9e. En fait, chaque ann\u00e9e, on lui demande quelque chose de plus\u00a0\u00bb, d\u00e9fend le coureur britannique aupr\u00e8s de <a href=\"https:\/\/bici.pro\/focus\/incontri\/chiacchierata-froome-tifosi-consigli-futuro\/\" target=\"_blank\" class=\"external_link\" rel=\"nofollow noopener\">Bici.pro<\/a>.<\/p>\n<p>\u00ab\u00a0Je me retrouve un peu l\u00e0-dedans\u00a0\u00bb<\/p>\n<p>La fatigue mentale est un sujet que connait bien Christopher Froome. \u00ab\u00a0D&rsquo;une certaine mani\u00e8re, je me retrouve un peu dans le cas de Pogacar. Je me souviens que lorsque j&rsquo;ai remport\u00e9 le Tour de France, la Vuelta et le Giro d&rsquo;Italie d&rsquo;affil\u00e9e entre 2017 et 2018, je suis arriv\u00e9 en France fatigu\u00e9 et \u00e9puis\u00e9, m\u00eame si j&rsquo;\u00e9tais encore en bonne condition physique\u00a0\u00bb, r\u00e9v\u00e8le le coureur d&rsquo;Israel-Premier Tech.<\/p>\n<p>L&rsquo;ancien de la formation Sky (d\u00e9sormais Ineos Grenadiers) comprend les impasses faites par le Slov\u00e8ne, notamment celle <a href=\"https:\/\/rmcsport.bfmtv.com\/cyclisme\/tour-d-espagne\/cyclisme-c-est-officiel-pogacar-zappe-la-vuelta-2025_AV-202507290373.html\" title=\"Cyclisme: c&#039;est officiel, Pogacar zappe la Vuelta 2025\" class=\"internal_link\" rel=\"nofollow noopener\" target=\"_blank\">de ne pas participer \u00e0 la Vuelta<\/a> (du 23 ao\u00fbt au 14 septembre prochain). \u00ab\u00a0\u00c0 ce moment-l\u00e0, on comprend qu&rsquo;il faut commencer \u00e0 dire non \u00e0 quelque chose, ou au moins planifier sa saison diff\u00e9remment\u00a0\u00bb, explique Froome pour Bici.pro. \u00ab\u00a0D&rsquo;apr\u00e8s mon exp\u00e9rience, la seule fa\u00e7on de rester lucide et concentr\u00e9 apr\u00e8s tant d&rsquo;ann\u00e9es de travail syst\u00e9matique, c&rsquo;est la motivation. Avoir de nouveaux stimuli permet de ne pas perdre de vue ses objectifs, mais il ne faut pas se surmener mentalement, car c&rsquo;est tr\u00e8s exigeant et cela complique tout\u00a0\u00bb, conseille le coureur de 40 ans.<\/p>\n<p>Si <a href=\"https:\/\/rmcsport.bfmtv.com\/cyclisme\/tadej-pogacar_DN-202108310499.html\" title=\"Tadej Pogacar\" class=\"internal_link\" rel=\"nofollow noopener\" target=\"_blank\">Tadej Pogacar<\/a> sera absent de la Vuelta, il devrait tout de m\u00eame prendre part aux Championnats d&rsquo;Europe de cyclisme sur route en octobre prochain.<\/p>\n","protected":false},"excerpt":{"rendered":"Alors que Tadej Pogacar a exprim\u00e9 sa fatigue physique et une certaine lassitude apr\u00e8s avoir remport\u00e9 son quatri\u00e8me&hellip;\n","protected":false},"author":2,"featured_media":325900,"comment_status":"","ping_status":"","sticky":false,"template":"","format":"standard","meta":{"footnotes":""},"categories":[1411],"tags":[1154,207,1011,27,60],"class_list":{"0":"post-325899","1":"post","2":"type-post","3":"status-publish","4":"format-standard","5":"has-post-thumbnail","7":"category-cyclisme","8":"tag-cycling","9":"tag-cyclisme","10":"tag-fr","11":"tag-france","12":"tag-sports"},"share_on_mastodon":{"url":"https:\/\/pubeurope.com\/@fr\/115046826814508240","error":""},"_links":{"self":[{"href":"https:\/\/www.europesays.com\/fr\/wp-json\/wp\/v2\/posts\/325899","targetHints":{"allow":["GET"]}}],"collection":[{"href":"https:\/\/www.europesays.com\/fr\/wp-json\/wp\/v2\/posts"}],"about":[{"href":"https:\/\/www.europesays.com\/fr\/wp-json\/wp\/v2\/types\/post"}],"author":[{"embeddable":true,"href":"https:\/\/www.europesays.com\/fr\/wp-json\/wp\/v2\/users\/2"}],"replies":[{"embeddable":true,"href":"https:\/\/www.europesays.com\/fr\/wp-json\/wp\/v2\/comments?post=325899"}],"version-history":[{"count":0,"href":"https:\/\/www.europesays.com\/fr\/wp-json\/wp\/v2\/posts\/325899\/revisions"}],"wp:featuredmedia":[{"embeddable":true,"href":"https:\/\/www.europesays.com\/fr\/wp-json\/wp\/v2\/media\/325900"}],"wp:attachment":[{"href":"https:\/\/www.europesays.com\/fr\/wp-json\/wp\/v2\/media?parent=325899"}],"wp:term":[{"taxonomy":"category","embeddable":true,"href":"https:\/\/www.europesays.com\/fr\/wp-json\/wp\/v2\/categories?post=325899"},{"taxonomy":"post_tag","embeddable":true,"href":"https:\/\/www.europesays.com\/fr\/wp-json\/wp\/v2\/tags?post=325899"}],"curies":[{"name":"wp","href":"https:\/\/api.w.org\/{rel}","templated":true}]}}