{"id":325911,"date":"2025-08-18T00:05:20","date_gmt":"2025-08-18T00:05:20","guid":{"rendered":"https:\/\/www.europesays.com\/fr\/325911\/"},"modified":"2025-08-18T00:05:20","modified_gmt":"2025-08-18T00:05:20","slug":"wind-rose-transforme-le-festival-en-moria","status":"publish","type":"post","link":"https:\/\/www.europesays.com\/fr\/325911\/","title":{"rendered":"Wind Rose transforme le festival en Moria"},"content":{"rendered":"<p><strong>Vers 20h, alors que la nuit commence \u00e0 tomber sur le <a href=\"https:\/\/www.metalzone.fr\/rock-the-lakes\/\" rel=\"nofollow noopener\" target=\"_blank\">Rock The Lakes<\/a> 2025, <a href=\"https:\/\/www.metalzone.fr\/wind-rose\/\" rel=\"nofollow noopener\" target=\"_blank\">Wind Rose<\/a> d\u00e9gaine son \u201cdwarf metal\u201d dans un d\u00e9cor m\u00e9di\u00e9val-fantastique pr\u00eat \u00e0 entrer dans la Moria.<\/strong><\/p>\n<p>Ambiance \u00e9pique et costumes dans l\u2019esprit des nains<\/p>\n<p>Le groupe italien, adepte d\u2019un <a href=\"https:\/\/www.metalzone.fr\/power-metal\/\" rel=\"nofollow noopener\" target=\"_blank\">power metal<\/a> teint\u00e9 de folk et d\u2019univers tolkieniens (d\u2019o\u00f9 le surnom de \u201cdwarven <a href=\"https:\/\/www.metalzone.fr\/heavy-metal\/\" rel=\"nofollow noopener\" target=\"_blank\">metal<\/a>\u201d), attaque avec panache. Une horde de fans, casques de nain et pioches gonflables \u00e0 l\u2019appui, accueille le show avec enthousiasme. Les tenues rappellent Gimli et les compagnons du Seigneur des Anneaux, et si cela peut para\u00eetre ridicule au premier abord, cela instaure une bonne dose de fun et de second degr\u00e9 imm\u00e9diatement communicatif.<\/p>\n<p><img loading=\"lazy\" decoding=\"async\" src=\"https:\/\/www.europesays.com\/fr\/wp-content\/uploads\/2025\/08\/wind_rose_2025-10.jpg\" alt=\"Wind Rose sur sc\u00e8ne en 2025\" width=\"1600\" height=\"900\"  \/><br \/>\n\u00a9 AD\/MetalZone<\/p>\n<p><img loading=\"lazy\" decoding=\"async\" src=\"https:\/\/www.europesays.com\/fr\/wp-content\/uploads\/2025\/08\/wind_rose_2025-2.jpg\" alt=\"Wind Rose sur sc\u00e8ne en 2025\" width=\"1600\" height=\"901\"  \/><br \/>\n\u00a9 AD\/MetalZoneAtmosph\u00e8re festive et chansons f\u00e9d\u00e9ratrices<\/p>\n<p>Musicalement, Wind Rose mise sur une formule o\u00f9 les voix et les samples prennent le devant, pendant que basse, guitare et batterie restent en retrait mais solides. Le mix fait honneur au power metal festif du groupe, en solo ou en ch\u0153urs. Parmi les temps forts, une version endiabl\u00e9e de Diggy Diggy Hole fait rapidement chanter tout le public, manifestement enchant\u00e9 par cette musique d\u00e9lirante.<\/p>\n<p><img loading=\"lazy\" decoding=\"async\" src=\"https:\/\/www.europesays.com\/fr\/wp-content\/uploads\/2025\/08\/wind_rose_2025-12.jpg\" alt=\"Wind Rose sur sc\u00e8ne en 2025\" width=\"1600\" height=\"900\"  \/><br \/>\n\u00a9 AD\/MetalZone<\/p>\n<p><img loading=\"lazy\" decoding=\"async\" src=\"https:\/\/www.europesays.com\/fr\/wp-content\/uploads\/2025\/08\/wind_rose_2025-3.jpg\" alt=\"Wind Rose sur sc\u00e8ne en 2025\" width=\"1600\" height=\"901\"  \/><br \/>\n\u00a9 AD\/MetalZone<\/p>\n<p>Pour couronner le tout, un des musiciens a f\u00eat\u00e9 son anniversaire sur sc\u00e8ne, ajoutant une touche personnelle et encore plus f\u00e9d\u00e9ratrice \u00e0 ce set d\u00e9j\u00e0 haut en couleurs.<\/p>\n<p><img loading=\"lazy\" decoding=\"async\" src=\"https:\/\/www.europesays.com\/fr\/wp-content\/uploads\/2025\/08\/wind_rose_2025-13.jpg\" alt=\"Wind Rose sur sc\u00e8ne en 2025\" width=\"1600\" height=\"899\"  \/><br \/>\n\u00a9 AD\/MetalZone<\/p>\n<p><img loading=\"lazy\" decoding=\"async\" src=\"https:\/\/www.europesays.com\/fr\/wp-content\/uploads\/2025\/08\/rock_the_lakes_2025_ambiance-4.jpg\" alt=\"Wind Rose sur sc\u00e8ne en 2025\" width=\"1600\" height=\"898\"  \/><br \/>\n\u00a9 AD\/MetalZone<\/p>\n<p>En r\u00e9sum\u00e9, Wind Rose a livr\u00e9 un show hors norme au Rock The Lakes 2025 : un m\u00e9lange savamment d\u00e9cal\u00e9 d\u2019humour, d\u2019\u201d\u00e9picness\u201d et d\u2019\u00e9nergie ; de quoi d\u00e9marrer la nuit, au sens litt\u00e9ral, sur une note joyeuse et m\u00e9morable.<\/p>\n","protected":false},"excerpt":{"rendered":"Vers 20h, alors que la nuit commence \u00e0 tomber sur le Rock The Lakes 2025, Wind Rose d\u00e9gaine&hellip;\n","protected":false},"author":2,"featured_media":325912,"comment_status":"","ping_status":"","sticky":false,"template":"","format":"standard","meta":{"footnotes":""},"categories":[1355],"tags":[58,59,1011,27,1361,873],"class_list":{"0":"post-325911","1":"post","2":"type-post","3":"status-publish","4":"format-standard","5":"has-post-thumbnail","7":"category-musique","8":"tag-divertissement","9":"tag-entertainment","10":"tag-fr","11":"tag-france","12":"tag-music","13":"tag-musique"},"share_on_mastodon":{"url":"https:\/\/pubeurope.com\/@fr\/115046850758727532","error":""},"_links":{"self":[{"href":"https:\/\/www.europesays.com\/fr\/wp-json\/wp\/v2\/posts\/325911","targetHints":{"allow":["GET"]}}],"collection":[{"href":"https:\/\/www.europesays.com\/fr\/wp-json\/wp\/v2\/posts"}],"about":[{"href":"https:\/\/www.europesays.com\/fr\/wp-json\/wp\/v2\/types\/post"}],"author":[{"embeddable":true,"href":"https:\/\/www.europesays.com\/fr\/wp-json\/wp\/v2\/users\/2"}],"replies":[{"embeddable":true,"href":"https:\/\/www.europesays.com\/fr\/wp-json\/wp\/v2\/comments?post=325911"}],"version-history":[{"count":0,"href":"https:\/\/www.europesays.com\/fr\/wp-json\/wp\/v2\/posts\/325911\/revisions"}],"wp:featuredmedia":[{"embeddable":true,"href":"https:\/\/www.europesays.com\/fr\/wp-json\/wp\/v2\/media\/325912"}],"wp:attachment":[{"href":"https:\/\/www.europesays.com\/fr\/wp-json\/wp\/v2\/media?parent=325911"}],"wp:term":[{"taxonomy":"category","embeddable":true,"href":"https:\/\/www.europesays.com\/fr\/wp-json\/wp\/v2\/categories?post=325911"},{"taxonomy":"post_tag","embeddable":true,"href":"https:\/\/www.europesays.com\/fr\/wp-json\/wp\/v2\/tags?post=325911"}],"curies":[{"name":"wp","href":"https:\/\/api.w.org\/{rel}","templated":true}]}}