{"id":325913,"date":"2025-08-18T00:06:44","date_gmt":"2025-08-18T00:06:44","guid":{"rendered":"https:\/\/www.europesays.com\/fr\/325913\/"},"modified":"2025-08-18T00:06:44","modified_gmt":"2025-08-18T00:06:44","slug":"rate-il-a-fait-une-croix-sur-son-salaire-mais-na","status":"publish","type":"post","link":"https:\/\/www.europesays.com\/fr\/325913\/","title":{"rendered":"\u00ab\u00a0rat\u00e9\u00a0\u00bb, il a fait une croix sur son salaire\u2026 mais n\u2019a &#8230;"},"content":{"rendered":"<p>EN BREF<\/p>\n<ul class=\"bloc_resume_post_list\">\n<li>Le 13 ao\u00fbt, Kad Merad est \u00e0 l\u00a0\u00bbaffiche de &lsquo;Papamobile&rsquo;,<br \/>\nr\u00e9alis\u00e9 par Sylvain Estibal, sorti dans cinq salles en<br \/>\nFrance.<\/li>\n<li>Le film, une com\u00e9die sur un pape imposteur enlev\u00e9 par un<br \/>\ncartel, est critiqu\u00e9 par ses propres producteurs.<\/li>\n<li>Malgr\u00e9 un accueil mitig\u00e9, &lsquo;Papamobile&rsquo; pourrait conna\u00eetre<br \/>\nune seconde vie gr\u00e2ce \u00e0 Amazon et d&rsquo;autres diffuseurs<br \/>\ninternationaux.<\/li>\n<\/ul>\n<p data-start=\"164\" data-end=\"565\"><strong>Coup dur<\/strong> pour<br \/>\n<a href=\"https:\/\/www.telestar.fr\/culture\/finalement-kad-merad-joue-t-il-vraiment-de-la-trompette-dans-le-film-de-claude-lelouch-1698369\" rel=\"nofollow noopener\" target=\"_blank\"><br \/>\nKad Merad<\/a>. Ce mercredi 13 ao\u00fbt, l\u2019acteur est \u00e0 l\u2019affiche de<br \/>\n<a href=\"https:\/\/www.telestar.fr\/people\/kad-merad-dans-papamobile-un-film-fantome-un-flop-evite-on-tient-lhistoire-de-lete-1734925\" rel=\"nofollow noopener\" target=\"_blank\"><br \/>\nPapamobile<\/a>, un<br \/>\nlong-m\u00e9trage sign\u00e9 Sylvain Estibal. Dans cette <strong>com\u00e9die<br \/>\nd\u00e9cal\u00e9e,<\/strong> il campe un <strong>pape imposteur<\/strong><br \/>\nenlev\u00e9 par un <strong>cartel de drogue<\/strong> au Mexique. Sur le<br \/>\npapier, le pitch avait de quoi intriguer. Mais la<br \/>\n<strong>r\u00e9alit\u00e9<\/strong> est tout autre. Sorti dans seulement<br \/>\n<strong>cinq salles en France,<\/strong> le film semble d\u2019ores et<br \/>\nd\u00e9j\u00e0 <strong>condamn\u00e9<\/strong> \u00e0 l\u2019\u00e9chec.<\/p>\n<p data-start=\"567\" data-end=\"929\">La situation est d\u2019autant plus<br \/>\n<strong>\u00e9tonnante<\/strong> que ce sont les<br \/>\n<strong>producteurs<\/strong> eux-m\u00eames qui ont<br \/>\n<strong>d\u00e9zingu\u00e9<\/strong> le projet avant m\u00eame sa sortie.<br \/>\n\u201c<strong>J\u2019avoue, c\u2019est rat\u00e9, c\u2019est une com\u00e9die pas dr\u00f4le. \u00c7a<br \/>\narrive.<\/strong>\u201d a l\u00e2ch\u00e9 la soci\u00e9t\u00e9 The Jokers, en charge de<br \/>\nla distribution. R\u00e9sultat : <strong>aucun investissement<br \/>\npromotionnel<\/strong> et un long-m\u00e9trage d\u00e9j\u00e0 rel\u00e9gu\u00e9 au rang<br \/>\nd\u2019<strong>accident de parcours.<\/strong><\/p>\n<p>Kad Merad, engag\u00e9\u2026 \u00e0 perte sur le film Papamobile<\/p>\n<p data-start=\"965\" data-end=\"1448\">Pourtant, Kad Merad n\u2019a pas<br \/>\nm\u00e9nag\u00e9 ses <strong>efforts<\/strong> afin de donner vie \u00e0<br \/>\nPapamobile. Selon<br \/>\nSylvain Estibal, l\u2019acteur de 61 ans a m\u00eame accept\u00e9 de<br \/>\n<strong>renoncer \u00e0 son cachet<\/strong>. Il a pr\u00e9f\u00e9r\u00e9 miser sur une<br \/>\n<strong>participation aux recettes<\/strong> pour compenser le<br \/>\nbudget fam\u00e9lique de <strong>1,2 million d\u2019euros.<\/strong> Le<br \/>\n<strong>r\u00e9alisateur<\/strong> et l\u2019actrice principale <strong>Myriam<br \/>\nTeka\u00efa<\/strong> ont \u00e9galement consenti des <strong>sacrifices<br \/>\nfinanciers<\/strong>. Et certains <strong>techniciens<\/strong> ont<br \/>\ntravaill\u00e9 <strong>b\u00e9n\u00e9volement<\/strong> par \u201c<strong>amiti\u00e9 ou<br \/>\nsympathie<\/strong>\u201d pour le projet.<\/p>\n<p data-start=\"1450\" data-end=\"1706\">Un engagement qui rend la<br \/>\nsortie <strong>calamiteuse<\/strong> encore plus<br \/>\n<strong>am\u00e8re<\/strong>. \u201cDommage qu\u2019un <strong>producteur cens\u00e9<br \/>\nd\u00e9fendre ses projets s\u2019exprime ainsi dans la presse le jour de la<br \/>\nsortie.<\/strong>\u201d s\u2019est insurg\u00e9 Sylvain Estibal,<br \/>\n<strong>choqu\u00e9<\/strong> par l\u2019attitude de la soci\u00e9t\u00e9 de<br \/>\ndistribution.<\/p>\n<p>Un avenir incertain, mais pas<br \/>\ntotalement sombre<\/p>\n<p data-start=\"1763\" data-end=\"2130\">Si Papamobile semble vou\u00e9 \u00e0 <strong>dispara\u00eetre<br \/>\ndes \u00e9crans fran\u00e7ais<\/strong>, le film pourrait conna\u00eetre une<br \/>\n<strong>seconde vie<\/strong> ailleurs. <a href=\"https:\/\/www.telestar.fr\/shopping\/vente-flash-amazon-casse-les-prix-avec-72-de-reduction-sur-cet-aspirateur-robot-silencieux-1732772\" rel=\"nofollow noopener\" target=\"_blank\"><br \/>\nAmazon<\/a> a d\u00e9j\u00e0 pr\u00e9-achet\u00e9 les <strong>droits<\/strong> pour une<br \/>\ndiffusion en 2026. <a href=\"https:\/\/www.telestar.fr\/serie-tv\/the-white-lotus-ocs-y-aura-t-il-une-saison-3-807281\" rel=\"nofollow noopener\" target=\"_blank\"><br \/>\nOCS<\/a> et plusieurs salles en <strong>Allemagne<\/strong> et en<br \/>\n<strong>Belgique<\/strong> devraient aussi l\u2019accueillir. Une<br \/>\n<strong>maigre consolation pour Kad Merad<\/strong> dont la carri\u00e8re<br \/>\nmarque le pas depuis quelques ann\u00e9es.<\/p>\n<p data-start=\"2132\" data-end=\"2427\">Apr\u00e8s l\u2019immense succ\u00e8s de<br \/>\n<a href=\"https:\/\/www.telestar.fr\/culture\/bienvenue-chez-les-chtis-quelles-sommes-ont-touche-dany-boon-et-kad-merad-grace-a-ce-film-1686378\" rel=\"nofollow noopener\" target=\"_blank\"><br \/>\nBienvenue chez les<br \/>\nCh\u2019tis<\/a>, l\u2019acteur Kad Merad peine \u00e0 retrouver la<br \/>\n<strong>flamme du box-office<\/strong>. Son dernier film,<br \/>\n100 millions, n\u2019avait<br \/>\ns\u00e9duit que <strong>172 000 spectateurs<\/strong>. Reste \u00e0 savoir si<br \/>\nce r\u00f4le de pape imposteur permettra de redonner un peu d\u2019\u00e9lan,<br \/>\nmalgr\u00e9 tout, \u00e0 sa filmographie.<\/p>\n","protected":false},"excerpt":{"rendered":"EN BREF Le 13 ao\u00fbt, Kad Merad est \u00e0 l\u00a0\u00bbaffiche de &lsquo;Papamobile&rsquo;, r\u00e9alis\u00e9 par Sylvain Estibal, sorti dans&hellip;\n","protected":false},"author":2,"featured_media":325914,"comment_status":"","ping_status":"","sticky":false,"template":"","format":"standard","meta":{"footnotes":""},"categories":[1354],"tags":[548,58,59,1346,1011,27,1360],"class_list":{"0":"post-325913","1":"post","2":"type-post","3":"status-publish","4":"format-standard","5":"has-post-thumbnail","7":"category-films","8":"tag-article-simple","9":"tag-divertissement","10":"tag-entertainment","11":"tag-films","12":"tag-fr","13":"tag-france","14":"tag-movies"},"share_on_mastodon":{"url":"https:\/\/pubeurope.com\/@fr\/115046854687041107","error":""},"_links":{"self":[{"href":"https:\/\/www.europesays.com\/fr\/wp-json\/wp\/v2\/posts\/325913","targetHints":{"allow":["GET"]}}],"collection":[{"href":"https:\/\/www.europesays.com\/fr\/wp-json\/wp\/v2\/posts"}],"about":[{"href":"https:\/\/www.europesays.com\/fr\/wp-json\/wp\/v2\/types\/post"}],"author":[{"embeddable":true,"href":"https:\/\/www.europesays.com\/fr\/wp-json\/wp\/v2\/users\/2"}],"replies":[{"embeddable":true,"href":"https:\/\/www.europesays.com\/fr\/wp-json\/wp\/v2\/comments?post=325913"}],"version-history":[{"count":0,"href":"https:\/\/www.europesays.com\/fr\/wp-json\/wp\/v2\/posts\/325913\/revisions"}],"wp:featuredmedia":[{"embeddable":true,"href":"https:\/\/www.europesays.com\/fr\/wp-json\/wp\/v2\/media\/325914"}],"wp:attachment":[{"href":"https:\/\/www.europesays.com\/fr\/wp-json\/wp\/v2\/media?parent=325913"}],"wp:term":[{"taxonomy":"category","embeddable":true,"href":"https:\/\/www.europesays.com\/fr\/wp-json\/wp\/v2\/categories?post=325913"},{"taxonomy":"post_tag","embeddable":true,"href":"https:\/\/www.europesays.com\/fr\/wp-json\/wp\/v2\/tags?post=325913"}],"curies":[{"name":"wp","href":"https:\/\/api.w.org\/{rel}","templated":true}]}}