{"id":325915,"date":"2025-08-18T00:07:17","date_gmt":"2025-08-18T00:07:17","guid":{"rendered":"https:\/\/www.europesays.com\/fr\/325915\/"},"modified":"2025-08-18T00:07:17","modified_gmt":"2025-08-18T00:07:17","slug":"sante-la-marche-est-comme-un-engrais-pour-nos-neurones","status":"publish","type":"post","link":"https:\/\/www.europesays.com\/fr\/325915\/","title":{"rendered":"Sant\u00e9: la marche est comme un engrais pour nos neurones"},"content":{"rendered":"<p>Le cerveau et la marche \u2013 <\/p>\n<p>La marche est comme un engrais pour nos neurones<\/p>\n<p class=\"ContentHead_lead____SsS link_regular__O0hk0 link_externalicon-big__ZdPgo link_externalicon__qcwXs\">Le neurologue Shane O\u2019Mara explique dans une interview pourquoi les promenades nous rendent plus heureux et plus cr\u00e9atifs, et ce qu\u2019il pense des c\u00e9l\u00e8bres 10\u2019000\u00a0pas par jour.<\/p>\n<p><img loading=\"lazy\" decoding=\"async\" src=\"https:\/\/www.europesays.com\/fr\/wp-content\/uploads\/2025\/08\/9VNTaNXG4In8rqGdrmeNDk.jpg\"  width=\"100\" height=\"100\"  alt=\"Christian Br\u00fcngger\" class=\"AuthorImage_root__WCxj_ ContentMetaInfo_authorimage__Mp4LD AuthorImage_-content-head__3qDob\" style=\"background-color:#828282\"\/>Publi\u00e9: 17.08.2025, 16h06<img decoding=\"async\" loading=\"eager\" fetchpriority=\"high\" src=\"https:\/\/www.europesays.com\/fr\/wp-content\/uploads\/2025\/08\/E9xwTtKNKXw8E0asP5Eq01.jpg\" alt=\"Famille heureuse se promenant dans un champ de fleurs jaunes sous un ciel bleu. Enfant sur les \u00e9paules du p\u00e8re, marchant avec la m\u00e8re dans la campagne printani\u00e8re.\" title=\"Famille heureuse se promenant dans un champ de fleurs jaunes sous un ciel bleu. Enfant sur les \u00e9paules du p\u00e8re, marchant avec la m\u00e8re dans la campagne printani\u00e8re.\" class=\"ResponsiveImage_root__ZDz10 responsive-image\" style=\"background-color:#CCE2DC\"\/><\/p>\n<p>Une promenade fait du bien \u2013 au corps et \u00e0 l\u2019esprit.<\/p>\n<p>Photo: Getty Images<\/p>\n<p>Abonnez-vous d\u00e8s maintenant et profitez de la fonction de lecture audio.<a href=\"https:\/\/bottalk.io\/\" class=\"BottalkPaywall_bottalklink__KDtuf\" target=\"_blank\" rel=\"noreferrer nofollow noopener\">BotTalk<\/a><\/p>\n<p class=\"ArticleParagraph_root__lhFZo ArticleContainer_content-width__FRl7F link_focus__0ZMwx link_externalicon-big__ZdPgo link_externalicon__qcwXs ArticleElement_article-element__q93eL\">Shane O\u2019Mara n\u2019a pas besoin de temps d\u2019\u00e9chauffement. Car la question de savoir pourquoi la marche nous fait tant de bien, l\u2019Irlandais la conna\u00eet bien: il s\u2019en occupe en tant que <a href=\"https:\/\/www.tcd.ie\/research\/profiles\/?profile=smomara\" class=\"HtmlText_root__A1OSq\" target=\"_blank\" rel=\"noopener noreferrer nofollow\">professeur au Trinity College de l\u2019Universit\u00e9 de Dublin<\/a>. Il a mis son savoir acad\u00e9mique \u00e0 la disposition d\u2019un large public dans le best-seller \u00ab<a href=\"https:\/\/www.lisonlescarbeaueditrice.com\/produit\/le-superpouvoir-de-la-marche-la-science-et-les-bienfaits-de-la-marche-sur-le-corps-et-lesprit\/\" class=\"HtmlText_root__A1OSq\" target=\"_blank\" rel=\"noopener noreferrer nofollow\">Le superpouvoir de la marche<\/a>\u00bb. Ceux qui s\u2019int\u00e9ressent \u00e0 la marche ont plus de chances de lui parler t\u00f4t que tard, notamment parce qu\u2019O\u2019Mara a un regard souvent surprenant sur un sujet populaire.<\/p>\n<p class=\"InterviewSegment_interviewquestion__rTtth\">Shane O\u2019Mara, vous vous d\u00e9placez beaucoup \u00e0 pied?<\/p>\n<p class=\"InterviewSegment_interviewanswer__PjyL_\">Bien s\u00fbr! Je surveille m\u00eame mes pas quotidiens avec mon smartphone. Car nous, les humains, surestimons constamment nos performances, le cerveau peut \u00eatre trompeur. (rires) Mon objectif est d\u2019atteindre les proverbiaux 10\u2019000\u00a0pas par jour. Ce n\u2019est toutefois pas un objectif bas\u00e9 sur des \u00e9valuations scientifiques, mais c\u2019est un objectif qui est utile pour plusieurs raisons.<\/p>\n<p class=\"InterviewSegment_interviewquestion__rTtth\">Lesquelles?<\/p>\n<p class=\"InterviewSegment_interviewanswer__PjyL_\">Je peux facilement m\u2019en souvenir, et ces 10\u2019000\u00a0pas sont clairement au-dessus du chiffre qui, selon les \u00e9tudes, r\u00e9duit massivement le risque de mortalit\u00e9. Cet effet commence \u00e0 se manifester \u00e0 partir de 5000 \u00e0 7500\u00a0pas par jour, parfois m\u00eame moins. Il existe une \u00e9tude tr\u00e8s c\u00e9l\u00e8bre \u00e0 ce sujet, puis-je vous en parler?<\/p>\n<p class=\"InterviewSegment_interviewquestion__rTtth\">Avec plaisir.<\/p>\n<p class=\"InterviewSegment_interviewanswer__PjyL_\">Elle vient de Grande-Bretagne et s\u2019int\u00e9resse aux <a href=\"https:\/\/www.sciencedirect.com\/science\/article\/abs\/pii\/S0140673653914950\" class=\"HtmlText_root__A1OSq\" target=\"_blank\" rel=\"noopener noreferrer nofollow\">contr\u00f4leurs et aux conducteurs de bus des ann\u00e9es\u00a050.<\/a> Les chauffeurs de bus \u00e9taient assis toute la journ\u00e9e, tandis que les contr\u00f4leurs devaient marcher toute la journ\u00e9e pour contr\u00f4ler les billets. Tous deux exer\u00e7aient donc une activit\u00e9 de transport, mais un groupe \u00e9tait actif, l\u2019autre non. Cela a eu un impact massif sur leur sant\u00e9 cardiaque, celle des contr\u00f4leurs \u00e9tant bien meilleure.<\/p>\n<p><img decoding=\"async\" loading=\"lazy\" src=\"https:\/\/www.europesays.com\/fr\/wp-content\/uploads\/2025\/08\/3WT5VmpvKL58iTgr-_71I5.jpg\" alt=\"Shane O\u2019Mara \u00e0 Dublin, dans un parc, portant une veste bleue et un polo rose, expliquant les bienfaits de la marche pour le cerveau.\" title=\"Shane O\u2019Mara \u00e0 Dublin, dans un parc, portant une veste bleue et un polo rose, expliquant les bienfaits de la marche pour le cerveau.\" class=\"ResponsiveImage_root__ZDz10 responsive-image\" style=\"background-color:#585F48\"\/><\/p>\n<p>Shane O\u2019Mara: \u00abM\u00eame ceux qui n\u2019aiment pas marcher sont r\u00e9compens\u00e9s lorsqu\u2019ils marchent.\u00bb<\/p>\n<p>Photo: Dukas\/Eyevine<\/p>\n<p class=\"InterviewSegment_interviewquestion__rTtth\">Vous n\u2019aimez donc pas trop la position assise?<\/p>\n<p class=\"InterviewSegment_interviewanswer__PjyL_\">Non, ce n\u2019est pas si simple. Nous ne sommes pas faits pour bouger tout le temps. Il est donc important de trouver l\u2019\u00e9quilibre id\u00e9al. Mais si la marche d\u00e9clenche en nous de nombreux processus, ce n\u2019est pas le cas de la position assise.<\/p>\n<p class=\"InterviewSegment_interviewquestion__rTtth\">Quels sont ces processus?<\/p>\n<p class=\"InterviewSegment_interviewanswer__PjyL_\">Supposons qu\u2019apr\u00e8s cette conversation, vous d\u00e9cidiez d\u2019aller prendre un caf\u00e9 dans votre take-away pr\u00e9f\u00e9r\u00e9. Cette intention est l\u2019\u00e9tape\u00a01. \u00c9tape\u00a02: sans trop y penser, vous avez d\u00e9j\u00e0 une image en t\u00eate, une carte mentale de l\u2019endroit o\u00f9 se trouve le magasin que vous voulez visiter. Vous devez donc, par la d\u00e9cision de marcher, activer toute une s\u00e9rie de syst\u00e8mes c\u00e9r\u00e9braux qui vous disent ce qui est faux ou juste, etc. Ensuite, vous devez vous mettre au d\u00e9fi, \u00e0 savoir vous lever. La position debout est une position instable pour nous, les humains. Le corps travaille dur lorsque nous sommes debout pour nous maintenir stables. Ensuite, lorsque vous marchez r\u00e9ellement, une partie de votre cerveau contr\u00f4le vos pieds et vos jambes, une autre cr\u00e9e cette carte cognitive du monde. Cela devient encore plus fascinant.<\/p>\n<p class=\"InterviewSegment_interviewquestion__rTtth\">De quelle mani\u00e8re?<\/p>\n<p class=\"InterviewSegment_interviewanswer__PjyL_\">Les scientifiques ont d\u00e9couvert que lorsque les muscles sont actifs, ils produisent des mol\u00e9cules sp\u00e9ciales appel\u00e9es myokines. Ces mol\u00e9cules aident \u00e0 r\u00e9parer les dommages dans tout le corps ou \u00e0 att\u00e9nuer les inflammations. Nous savons \u00e9galement aujourd\u2019hui que dans le cerveau, une certaine mol\u00e9cule appel\u00e9e BDNF agit comme un engrais pour nos cellules c\u00e9r\u00e9brales. Mais elle n\u2019est produite que lorsque nous bougeons. Il faut donc de l\u2019activit\u00e9 pour qu\u2019elle soit produite.<\/p>\n<p class=\"InterviewSegment_interviewquestion__rTtth\">Cela nous am\u00e8ne \u00e0 votre livre, et donc \u00e0 l\u2019hydrocotyle, n\u2019est-ce pas?<\/p>\n<p class=\"InterviewSegment_interviewanswer__PjyL_\">Ah, les ascidies, un animal marin \u00ab\u00e0 tunique\u00bb: \u00e0 un stade pr\u00e9coce, il se colle \u00e0 un rocher, devient immobile. Et que se passe-t-il? Il mange son propre cerveau, car il n\u2019en a plus besoin. Ce que je veux dire, c\u2019est que nos corps et nos cerveaux ont \u00e9t\u00e9 cr\u00e9\u00e9s et fa\u00e7onn\u00e9s par l\u2019\u00e9volution pour le mouvement. Les priver de mouvement n\u2019est pas une bonne id\u00e9e. C\u2019est pourquoi j\u2019adresse ici un bon message \u00e0 tous ceux qui n\u2019aiment pas la marche, voire qui la d\u00e9testent.<\/p>\n<p><img decoding=\"async\" loading=\"lazy\" src=\"https:\/\/www.europesays.com\/fr\/wp-content\/uploads\/2025\/08\/4TkW2d_haB896pOMgNQF5s.jpg\" alt=\"Gros plan sous-marin de salpiques bleus attach\u00e9s \u00e0 un r\u00e9cif corallien, montrant leurs structures tubulaires translucides.\" title=\"Gros plan sous-marin de salpiques bleus attach\u00e9s \u00e0 un r\u00e9cif corallien, montrant leurs structures tubulaires translucides.\" class=\"ResponsiveImage_root__ZDz10 responsive-image\" style=\"background-color:#5F6A3B\"\/><\/p>\n<p>N\u2019a pas besoin de cerveau: la la\u00eeche.<\/p>\n<p>Photo: Getty Images<\/p>\n<p class=\"InterviewSegment_interviewquestion__rTtth\">S\u2019il vous pla\u00eet.<\/p>\n<p class=\"InterviewSegment_interviewanswer__PjyL_\">M\u00eame ceux qui n\u2019aiment pas marcher sont r\u00e9compens\u00e9s lorsqu\u2019ils marchent. Des \u00e9tudes montrent que les gens se sentent mieux apr\u00e8s une courte promenade, ind\u00e9pendamment de ce qu\u2019ils pensent de la marche. C\u2019est pourquoi l\u2019exercice physique et la marche sont souvent utilis\u00e9s pour les personnes souffrant de d\u00e9pression l\u00e9g\u00e8re. Elle peut am\u00e9liorer l\u2019humeur et m\u00eame avoir un effet prophylactique. Et la marche am\u00e9liore les performances de la m\u00e9moire.<\/p>\n<p class=\"InterviewSegment_interviewquestion__rTtth\">Les enfants devraient faire une petite promenade avant un examen?<\/p>\n<p class=\"InterviewSegment_interviewanswer__PjyL_\">Absolument. On dit souvent: \u00abApprends tranquillement sur ta chaise, c\u2019est la meilleure m\u00e9thode\u00bb, mais c\u2019est faux! En bougeant r\u00e9guli\u00e8rement tout au long de la journ\u00e9e, on augmente sa capacit\u00e9 de concentration, son humeur et sa m\u00e9moire. Les enfants et les \u00e9tudiants devraient donc avoir plus de pauses au lieu de moins. Car le temps pass\u00e9 en dehors des t\u00e2ches est tout aussi important pour l\u2019apprentissage ou la r\u00e9solution de probl\u00e8mes que le temps pass\u00e9 sur la t\u00e2che. C\u2019est pourquoi je ne suis vraiment pas fan des salles de classe strictement r\u00e9glement\u00e9es. C\u2019est justement en l\u00e2chant prise que l\u2019on a souvent ces moments d\u2019ahurissement: en prenant une douche ou en marchant, on peut laisser libre cours \u00e0 ses pens\u00e9es.<\/p>\n<p class=\"InterviewSegment_interviewquestion__rTtth\">C\u2019est pourquoi vous mentionnez les Grecs anciens dans le livre.<\/p>\n<p class=\"InterviewSegment_interviewanswer__PjyL_\">Aristote et ses \u00e9l\u00e8ves marchaient et parlaient, ils formaient donc leurs pens\u00e9es en se d\u00e9pla\u00e7ant. Bien s\u00fbr, c\u2019est difficile avec beaucoup d\u2019\u00e9l\u00e8ves, ne serait-ce que pour des raisons pratiques. Mais l\u2019apprentissage en mouvement est quasiment absent de nos \u00e9coles.<\/p>\n<p class=\"InterviewSegment_interviewquestion__rTtth\">Devrions-nous aussi organiser des r\u00e9unions d\u2019affaires en marchant?<\/p>\n<p class=\"InterviewSegment_interviewanswer__PjyL_\">Oui. Il est plus facile de r\u00e9soudre des probl\u00e8mes commerciaux difficiles en marchant que lorsque les m\u00eames personnes travaillent ensemble sur un probl\u00e8me autour d\u2019une table.<\/p>\n<p class=\"InterviewSegment_interviewquestion__rTtth\">Des \u00e9crivains ont \u00e9galement utilis\u00e9 ou utilisent la marche pour des id\u00e9es cr\u00e9atives, comme Charles Dickens ou Mark Twain.<\/p>\n<p class=\"InterviewSegment_interviewanswer__PjyL_\">Les id\u00e9es qui bouillonnent juste en dessous du niveau de conscience sont pouss\u00e9es vers la conscience lorsque l\u2019on se d\u00e9place dans le monde. On donne au cerveau l\u2019espace pour vagabonder, ce que l\u2019on ne fait justement pas en r\u00e9fl\u00e9chissant consciemment. Il est d\u2019ailleurs prouv\u00e9 que nous retenons mieux les choses apr\u00e8s avoir march\u00e9.<\/p>\n<p class=\"InterviewSegment_interviewquestion__rTtth\">Comment?<\/p>\n<p class=\"InterviewSegment_interviewanswer__PjyL_\">Le test suivant a \u00e9t\u00e9 r\u00e9alis\u00e9: des objets ont \u00e9t\u00e9 pr\u00e9sent\u00e9s \u00e0 des personnes: un t\u00e9l\u00e9phone, un stylo, un couteau, etc. Ils devaient ensuite trouver autant d\u2019utilisations possibles pour ces objets en une ou deux minutes. Si l\u2019on compare les performances des personnes qui ont accompli cette t\u00e2che apr\u00e8s avoir march\u00e9 pendant une courte p\u00e9riode avec celles des personnes assises, on constate que celles qui ont march\u00e9 avant ont eu en moyenne deux fois plus d\u2019id\u00e9es que les personnes assises.<\/p>\n<p class=\"InterviewSegment_interviewquestion__rTtth\">Vous avez donc un conseil \u00e0 donner?<\/p>\n<p class=\"InterviewSegment_interviewanswer__PjyL_\">Si vous \u00eates occup\u00e9s \u00e0 r\u00e9soudre un probl\u00e8me de mani\u00e8re cr\u00e9ative, que ce soit en \u00e9crivant un texte ou en essayant de cr\u00e9er une nouvelle formule dans Excel, ne vous frappez pas la t\u00eate sur le clavier. Levez-vous, allez faire une marche. Cette activit\u00e9 stimule votre cerveau et booste votre cr\u00e9ativit\u00e9. Une simple marche peut am\u00e9liorer votre sant\u00e9 et vous aider \u00e0 r\u00e9soudre les probl\u00e8mes plus efficacement.<\/p>\n<p class=\"DynamicTeaser_boxtitle__B6piN\">Davantage sur la marche et l\u2019activit\u00e9 physique<\/p>\n<p><strong>Christian Br\u00fcngger <\/strong>est journaliste. Il a rejoint la rubrique sportive \u00e0 l&rsquo;\u00e2ge de 23 ans, a longtemps voyag\u00e9 \u00e0 travers le monde (du sport) et, apr\u00e8s la naissance de son premier gar\u00e7on, est de plus en plus souvent assis sur sa chaise de bureau. Il aime \u00e9crire \u00e0 la fronti\u00e8re entre le sport et la soci\u00e9t\u00e9. A \u00e9tudi\u00e9 l&rsquo;histoire et les sciences cin\u00e9matographiques \u00e0 Zurich.<a class=\"ArticleAuthorBio_moreinfo__cqyvz link_underlinelink__K5Zr0\" rel=\"author nofollow noopener\" href=\"https:\/\/www.24heures.ch\/author\/34807093\/christian-brungger\" target=\"_blank\">Plus d&rsquo;infos<\/a><\/p>\n<p class=\"Feedback_root__fr_Mi ArticleContainer_content-width__FRl7F\">Vous avez trouv\u00e9 une erreur?<a href=\"mailto:tes_correction@tamedia.ch?subject=Avis%20d'erreur%20%7C%20Christian%20Br%C3%BCngger%20%7C%20La%20marche%20est%20comme%20un%20engrais%20pour%20nos%20neurones&amp;body=J'ai%20trouv%C3%A9%20une%20erreur%20dans%20cet%20article%3A%20https%3A%2F%2Fwww.24heures.ch%2Fsante-la-marche-est-comme-un-engrais-pour-nos-neurones-925128171964\" class=\"Feedback_feedbacklink__VyDCi link_underlinelink__K5Zr0\">Merci de nous la signaler.<\/a><\/p>\n<p>19 commentaires<\/p>\n","protected":false},"excerpt":{"rendered":"Le cerveau et la marche \u2013 La marche est comme un engrais pour nos neurones Le neurologue Shane&hellip;\n","protected":false},"author":2,"featured_media":325916,"comment_status":"","ping_status":"","sticky":false,"template":"","format":"standard","meta":{"footnotes":""},"categories":[10],"tags":[1011,27,72,71,2300,46291],"class_list":{"0":"post-325915","1":"post","2":"type-post","3":"status-publish","4":"format-standard","5":"has-post-thumbnail","7":"category-sante","8":"tag-fr","9":"tag-france","10":"tag-health","11":"tag-sante","12":"tag-stats-seo","13":"tag-stats-seo-evergreens"},"share_on_mastodon":{"url":"https:\/\/pubeurope.com\/@fr\/115046858482799598","error":""},"_links":{"self":[{"href":"https:\/\/www.europesays.com\/fr\/wp-json\/wp\/v2\/posts\/325915","targetHints":{"allow":["GET"]}}],"collection":[{"href":"https:\/\/www.europesays.com\/fr\/wp-json\/wp\/v2\/posts"}],"about":[{"href":"https:\/\/www.europesays.com\/fr\/wp-json\/wp\/v2\/types\/post"}],"author":[{"embeddable":true,"href":"https:\/\/www.europesays.com\/fr\/wp-json\/wp\/v2\/users\/2"}],"replies":[{"embeddable":true,"href":"https:\/\/www.europesays.com\/fr\/wp-json\/wp\/v2\/comments?post=325915"}],"version-history":[{"count":0,"href":"https:\/\/www.europesays.com\/fr\/wp-json\/wp\/v2\/posts\/325915\/revisions"}],"wp:featuredmedia":[{"embeddable":true,"href":"https:\/\/www.europesays.com\/fr\/wp-json\/wp\/v2\/media\/325916"}],"wp:attachment":[{"href":"https:\/\/www.europesays.com\/fr\/wp-json\/wp\/v2\/media?parent=325915"}],"wp:term":[{"taxonomy":"category","embeddable":true,"href":"https:\/\/www.europesays.com\/fr\/wp-json\/wp\/v2\/categories?post=325915"},{"taxonomy":"post_tag","embeddable":true,"href":"https:\/\/www.europesays.com\/fr\/wp-json\/wp\/v2\/tags?post=325915"}],"curies":[{"name":"wp","href":"https:\/\/api.w.org\/{rel}","templated":true}]}}