{"id":325925,"date":"2025-08-18T00:12:12","date_gmt":"2025-08-18T00:12:12","guid":{"rendered":"https:\/\/www.europesays.com\/fr\/325925\/"},"modified":"2025-08-18T00:12:12","modified_gmt":"2025-08-18T00:12:12","slug":"a-anchorage-lascendant-de-vladimir-poutine-face-au-bateau-ivre-de-la-diplomatie-americaine","status":"publish","type":"post","link":"https:\/\/www.europesays.com\/fr\/325925\/","title":{"rendered":"\u00c0 Anchorage, l\u2019ascendant de Vladimir Poutine face au bateau ivre de la diplomatie am\u00e9ricaine"},"content":{"rendered":"<p><strong>ANALYSE <\/strong>&#8211; Comme l\u2019a d\u00e9montr\u00e9 avec \u00e9clat le sommet avec son homologue russe, Donald Trump semble incapable d\u2019imprimer dans le dossier ukrainien le rapport de force qu\u2019il a privil\u00e9gi\u00e9 ailleurs.<\/p>\n<p class=\"fig-paragraph\">Lors de sa prise de fonction en janvier dernier,\u00a0<a href=\"http:\/\/www.lefigaro.fr\/secteur\/high-tech\/la-valeur-du-bitcoin-repose-sur-du-vent-cette-industrie-est-une-arnaque-de-l-hostilite-assumee-a-l-interet-bien-compris-20250817\" data-fig-type=\"Article\" data-gtm-custom-categorie=\"navigation\" data-gtm-custom-action=\"crossclick\" data-gtm-custom-label=\"Contextuel\" data-gtm-event=\"customEventSPE\" data-fig-domain=\"LEFIGARO\" target=\"_blank\" rel=\"noopener\">Donald Trump<\/a>\u00a0s\u2019\u00e9tait r\u00eav\u00e9 en faiseur de paix et champion d\u2019une Am\u00e9rique retrouvant sa grandeur dans un monde vou\u00e9 au commerce. Depuis, en moins de six mois, il s\u2019est fait le m\u00e9diateur de conflits anciens, dont certains avaient pourtant r\u00e9sist\u00e9 aux plus chevronn\u00e9s des diplomates comme celui opposant l\u2019Azerba\u00efdjan et l\u2019Arm\u00e9nie. Sur un mode plus guerrier, Trump a aussi montr\u00e9 qu\u2019il \u00e9tait pr\u00eat \u00e0 l\u2019emploi de la force pour faire respecter la non-prolif\u00e9ration nucl\u00e9aire, en allant bombarder\u00a0<a href=\"http:\/\/www.lefigaro.fr\/international\/l-iran-dit-travailler-avec-pekin-et-moscou-pour-empecher-des-sanctions-europeennes-20250814\" data-fig-type=\"NewsFlash\" data-gtm-custom-categorie=\"navigation\" data-gtm-custom-action=\"crossclick\" data-gtm-custom-label=\"Contextuel\" data-gtm-event=\"customEventSPE\" data-fig-domain=\"LEFIGARO\" target=\"_blank\" rel=\"noopener\">l\u2019Iran<\/a>.<\/p>\n<p class=\"fig-paragraph\">Mais un iceberg colossal est devant lui. Celui de la guerre d\u2019agression que m\u00e8ne Poutine en Ukraine, et plus largement du r\u00e9visionnisme imp\u00e9rial russe. Comme l\u2019a montr\u00e9 avec \u00e9clat le<a href=\"http:\/\/www.lefigaro.fr\/international\/vladimir-poutine-et-son-camp-estiment-avoir-trace-a-anchorage-le-chemin-vers-la-paix-20250817\" data-fig-type=\"Article\" data-gtm-custom-categorie=\"navigation\" data-gtm-custom-action=\"crossclick\" data-gtm-custom-label=\"Contextuel\" data-gtm-event=\"customEventSPE\" data-fig-domain=\"LEFIGARO\" target=\"_blank\" rel=\"noopener\">\u00a0sommet d\u2019Anchorage<\/a>, le pr\u00e9sident am\u00e9ricain ne donne, h\u00e9las, nullement l\u2019impression d\u2019\u00eatre capable d\u2019exercer sur ce sujet le rapport de force qu\u2019il a privil\u00e9gi\u00e9 ailleurs. Comme si la Russie et son tsar tch\u00e9kiste l\u2019impressionnaient \u00e0 tel point qu\u2019il en perdait son jugement.<\/p>\n<p class=\"fig-premium-paywall__infos\">\n        Cet article est r\u00e9serv\u00e9 aux abonn\u00e9s.        Il vous reste 92% \u00e0 d\u00e9couvrir.\n    <\/p>\n<p>                <img  data- alt=\"Le Figaro\" class=\"fig-img--complete fig-img\"\/><\/p>\n<p class=\"fig-premium-paywall__title\">Vente Flash<\/p>\n<p class=\"fig-premium-paywall__subtitle\">4,99\u20ac par mois pendant 12 mois. Sans engagement<\/p>\n<p class=\"fig-premium-paywall__connect\">\n                D\u00e9j\u00e0 abonn\u00e9\u00a0?                <a class=\"fig-premium-paywall__connect-link\" href=\"https:\/\/connect.lefigaro.fr\/login?client=horizon_web&amp;type=main&amp;redirect_uri=https%3A%2F%2Fwww.lefigaro.fr%2Finternational%2Fa-anchorage-l-ascendant-de-vladimir-poutine-face-au-bateau-ivre-de-la-diplomatie-americaine-20250817\" data-js-gtm=\"{&quot;customCategorie&quot;: &quot;conversion&quot;, &quot;customAction&quot;: &quot;before_Landing_Connexion_paywall_auto&quot;, &quot;customLabel&quot;: &quot;bGVmaWdhcm8uZnJfXzFmMDdiODBhLTViZDgtNmUzNC05ZWM0LTYzOGVjNzIzZGZlOF9fQXJ0aWNsZQ==_\u00c0 Anchorage, l\u2019ascendant de Vladimir Poutine face au bateau ivre de la diplomatie am\u00e9ricaine_455&quot;, &quot;customIDSPE&quot;: &quot;bGVmaWdhcm8uZnJfXzFmMDdiODBhLTViZDgtNmUzNC05ZWM0LTYzOGVjNzIzZGZlOF9fQXJ0aWNsZQ==&quot;, &quot;event&quot;: &quot;customEventSPE&quot;}\" target=\"_blank\" rel=\"noopener\"><br \/>\n                    Connectez-vous<br \/>\n                <\/a>\n            <\/p>\n","protected":false},"excerpt":{"rendered":"ANALYSE &#8211; Comme l\u2019a d\u00e9montr\u00e9 avec \u00e9clat le sommet avec son homologue russe, Donald Trump semble incapable d\u2019imprimer&hellip;\n","protected":false},"author":2,"featured_media":325926,"comment_status":"","ping_status":"","sticky":false,"template":"","format":"standard","meta":{"footnotes":""},"categories":[5],"tags":[11,75,1011,27,14,12,220,135,28],"class_list":{"0":"post-325925","1":"post","2":"type-post","3":"status-publish","4":"format-standard","5":"has-post-thumbnail","7":"category-international","8":"tag-actualites","9":"tag-donald-trump","10":"tag-fr","11":"tag-france","12":"tag-international","13":"tag-news","14":"tag-ukraine","15":"tag-vladimir-poutine","16":"tag-world"},"share_on_mastodon":{"url":"https:\/\/pubeurope.com\/@fr\/115046877990242536","error":""},"_links":{"self":[{"href":"https:\/\/www.europesays.com\/fr\/wp-json\/wp\/v2\/posts\/325925","targetHints":{"allow":["GET"]}}],"collection":[{"href":"https:\/\/www.europesays.com\/fr\/wp-json\/wp\/v2\/posts"}],"about":[{"href":"https:\/\/www.europesays.com\/fr\/wp-json\/wp\/v2\/types\/post"}],"author":[{"embeddable":true,"href":"https:\/\/www.europesays.com\/fr\/wp-json\/wp\/v2\/users\/2"}],"replies":[{"embeddable":true,"href":"https:\/\/www.europesays.com\/fr\/wp-json\/wp\/v2\/comments?post=325925"}],"version-history":[{"count":0,"href":"https:\/\/www.europesays.com\/fr\/wp-json\/wp\/v2\/posts\/325925\/revisions"}],"wp:featuredmedia":[{"embeddable":true,"href":"https:\/\/www.europesays.com\/fr\/wp-json\/wp\/v2\/media\/325926"}],"wp:attachment":[{"href":"https:\/\/www.europesays.com\/fr\/wp-json\/wp\/v2\/media?parent=325925"}],"wp:term":[{"taxonomy":"category","embeddable":true,"href":"https:\/\/www.europesays.com\/fr\/wp-json\/wp\/v2\/categories?post=325925"},{"taxonomy":"post_tag","embeddable":true,"href":"https:\/\/www.europesays.com\/fr\/wp-json\/wp\/v2\/tags?post=325925"}],"curies":[{"name":"wp","href":"https:\/\/api.w.org\/{rel}","templated":true}]}}