{"id":325931,"date":"2025-08-18T00:16:13","date_gmt":"2025-08-18T00:16:13","guid":{"rendered":"https:\/\/www.europesays.com\/fr\/325931\/"},"modified":"2025-08-18T00:16:13","modified_gmt":"2025-08-18T00:16:13","slug":"surpris-par-lalarme-le-voleur-se-cache-sous-le-lit","status":"publish","type":"post","link":"https:\/\/www.europesays.com\/fr\/325931\/","title":{"rendered":"surpris par l&rsquo;alarme, le voleur se cache sous le lit"},"content":{"rendered":"\n<p>Ce st\u00e9phanois \u00e9tait en vacances dans le sud de la France quand il a re\u00e7u une alerte sur son t\u00e9l\u00e9phone, dimanche 10 ao\u00fbt. L&rsquo;alarme anti-intrusion de sa maison venait de se d\u00e9clencher. Arriv\u00e9s rapidement sur place, les policiers remarquent vite le voleur : il s&rsquo;\u00e9tait cach\u00e9 sous le lit.\u00a0 Interpell\u00e9, il a \u00e9t\u00e9 jug\u00e9 le lendemain, lundi 11 ao\u00fbt. Selon <a href=\"https:\/\/c.leprogres.fr\/faits-divers-justice\/2025\/08\/11\/l-alarme-se-declenche-la-police-trouve-le-voleur-cache-sous-le-lit\" rel=\"noopener\" target=\"_blank\">le Progr\u00e8s<\/a>, il \u00e9cope de six mois de prison en semi-libert\u00e9 et d&rsquo;une obligation de quitter le territoire.<\/p>\n","protected":false},"excerpt":{"rendered":"Ce st\u00e9phanois \u00e9tait en vacances dans le sud de la France quand il a re\u00e7u une alerte sur&hellip;\n","protected":false},"author":2,"featured_media":202675,"comment_status":"","ping_status":"","sticky":false,"template":"","format":"standard","meta":{"footnotes":""},"categories":[9653],"tags":[1111,11,2430,1777,674,1011,27,11272,303,12,1072,806,25,4001,1175,10912],"class_list":{"0":"post-325931","1":"post","2":"type-post","3":"status-publish","4":"format-standard","5":"has-post-thumbnail","7":"category-saint-etienne","8":"tag-actu","9":"tag-actualites","10":"tag-auvergne-rhone-alpes","11":"tag-eu","12":"tag-europe","13":"tag-fr","14":"tag-france","15":"tag-interpellation","16":"tag-justice","17":"tag-news","18":"tag-police","19":"tag-prison","20":"tag-republique-francaise","21":"tag-saint-etienne","22":"tag-vol","23":"tag-voleur"},"share_on_mastodon":{"url":"https:\/\/pubeurope.com\/@fr\/115046893738756329","error":""},"_links":{"self":[{"href":"https:\/\/www.europesays.com\/fr\/wp-json\/wp\/v2\/posts\/325931","targetHints":{"allow":["GET"]}}],"collection":[{"href":"https:\/\/www.europesays.com\/fr\/wp-json\/wp\/v2\/posts"}],"about":[{"href":"https:\/\/www.europesays.com\/fr\/wp-json\/wp\/v2\/types\/post"}],"author":[{"embeddable":true,"href":"https:\/\/www.europesays.com\/fr\/wp-json\/wp\/v2\/users\/2"}],"replies":[{"embeddable":true,"href":"https:\/\/www.europesays.com\/fr\/wp-json\/wp\/v2\/comments?post=325931"}],"version-history":[{"count":0,"href":"https:\/\/www.europesays.com\/fr\/wp-json\/wp\/v2\/posts\/325931\/revisions"}],"wp:featuredmedia":[{"embeddable":true,"href":"https:\/\/www.europesays.com\/fr\/wp-json\/wp\/v2\/media\/202675"}],"wp:attachment":[{"href":"https:\/\/www.europesays.com\/fr\/wp-json\/wp\/v2\/media?parent=325931"}],"wp:term":[{"taxonomy":"category","embeddable":true,"href":"https:\/\/www.europesays.com\/fr\/wp-json\/wp\/v2\/categories?post=325931"},{"taxonomy":"post_tag","embeddable":true,"href":"https:\/\/www.europesays.com\/fr\/wp-json\/wp\/v2\/tags?post=325931"}],"curies":[{"name":"wp","href":"https:\/\/api.w.org\/{rel}","templated":true}]}}