{"id":325938,"date":"2025-08-18T00:31:35","date_gmt":"2025-08-18T00:31:35","guid":{"rendered":"https:\/\/www.europesays.com\/fr\/325938\/"},"modified":"2025-08-18T00:31:35","modified_gmt":"2025-08-18T00:31:35","slug":"insolite-un-influenceur-retrouve-un-bus-mtag-a-une-heure-de-casablanca","status":"publish","type":"post","link":"https:\/\/www.europesays.com\/fr\/325938\/","title":{"rendered":"Insolite. Un influenceur retrouve un bus M&rsquo;Tag&#8230;\u00e0 une heure de Casablanca"},"content":{"rendered":"<p>C&rsquo;est une situation insolite : sur le r\u00e9seau social TikTok, un influenceur est tout \u00e0 sa joie d&rsquo;avoir trouv\u00e9 un bus du r\u00e9seau de transports en commun M&rsquo;Tag du Smmag (Syndicat mixte des mobilit\u00e9s de l&rsquo;aire grenobloise) dans une petite ville du Maroc. Mohamed\u00a0Tifaki (@mohamedtifaki38), suivi par 44 000 followers, s&rsquo;est fim\u00e9 ce mardi 12 ao\u00fbt \u00e0 Al-Gara, \u00e0 une heure de route de Casablanca, explique-t-il.\u00a0<\/p>\n<p>Ce contenu est bloqu\u00e9 car vous n&rsquo;avez pas accept\u00e9 les cookies et autres traceurs.<\/p>\n<p>En cliquant sur \u00ab J\u2019accepte \u00bb, les cookies et autres traceurs seront d\u00e9pos\u00e9s et vous pourrez visualiser les contenus  (<a href=\"\" class=\"consentModule_policy\" target=\"_blank\" title=\"Consulter la politique de protection des donn\u00e9es du fournisseur\">plus d&rsquo;informations<\/a>).<\/p>\n<p>En cliquant sur \u00ab J\u2019accepte tous les cookies \u00bb, vous autorisez des d\u00e9p\u00f4ts de cookies et autres traceurs pour le stockage de vos donn\u00e9es sur nos sites et applications \u00e0 des fins de personnalisation et de ciblage publicitaire.<\/p>\n<p class=\"consentModule_secondaryText\">Vous gardez la possibilit\u00e9 de retirer votre consentement \u00e0 tout moment en consultant notre <a href=\"https:\/\/www.ledauphine.com\/protection-des-donnees\" target=\"_blank\" title=\"Consulter notre politique de protection des donn\u00e9es\" rel=\"noopener\">politique de protection des donn\u00e9es<\/a>. <br \/>&#13;<br \/>\n            <a href=\"https:\/\/www.ledauphine.com\/insolite\/2025\/08\/13\/javascript:Didomi.notice.show()\" class=\"consentModule_cmp\" target=\"_blank\" rel=\"noopener\">G\u00e9rer mes choix<\/a>&#13;\n        <\/p>\n<p>&#13;<br \/>\n                        J&rsquo;accepte&#13;<br \/>\n            J&rsquo;accepte tous les cookies&#13;\n        <\/p>\n<p>\u00ab\u00a0C&rsquo;est une vid\u00e9o qui est d\u00e9di\u00e9e aux Grenoblois\u00a0\u00bb, commence l&rsquo;influenceur dans sa vid\u00e9o. \u00ab Regardez ce que je viens de trouver sur le chemin, les Grenoblois \u00e7a vous dit rien ? \u00bb \u00a0: et Mohamed\u00a0Tifaki\u00a0de se d\u00e9caler pour laisser appara\u00eetre ce qui ressemble bel et bien \u00e0 <a href=\"https:\/\/www.ledauphine.com\/economie\/2025\/07\/07\/isere-metropole-de-grenoble-mais-pourquoi-cette-pub-pour-shein-sur-les-bus-m-tag-agace-t-elle-autant\" target=\"_blank\" rel=\"noopener\">un bus M&rsquo;Tag<\/a>, avec une plaque is\u00e9roise. Le v\u00e9hicule ne semble cependant pas en \u00e9tat d&rsquo;\u00eatre conduit.<\/p>\n<p>\u00ab\u00a0C&rsquo;est incroyable\u00a0\u00bb, conclut\u00a0Mohamed\u00a0Tifaki, avant d&rsquo;inviter les internautes \u00e0 donner leur hypoth\u00e8se sur le trajet de plus de 2 000 kilom\u00e8tres effectu\u00e9 par le bus.<\/p>\n","protected":false},"excerpt":{"rendered":"C&rsquo;est une situation insolite : sur le r\u00e9seau social TikTok, un influenceur est tout \u00e0 sa joie d&rsquo;avoir&hellip;\n","protected":false},"author":2,"featured_media":325939,"comment_status":"","ping_status":"","sticky":false,"template":"","format":"standard","meta":{"footnotes":""},"categories":[9566],"tags":[1111,11,2430,3542,112,1777,674,1011,27,2731,2732,1757,108,1985,12,25,2205,2803],"class_list":{"0":"post-325938","1":"post","2":"type-post","3":"status-publish","4":"format-standard","5":"has-post-thumbnail","7":"category-grenoble","8":"tag-actu","9":"tag-actualites","10":"tag-auvergne-rhone-alpes","11":"tag-circulation","12":"tag-edition-grenoble-agglomeration","13":"tag-eu","14":"tag-europe","15":"tag-fr","16":"tag-france","17":"tag-grenoble","18":"tag-grenoble-bassin","19":"tag-insolite","20":"tag-isere","21":"tag-metropole-de-grenoble","22":"tag-news","23":"tag-republique-francaise","24":"tag-television-medias","25":"tag-transport"},"share_on_mastodon":{"url":"https:\/\/pubeurope.com\/@fr\/115046952663076161","error":""},"_links":{"self":[{"href":"https:\/\/www.europesays.com\/fr\/wp-json\/wp\/v2\/posts\/325938","targetHints":{"allow":["GET"]}}],"collection":[{"href":"https:\/\/www.europesays.com\/fr\/wp-json\/wp\/v2\/posts"}],"about":[{"href":"https:\/\/www.europesays.com\/fr\/wp-json\/wp\/v2\/types\/post"}],"author":[{"embeddable":true,"href":"https:\/\/www.europesays.com\/fr\/wp-json\/wp\/v2\/users\/2"}],"replies":[{"embeddable":true,"href":"https:\/\/www.europesays.com\/fr\/wp-json\/wp\/v2\/comments?post=325938"}],"version-history":[{"count":0,"href":"https:\/\/www.europesays.com\/fr\/wp-json\/wp\/v2\/posts\/325938\/revisions"}],"wp:featuredmedia":[{"embeddable":true,"href":"https:\/\/www.europesays.com\/fr\/wp-json\/wp\/v2\/media\/325939"}],"wp:attachment":[{"href":"https:\/\/www.europesays.com\/fr\/wp-json\/wp\/v2\/media?parent=325938"}],"wp:term":[{"taxonomy":"category","embeddable":true,"href":"https:\/\/www.europesays.com\/fr\/wp-json\/wp\/v2\/categories?post=325938"},{"taxonomy":"post_tag","embeddable":true,"href":"https:\/\/www.europesays.com\/fr\/wp-json\/wp\/v2\/tags?post=325938"}],"curies":[{"name":"wp","href":"https:\/\/api.w.org\/{rel}","templated":true}]}}