{"id":325942,"date":"2025-08-18T00:36:34","date_gmt":"2025-08-18T00:36:34","guid":{"rendered":"https:\/\/www.europesays.com\/fr\/325942\/"},"modified":"2025-08-18T00:36:34","modified_gmt":"2025-08-18T00:36:34","slug":"ligue-1-le-rc-strasbourg-remporte-le-derby-de-lest-a-metz-sport","status":"publish","type":"post","link":"https:\/\/www.europesays.com\/fr\/325942\/","title":{"rendered":"Ligue 1. Le RC Strasbourg remporte le derby de l\u2019Est \u00e0 Metz . Sport"},"content":{"rendered":"<p>Le derby de l\u2019Est revient \u00e0 Strasbourg. Les Alsaciens se sont impos\u00e9s sur la pelouse du FC Metz (1-0), ce dimanche 17\u00a0ao\u00fbt, \u00e0 l\u2019occasion de<a href=\"https:\/\/www.ouest-france.fr\/sport\/football\/ligue-1\/direct\/direct-auxerre-fc-lorient-suivez-le-premier-match-de-ligue-1-des-merlus-en-live-027ea737-d666-4966-894e-694342b04704\" target=\"_blank\" rel=\"noopener\"> la premi\u00e8re journ\u00e9e de Ligue 1.<\/a><\/p>\n<p>Sans briller, le club alsacien a assur\u00e9 l\u2019essentiel en glanant son premier succ\u00e8s de la saison, et va maintenant pouvoir se consacrer au barrage aller de qualification pour la Ligue Conf\u00e9rence, jeudi 21\u00a0ao\u00fbt.<\/p>\n<p>La faille en fin de match<\/p>\n<p>Les Strasbourgeois ont trouv\u00e9 la faille en fin de match gr\u00e2ce au but de la t\u00eate de Joaquin Panichelli (85\u2019), bien servi dans la surface par Dilane Bakwa. L\u2019attaquant argentin signe des d\u00e9buts de r\u00eave, pour sa premi\u00e8re apparition dans le championnat de France.<\/p>\n<p><strong>Lire aussi\u00a0:<\/strong>\u00a0<a href=\"https:\/\/www.ouest-france.fr\/sport\/football\/ligue-1\/direct\/direct-fc-nantes-psg-suivez-le-dernier-match-de-la-1re-journee-de-ligue-1-en-live-76c1b5d6-1fed-400f-8b6e-8af92f3d522b\" target=\"_blank\" rel=\"noopener\">DIRECT. FC Nantes &#8211; PSG\u00a0: Abline rempla\u00e7ant, gros turnover parisien\u2026 D\u00e9couvrez les compos<\/a><\/p>\n<p>Strasbourg lance bien sa saison sur la pelouse de son voisin messin. Liam Rosenior avait notamment fait le choix de la jeunesse au coup d\u2019envoi, en ne titularisant que des joueurs n\u00e9s dans les ann\u00e9es 2000.<\/p>\n<p>C\u00f4t\u00e9 pr\u00e9cocit\u00e9, la m\u00e9daille revient aux Mosellans, avec la titularisation de la p\u00e9pite Luxembourgeoise Brian Madjo en attaque.<\/p>\n<p>La feuille de match<\/p>\n<p>FC METZ &#8211; RC STRASBOURG\u00a0: 0-1 (0-0) <\/p>\n<p><strong>BUT. <\/strong>Strasbourg\u00a0: Panichelli (86).<\/p>\n<p><strong>AVERTISSEMENTS.<\/strong> Metz\u00a0: Deminguet (61), Kouao (67). Strasbourg\u00a0: Sarr (31), Ouattara (49).<\/p>\n<p><strong>FC METZ.<\/strong> Fischer &#8211; Sane, Gbamin, Mboula &#8211; Stambouli, Traore (N\u2019Duquidi 84), Kouao (Colin 84), Deminguet (Tour\u00e9 73), Tsitaishvili &#8211; Sabaly (cap), (Sane 73), Madjo (Gueye 59).<br \/>Entra\u00eeneur\u00a0: St\u00e9phane Le Mignan.<\/p>\n<p><strong>RC STRASBOURG.<\/strong> Penders &#8211; Hogsberg, Amo-Ameyaw (Paez 80), Mwanga, Sarr, Ouattara (Bakwa 55) &#8211; El Mourabet (Nanasi 72), Lemar\u00e9chal, Barco &#8211; Panichelli, Emegha (cap). <br \/>Entra\u00eeneur\u00a0: Liam Rosenior.<\/p>\n<p>\u00a0<\/p>\n","protected":false},"excerpt":{"rendered":"Le derby de l\u2019Est revient \u00e0 Strasbourg. Les Alsaciens se sont impos\u00e9s sur la pelouse du FC Metz&hellip;\n","protected":false},"author":2,"featured_media":325943,"comment_status":"","ping_status":"","sticky":false,"template":"","format":"standard","meta":{"footnotes":""},"categories":[2820],"tags":[1111,11,1438,2063,1777,674,1011,27,775,1922,1393,2487,12,1404,25,2923,4251,853,640],"class_list":{"0":"post-325942","1":"post","2":"type-post","3":"status-publish","4":"format-standard","5":"has-post-thumbnail","7":"category-strasbourg","8":"tag-actu","9":"tag-actualites","10":"tag-angers","11":"tag-annonces","12":"tag-eu","13":"tag-europe","14":"tag-fr","15":"tag-france","16":"tag-grand-est","17":"tag-info","18":"tag-loisirs","19":"tag-meteo","20":"tag-news","21":"tag-quotidien","22":"tag-republique-francaise","23":"tag-restaurants","24":"tag-sortir","25":"tag-spectacles","26":"tag-strasbourg"},"share_on_mastodon":{"url":"https:\/\/pubeurope.com\/@fr\/115046972286354661","error":""},"_links":{"self":[{"href":"https:\/\/www.europesays.com\/fr\/wp-json\/wp\/v2\/posts\/325942","targetHints":{"allow":["GET"]}}],"collection":[{"href":"https:\/\/www.europesays.com\/fr\/wp-json\/wp\/v2\/posts"}],"about":[{"href":"https:\/\/www.europesays.com\/fr\/wp-json\/wp\/v2\/types\/post"}],"author":[{"embeddable":true,"href":"https:\/\/www.europesays.com\/fr\/wp-json\/wp\/v2\/users\/2"}],"replies":[{"embeddable":true,"href":"https:\/\/www.europesays.com\/fr\/wp-json\/wp\/v2\/comments?post=325942"}],"version-history":[{"count":0,"href":"https:\/\/www.europesays.com\/fr\/wp-json\/wp\/v2\/posts\/325942\/revisions"}],"wp:featuredmedia":[{"embeddable":true,"href":"https:\/\/www.europesays.com\/fr\/wp-json\/wp\/v2\/media\/325943"}],"wp:attachment":[{"href":"https:\/\/www.europesays.com\/fr\/wp-json\/wp\/v2\/media?parent=325942"}],"wp:term":[{"taxonomy":"category","embeddable":true,"href":"https:\/\/www.europesays.com\/fr\/wp-json\/wp\/v2\/categories?post=325942"},{"taxonomy":"post_tag","embeddable":true,"href":"https:\/\/www.europesays.com\/fr\/wp-json\/wp\/v2\/tags?post=325942"}],"curies":[{"name":"wp","href":"https:\/\/api.w.org\/{rel}","templated":true}]}}