{"id":325944,"date":"2025-08-18T00:38:13","date_gmt":"2025-08-18T00:38:13","guid":{"rendered":"https:\/\/www.europesays.com\/fr\/325944\/"},"modified":"2025-08-18T00:38:13","modified_gmt":"2025-08-18T00:38:13","slug":"la-saison-a-a-peine-commence-que-logc-nice-est-deja-en-difficulte","status":"publish","type":"post","link":"https:\/\/www.europesays.com\/fr\/325944\/","title":{"rendered":"La saison a \u00e0 peine commenc\u00e9 que l&rsquo;OGC Nice est d\u00e9j\u00e0 en difficult\u00e9"},"content":{"rendered":"<p>Il y a trois mois, l\u2019OGC Nice achevait son championnat par un festival offensif contre Brest (6-0). Samedi, on fut tr\u00e8s loin du feu d\u2019artifice pour le retour de la L1 \u00e0 l\u2019Allianz Riviera&#8230; Perdre contre Benfica \u00e0 l\u2019aller et au retour, au vu des armes qui \u00e9taient \u00e0 disposition de Franck Haise, est facilement excusable. S\u2019incliner 1-0 contre Toulouse, qui n\u2019avait pas gagn\u00e9 un match de pr\u00e9paration, l\u2019est beaucoup moins. Mais plus que le r\u00e9sultat, c\u2019est la mani\u00e8re qui inqui\u00e8te.<\/p>\n<p>Encore trop loin des attentes<\/p>\n<p>Avec encore neuf absents dans ses rangs, et pas mal d\u2019influx laiss\u00e9 \u00e0 l\u2019Estadio da Luz, le Gym n\u2019\u00e9tait certes pas au mieux avant d\u2019aborder la rencontre. \u00catre d\u00e9j\u00e0 dans le rythme de la comp\u00e9tition devait quand m\u00eame repr\u00e9senter un petit avantage. Or au manque \u00e9vident de qualit\u00e9 de l\u2019effectif actuel ni\u00e7ois, se sont ajout\u00e9es des attitudes vraiment limites.<\/p>\n<p>\u00ab\u00a0Ce qui me d\u00e9range le plus, ce n\u2019est pas d\u2019avoir des bless\u00e9s ou que le recrutement ne soit pas termin\u00e9, car il ne l\u2019est pas pour beaucoup de clubs. Ce qui me d\u00e9range le plus, c\u2019est notre premi\u00e8re mi-temps. On peut louper des matchs, mais dans l\u2019intensit\u00e9, dans les intentions, c\u2019est impossible de voir \u00e7a pour moi. \u00c0 un moment, il faut du caract\u00e8re dans le football de haut niveau\u00a0\u00bb, s\u2019est d\u00e9sol\u00e9 Franck Haise, apr\u00e8s la troisi\u00e8me d\u00e9faite de rang ni\u00e7oise. Z\u00e9ro but marqu\u00e9, cinq encaiss\u00e9s, des recrues en difficult\u00e9, des individualit\u00e9s d\u00e9cevantes, un contenu trop limit\u00e9&#8230; Le d\u00e9but de saison est loin des attentes. \u00ab\u00a0On n\u2019est pas au mieux, c\u2019est une \u00e9vidence\u00a0\u00bb, pointe le coach ni\u00e7ois, qui a d\u00e9j\u00e0 averti qu\u2019il changerait des choses contre Auxerre samedi prochain, m\u00eame si sa marge de man\u0153uvre sera encore limit\u00e9e. \u00ab\u00a0On ne peut pas se contenter de ce qu\u2019on a fait\u00a0\u00bb.<\/p>\n<p>Un attaquant en approche<\/p>\n<p>La premi\u00e8re saison ni\u00e7oise de Franck Haise n\u2019avait pas forc\u00e9ment mieux commenc\u00e9 avec quatre petits points pris en autant de matchs qui n\u2019avaient pas emp\u00each\u00e9 Nice d\u2019accrocher le top 4 \u00e0 l\u2019issue de la saison. Preuve qu\u2019un mauvais d\u00e9marrage n\u2019est pas toujours r\u00e9dhibitoire, m\u00eame si le Gym \u00e9tait alors autrement mieux arm\u00e9. Le contexte est quand m\u00eame bien diff\u00e9rent cette fois. Peu emballant, d\u00e9j\u00e0 br\u00fblant.<\/p>\n<p>Nice a urgemment besoin d\u2019une premi\u00e8re victoire pour faire oublier un \u00e9t\u00e9 \u00e9prouvant et rassurer sur ses ambitions. Sous pression, les dirigeants ni\u00e7ois, eux, ne devront pas passer \u00e0 c\u00f4t\u00e9 des quinze derniers jours d\u2019un mercato poussif et frustrant qui s\u2019est enray\u00e9 \u00e0 partir de la visite m\u00e9dicale rat\u00e9e de Ransford K\u00f6nigsd\u00f6rffer puis n\u2019a pas \u00e9t\u00e9 aid\u00e9 par la volte-face de Mahdi Camara.<\/p>\n<p>En qu\u00eate d\u2019un attaquant pour concurrencer Terem Moffi, le Gym esp\u00e8re boucler rapidement l\u2019arriv\u00e9e du joueur de 24 ans Kevin Carlos (FC B\u00e2le), auteur de 15 buts la saison derni\u00e8re. Le club envisage \u00e9galement de signer un autre joueur offensif. Lassine Sinayoko, buteur dimanche, a ses faveurs mais il sera tr\u00e8s difficile \u00e0 d\u00e9loger d\u2019Auxerre qui souhaite le conserver. D\u2019autres profils sont actuellement explor\u00e9s dans un secteur o\u00f9 J\u00e9r\u00e9mie Boga dispose d\u2019un bon de sortie mais pour le moment de peu de pr\u00e9tendants.<\/p>\n<p>Si un joueur \u00e0 vocation d\u00e9fensive (a priori un piston) est \u00e9galement recherch\u00e9, \u00e7a ne sera pas pour remplacer Melvin Bard, jug\u00e9 comme Hicham Boudaoui intransf\u00e9rable. Il n\u2019est pas impossible qu\u2019un autre poste, dont la nature n\u2019a pas filtr\u00e9, soit \u00e9galement pourvu en cas d\u2019opportunit\u00e9.<\/p>\n<p>\u00ab\u00a0On est d\u2019accord depuis un moment avec la direction sur le nombre de joueurs \u00e0 prendre. Je n\u2019en demande pas plus\u00a0\u00bb, s\u2019est exprim\u00e9 Franck Haise, qui aura le grand d\u00e9fi de mettre de la vie au sein d\u2019un collectif qui, on l\u2019a vu, n\u2019en est pas encore un.<\/p>\n<p>Si l\u2019ambiance au sein du club a \u00e9t\u00e9 morose ces derniers jours, la tr\u00eave de septembre devrait offrir au coach ni\u00e7ois le retour de nombreux joueurs bless\u00e9s et un effectif un peu plus digne d\u2019un pr\u00e9tendant europ\u00e9en.<\/p>\n<p>En attendant, et pour les deux matchs \u00e0 venir (l\u2019AJA puis Le Havre), Nice n\u2019a pas d\u2019autre choix que de faire le dos rond.<\/p>\n","protected":false},"excerpt":{"rendered":"Il y a trois mois, l\u2019OGC Nice achevait son championnat par un festival offensif contre Brest (6-0). Samedi,&hellip;\n","protected":false},"author":2,"featured_media":325945,"comment_status":"","ping_status":"","sticky":false,"template":"","format":"standard","meta":{"footnotes":""},"categories":[2819],"tags":[1111,11,1777,674,1011,27,12,2401,882,25,60],"class_list":{"0":"post-325944","1":"post","2":"type-post","3":"status-publish","4":"format-standard","5":"has-post-thumbnail","7":"category-nice","8":"tag-actu","9":"tag-actualites","10":"tag-eu","11":"tag-europe","12":"tag-fr","13":"tag-france","14":"tag-news","15":"tag-nice","16":"tag-provence-alpes-cote-dazur","17":"tag-republique-francaise","18":"tag-sports"},"share_on_mastodon":{"url":"https:\/\/pubeurope.com\/@fr\/115046980140652457","error":""},"_links":{"self":[{"href":"https:\/\/www.europesays.com\/fr\/wp-json\/wp\/v2\/posts\/325944","targetHints":{"allow":["GET"]}}],"collection":[{"href":"https:\/\/www.europesays.com\/fr\/wp-json\/wp\/v2\/posts"}],"about":[{"href":"https:\/\/www.europesays.com\/fr\/wp-json\/wp\/v2\/types\/post"}],"author":[{"embeddable":true,"href":"https:\/\/www.europesays.com\/fr\/wp-json\/wp\/v2\/users\/2"}],"replies":[{"embeddable":true,"href":"https:\/\/www.europesays.com\/fr\/wp-json\/wp\/v2\/comments?post=325944"}],"version-history":[{"count":0,"href":"https:\/\/www.europesays.com\/fr\/wp-json\/wp\/v2\/posts\/325944\/revisions"}],"wp:featuredmedia":[{"embeddable":true,"href":"https:\/\/www.europesays.com\/fr\/wp-json\/wp\/v2\/media\/325945"}],"wp:attachment":[{"href":"https:\/\/www.europesays.com\/fr\/wp-json\/wp\/v2\/media?parent=325944"}],"wp:term":[{"taxonomy":"category","embeddable":true,"href":"https:\/\/www.europesays.com\/fr\/wp-json\/wp\/v2\/categories?post=325944"},{"taxonomy":"post_tag","embeddable":true,"href":"https:\/\/www.europesays.com\/fr\/wp-json\/wp\/v2\/tags?post=325944"}],"curies":[{"name":"wp","href":"https:\/\/api.w.org\/{rel}","templated":true}]}}