{"id":32595,"date":"2025-04-17T22:28:19","date_gmt":"2025-04-17T22:28:19","guid":{"rendered":"https:\/\/www.europesays.com\/fr\/32595\/"},"modified":"2025-04-17T22:28:19","modified_gmt":"2025-04-17T22:28:19","slug":"cyclisme-les-vetetistes-du-velo-club-du-velay-a-montfaucon","status":"publish","type":"post","link":"https:\/\/www.europesays.com\/fr\/32595\/","title":{"rendered":"Cyclisme : les v\u00e9t\u00e9tistes du V\u00e9lo Club du Velay \u00e0 Montfaucon"},"content":{"rendered":"<p>\t\t\t\t\t\t\t\t\t\t\t\t\t\t\t\t\t\t\t\t\t\t\t\t\t\t\t\t\t\t\t\t\t\t\t\t\t\t\t\t\t\t\t\t\t\t\t\t\t\t\t\t\t\t\t\t\t\t\t\t\t\t\t<a href=\"https:\/\/www.lacommere43.fr\/component\/banners\/click\/1756.html\" target=\"_blank\" title=\"Retournac Foire P\u00e2querettes avril 2025\" rel=\"nofollow noopener\"><br \/>\n\t\t\t\t\t\t\t<img decoding=\"async\" src=\"https:\/\/www.europesays.com\/fr\/wp-content\/uploads\/2025\/04\/1744600873_360_paquerettes-2025.gif\" alt=\"Retournac Foire P\u00e2querettes avril 2025\"\/><br \/>\n\t\t\t\t\t\t<\/a><\/p>\n<p>\t\t\t\t\t\t\t\t\t\t\t\t\t\t\t\t\t\t\t\t\t\t\t\t\t\t\t\t\t\t\t\t\t\t\t\t\t\t\t\t\t\t\t\t\t\t\t\t\t\t\t\t\t\t\t\t\t\t\t\t\t\t\t<a href=\"https:\/\/www.lacommere43.fr\/component\/banners\/click\/1745.html\" target=\"_blank\" title=\"Tence Carrefour Market livraison domicile mars 2025\" rel=\"nofollow noopener\"><br \/>\n\t\t\t\t\t\t\t<img decoding=\"async\" src=\"https:\/\/www.europesays.com\/fr\/wp-content\/uploads\/2025\/04\/Livraison__Domiciecarr_.jpg\" alt=\"Tence Carrefour Market livraison domicile mars 2025\"\/><br \/>\n\t\t\t\t\t\t<\/a><\/p>\n<p><strong>Disput\u00e9 sur deux journ\u00e9es, le Troph\u00e9e r\u00e9gional du jeune v\u00e9t\u00e9tiste (TRJV) organis\u00e9 par le groupe cyclo a permis \u00e0 six engag\u00e9s du VC Velay de prendre la mesure du niveau r\u00e9gional. Expos\u00e9s \u00e0 un niveau de difficult\u00e9 \u00e9lev\u00e9 lors de l&rsquo;\u00e9preuve de trial du samedi apr\u00e8s-midi, ils ont montr\u00e9 plus de facilit\u00e9 le lendemain en cross-country (XCO), discipline \u00e0 laquelle ils sont davantage rompus.<\/strong><\/p>\n<p>En cat\u00e9gorie U13 (benjamins), Alban Fink 23e au trial r\u00e9alise une belle prestation en XCO. \u00c9loign\u00e9 sur la grille de d\u00e9part, il reprend de nombreux concurrents pour se classer 13e \u00e0 l&rsquo;arriv\u00e9e. Au cumul des deux journ\u00e9es il pointe 15e sur quarante-neuf class\u00e9s. Charlie Jouve encore en pleine d\u00e9couverte arrive 40e au g\u00e9n\u00e9ral et Antoine Chauchat, contraint \u00e0 l&rsquo;abandon pour crevaison, n&rsquo;est pas class\u00e9.<\/p>\n<p>Les trois U15 (minimes) en lice ont pour leur part termin\u00e9 dans le ventre mou lors du trial. Mais le lendemain, partis tout trois en avant-derni\u00e8re ou derni\u00e8re ligne lors du cross-country, ils vont montrer des qualit\u00e9s techniques et d&rsquo;abn\u00e9gation. A l&rsquo;image d&rsquo;Elio qui r\u00e9ussit \u00e0 remonter aux portes du top 10, soit 11e sur quarante-cinq pilotes class\u00e9s. Nath\u00e9o pour sa part en reprend une bonne vingtaine et passe la ligne 26e. Lucas Giraud en progr\u00e8s r\u00e9els arrive dix places derri\u00e8re.<\/p>\n<p><strong>L\u00e9o Jouve premier Open 3 \u00e0 la Neuville sur Ain Classic<\/strong><\/p>\n<p>Cette \u00e9preuve U19 (Junior) courue sur un circuit de 8,8 km \u00e0 accomplir onze fois a connu un d\u00e9part rapide. L\u00e9o un peu \u00e0 l&rsquo;arri\u00e8re fait l&rsquo;effort pour se placer \u00e0 la fin du premier tour dans les premi\u00e8res positions, au sein d&rsquo;un peloton d&rsquo;une extr\u00eame densit\u00e9 puisque 172 coureurs ont r\u00e9pondu \u00e0 l&rsquo;appel de l&rsquo;organisateur le Bourg en Bresse Ain Cyclisme.<\/p>\n<p>Toujours aux aguets notre coureur ne quittera jamais les devants et supportera une allure \u00e9lev\u00e9e de 40km\/h sur une boucle comportant pourtant deux bosses dont une bien pentue. Dans la continuit\u00e9 de ses courses pr\u00e9c\u00e9dentes, notre coureur va chercher un tr\u00e8s bon r\u00e9sultat en franchissant la ligne d&rsquo;arriv\u00e9e 23e et premier open 3.<\/p>\n<p><strong>Prix FSGT de Chalain le Comtal<\/strong><\/p>\n<p>Sous un ciel pluvieux et sur un circuit de 7,6 \u00e0 couvrir sept fois, C\u00e9cile Caillot d\u00e9croche la 2e place en f\u00e9minine et la 13e au scratch sur vingt-cinq partants, tandis que Gilles Langlade finit 13e.<\/p>\n","protected":false},"excerpt":{"rendered":"Disput\u00e9 sur deux journ\u00e9es, le Troph\u00e9e r\u00e9gional du jeune v\u00e9t\u00e9tiste (TRJV) organis\u00e9 par le groupe cyclo a permis&hellip;\n","protected":false},"author":2,"featured_media":32596,"comment_status":"","ping_status":"","sticky":false,"template":"","format":"standard","meta":{"footnotes":""},"categories":[1411],"tags":[2281,1154,207,2282,1011,27,2280,2284,2285,2283,60],"class_list":{"0":"post-32595","1":"post","2":"type-post","3":"status-publish","4":"format-standard","5":"has-post-thumbnail","7":"category-cyclisme","8":"tag-actualite-43","9":"tag-cycling","10":"tag-cyclisme","11":"tag-faits-divers-auvergne","12":"tag-fr","13":"tag-france","14":"tag-information-haute-loire","15":"tag-infos-43","16":"tag-journal-haute-loire","17":"tag-la-commere-43","18":"tag-sports"},"share_on_mastodon":{"url":"https:\/\/pubeurope.com\/@fr\/114355667213412216","error":""},"_links":{"self":[{"href":"https:\/\/www.europesays.com\/fr\/wp-json\/wp\/v2\/posts\/32595","targetHints":{"allow":["GET"]}}],"collection":[{"href":"https:\/\/www.europesays.com\/fr\/wp-json\/wp\/v2\/posts"}],"about":[{"href":"https:\/\/www.europesays.com\/fr\/wp-json\/wp\/v2\/types\/post"}],"author":[{"embeddable":true,"href":"https:\/\/www.europesays.com\/fr\/wp-json\/wp\/v2\/users\/2"}],"replies":[{"embeddable":true,"href":"https:\/\/www.europesays.com\/fr\/wp-json\/wp\/v2\/comments?post=32595"}],"version-history":[{"count":0,"href":"https:\/\/www.europesays.com\/fr\/wp-json\/wp\/v2\/posts\/32595\/revisions"}],"wp:featuredmedia":[{"embeddable":true,"href":"https:\/\/www.europesays.com\/fr\/wp-json\/wp\/v2\/media\/32596"}],"wp:attachment":[{"href":"https:\/\/www.europesays.com\/fr\/wp-json\/wp\/v2\/media?parent=32595"}],"wp:term":[{"taxonomy":"category","embeddable":true,"href":"https:\/\/www.europesays.com\/fr\/wp-json\/wp\/v2\/categories?post=32595"},{"taxonomy":"post_tag","embeddable":true,"href":"https:\/\/www.europesays.com\/fr\/wp-json\/wp\/v2\/tags?post=32595"}],"curies":[{"name":"wp","href":"https:\/\/api.w.org\/{rel}","templated":true}]}}