{"id":325961,"date":"2025-08-18T00:53:19","date_gmt":"2025-08-18T00:53:19","guid":{"rendered":"https:\/\/www.europesays.com\/fr\/325961\/"},"modified":"2025-08-18T00:53:19","modified_gmt":"2025-08-18T00:53:19","slug":"will-smith-prend-les-benevoles-du-cabaret-vert-dans-ses-bras","status":"publish","type":"post","link":"https:\/\/www.europesays.com\/fr\/325961\/","title":{"rendered":"Will Smith prend les b\u00e9n\u00e9voles du Cabaret Vert dans ses bras"},"content":{"rendered":"<p class=\"article__intro\">Le festival du Cabaret Vert est sur le point de se terminer \u00e0 Charleville-M\u00e9zi\u00e8res. Ce dimanche 17 ao\u00fbt, les derniers artistes r\u00e9p\u00e8tent une derni\u00e8re fois avant le final de ce soir. Au cours de la r\u00e9p\u00e9tition de Will Smith, la star internationale a pass\u00e9 un moment chaleureux avec les b\u00e9n\u00e9voles pr\u00e9sents. L&rsquo;une d&rsquo;entre eux raconte.<\/p>\n<p>\n      La Quotidienne Soci\u00e9t\u00e9\n    <\/p>\n<p>\n      De la vie quotidienne aux grands enjeux, recevez tous les jours les sujets qui font la soci\u00e9t\u00e9 locale, comme la justice, l\u2019\u00e9ducation, la sant\u00e9 et la famille.\n    <\/p>\n<p>    France T\u00e9l\u00e9visions utilise votre adresse e-mail afin de vous envoyer la newsletter \u00ab\u00a0La Quotidienne Soci\u00e9t\u00e9\u00a0\u00bb. Vous pouvez vous d\u00e9sinscrire \u00e0 tout moment via le lien en bas de cette newsletter. <a target=\"_blank\" href=\"https:\/\/www.francetelevisions.fr\/groupe\/confidentialite\/politique-de-confidentialite\/politique-de-confidentialite-de-france-televisions-6503\" rel=\"nofollow noopener\">Notre politique de confidentialit\u00e9<\/a><\/p>\n<p>\u00catre b\u00e9n\u00e9vole au <a href=\"https:\/\/france3-regions.franceinfo.fr\/grand-est\/ardennes\/charleville-mezieres\/cabaret-vert-2025-programmation-transports-meteo-les-infos-pratiques-sur-le-festival-3200919.html\" target=\"_blank\" rel=\"noopener nofollow\">Cabaret Vert de Charleville-M\u00e9zi\u00e8res<\/a>, c&rsquo;est aussi pouvoir assister aux r\u00e9p\u00e9titions de tous les plus grands artistes pr\u00e9sents. \u00c0 56 ans, Lo\u00ebtitia en est \u00e0 sa troisi\u00e8me participation en tant que volontaire.<\/p>\n<p>Ce dimanche matin, alors que le site du festival est encore ferm\u00e9, avec plusieurs coll\u00e8gues, la Carolomac\u00e9rienne prend le temps de venir voir les tests sons du jour. Sur la grande sc\u00e8ne, c&rsquo;est Will Smith, qui prend ses marques.<\/p>\n<p>Avant d&rsquo;interpr\u00e9ter ses titres, Will Smith prend le temps de parler de James Avery, connu notamment pour le r\u00f4le de l&rsquo;oncle de Will Smith dans le Prince de Bel Air (1990-1996), qui est d\u00e9c\u00e9d\u00e9 en 2013. <a href=\"https:\/\/france3-regions.franceinfo.fr\/provence-alpes-cote-d-azur\/bouches-du-rhone\/en-images-will-smith-partage-son-oscar-avec-son-public-rap-et-show-a-l-americaine-dans-le-theatre-antique-d-orange-3196404.html\" target=\"_blank\" rel=\"noopener nofollow\">Il lui avait d\u00e9j\u00e0 rendu hommage<\/a> lors de son grand retour en France en tant que chanteur \u00e0 Orange au mois de juillet.<\/p>\n<p><a data-article-figure=\"\" href=\"https:\/\/france3-regions.franceinfo.fr\/image\/aDQmwMNu1VxpURwY_-20IheBLIs\/1920x1440\/regions\/2025\/08\/17\/coeur-688cbec656927417241277-68a1f22293751075343082.jpg\" data-pswp-width=\"1920\" data-pswp-height=\"1440\" target=\"_blank\" rel=\"nofollow noopener\"><\/p>\n<p>          <img width=\"600\" height=\"400\" class=\"article-image lazy\" data-src=\"https:\/\/www.europesays.com\/fr\/wp-content\/uploads\/2025\/08\/coeur-688cbec656927417241277-68a1f22293751075343082.jpg\" alt=\"Will Smith avait fait forte impression au Th\u00e9\u00e2tre antique d'Orange (Vaucluse)\" fetchpriority=\"high\" as=\"image\"\/><\/p>\n<p>\n            Will Smith avait fait forte impression au Th\u00e9\u00e2tre antique d&rsquo;Orange (Vaucluse)<br \/>\n                           \u2022<br \/>\n                                      \u00a9 Nicolas Debru \/ France T\u00e9l\u00e9visions\n                      <\/p>\n<p><\/a><\/p>\n<p>Empreinte d&rsquo;\u00e9motion, la star internationale demande alors aux b\u00e9n\u00e9voles de se prendre dans les bras. \u00ab\u00a0Il venait de dire qu&rsquo;il fallait faire tr\u00e8s attention aux gens, parce qu&rsquo;on ne savait pas ce qui pouvait arriver, d&rsquo;aimer et de prendre soin des personnes\u00a0\u00bb, se rappelle Lo\u00ebtitia. \u00ab\u00a0Il y a une petite jeune qui se chargeait de traduire en fran\u00e7ais. Il nous a dit de prendre soin des personnes qu&rsquo;on aimait, et puis il a dit \u00ab j&rsquo;aimerais que vous vous fassiez un c\u00e2lin \u00bb, donc les gens se sont fait des c\u00e2lins, puis il y a deux ou trois personnes qui ont tendu les bras vers lui.\u00a0\u00bb<\/p>\n<blockquote class=\"ftvi_content_quote\">\n<p class=\"ftvi_citation_quote\">C&rsquo;est un moment que je ne revivrai certainement pas dans ma vie. C&rsquo;est la premi\u00e8re fois que je le vois en vrai, parce que moi je m&rsquo;int\u00e9ressais \u00e0 l&rsquo;acteur, j&rsquo;ai su seulement il y a quelques jours qu&rsquo;il \u00e9tait aussi chanteur.<\/p>\n<p>Lo\u00ebtitia<\/p>\n<p class=\"ftvi_citation_source\">b\u00e9n\u00e9vole au Cabaret Vert<\/p>\n<\/blockquote>\n<p>Will Smith est alors venu \u00e0 la rencontre des b\u00e9n\u00e9voles pour des accolades et un moment d&rsquo;\u00e9change, avec un sourire qui a marqu\u00e9 la volontaire de 56 ans : \u00ab\u00a0Ce n&rsquo;\u00e9tait pas vraiment pr\u00e9vu, c&rsquo;est exceptionnel. Et c&rsquo;est vraiment une magnifique personne. Tout le monde a eu droit \u00e0 son c\u00e2lin et \u00e0 un bon moment ensemble. C&rsquo;est une personne vraiment d&rsquo;une telle simplicit\u00e9 pour une star internationale, parce que c&rsquo;est quand m\u00eame quelqu&rsquo;un de tr\u00e8s connu.\u00a0\u00bb<\/p>\n<p>Une belle r\u00e9compense pour les b\u00e9n\u00e9voles<\/p>\n<p>Pour Lo\u00ebtitia, ce moment est la cerise sur le g\u00e2teau de son s\u00e9jour au Cabaret Vert. Cette Ardennaise est b\u00e9n\u00e9vole depuis trois ans. C&rsquo;est un \u00e9v\u00e8nement qui compte beaucoup pour elle.<\/p>\n<p>\u00ab\u00a0Je l&rsquo;ai fait en tant que festivali\u00e8re et maintenant je le fais en tant que b\u00e9n\u00e9vole\u00a0\u00bb, explique-t-elle. \u00ab\u00a0On se rend compte de tout le boulot qui est abattu pour que les gens puissent vivre cette journ\u00e9e de bonheur, c&rsquo;est impressionnant. C&rsquo;est vraiment quelque chose de tr\u00e8s convivial, d&rsquo;accessible&#8230; C&rsquo;est une forme de magie on va dire. Il y a une solidarit\u00e9, il y a tout. C&rsquo;est vraiment quelque chose de super. On ne conna\u00eet pas les gens, on se fait des potes, c&rsquo;est vraiment un magnifique moment.\u00a0\u00bb<\/p>\n<p>Victime d&rsquo;un grave accident il y a trois ans, Lo\u00ebtitia voit toujours ces quelques jours au Cabaret Vert comme un moyen de \u00ab\u00a0renouer avec le monde\u00a0\u00bb, \u00ab\u00a0de revivre\u00a0\u00bb. \u00c0 la fin de l&rsquo;entrevue avec Will Smith, elle avoue m\u00eame avoir \u00e9t\u00e9 \u00e9mue aux larmes par ce \u00ab\u00a0moment sacr\u00e9\u00a0\u00bb.<\/p>\n<p>                    Les festivals de l&rsquo;\u00e9t\u00e9 2025<\/p>\n<p>\n                            \u00c0 partir du 15 juillet 2025\n                    <\/p>\n<p>D\u00e9couvrez la programmation exceptionnelle des festivals de l&rsquo;\u00e9t\u00e9 en France, avec des concerts de rock, jazz et musique classique sur les sc\u00e8nes des Vieilles Charrues, des Francofolies, du Cabaret Vert ou encore Rock en Seine. Du plus petit \u00e9v\u00e9nement au plus grand en th\u00e9\u00e2tre, des spectacles de rues, et autres animations.<br \/>\nPhoto : Mathieu Herduin\/ MaxPPP\/ La Nouvelle R\u00e9publique<\/p>\n<p>                voir plus<\/p>\n<p>\t\t\t\t\t\t\t\t\t\t\t\t\t\t\t\t\t\t\t\t\t\t\t\t\t<a class=\"btn btn--primary btn--large event_redirect btn--on-white\" href=\"https:\/\/france3-regions.franceinfo.fr\/sorties-loisirs\/evenements\/festival\" aria-label=\"Les festivals de l&#039;\u00e9t\u00e9 2025. Voir la page de l\u2019\u00e9v\u00e9nement\" rel=\"nofollow noopener\" target=\"_blank\"><\/p>\n<p>              Voir la page de l\u2019\u00e9v\u00e9nement<\/p>\n<p>\t<\/a><\/p>\n","protected":false},"excerpt":{"rendered":"Le festival du Cabaret Vert est sur le point de se terminer \u00e0 Charleville-M\u00e9zi\u00e8res. Ce dimanche 17 ao\u00fbt,&hellip;\n","protected":false},"author":2,"featured_media":325962,"comment_status":"","ping_status":"","sticky":false,"template":"","format":"standard","meta":{"footnotes":""},"categories":[1888],"tags":[1111,1928,11,1927,1777,674,1011,27,12,1926,626,1925,25],"class_list":{"0":"post-325961","1":"post","2":"type-post","3":"status-publish","4":"format-standard","5":"has-post-thumbnail","7":"category-paris","8":"tag-actu","9":"tag-actu-paris","10":"tag-actualites","11":"tag-actualites-paris","12":"tag-eu","13":"tag-europe","14":"tag-fr","15":"tag-france","16":"tag-news","17":"tag-news-paris","18":"tag-paris","19":"tag-paris-news","20":"tag-republique-francaise"},"share_on_mastodon":{"url":"https:\/\/pubeurope.com\/@fr\/115047039188876847","error":""},"_links":{"self":[{"href":"https:\/\/www.europesays.com\/fr\/wp-json\/wp\/v2\/posts\/325961","targetHints":{"allow":["GET"]}}],"collection":[{"href":"https:\/\/www.europesays.com\/fr\/wp-json\/wp\/v2\/posts"}],"about":[{"href":"https:\/\/www.europesays.com\/fr\/wp-json\/wp\/v2\/types\/post"}],"author":[{"embeddable":true,"href":"https:\/\/www.europesays.com\/fr\/wp-json\/wp\/v2\/users\/2"}],"replies":[{"embeddable":true,"href":"https:\/\/www.europesays.com\/fr\/wp-json\/wp\/v2\/comments?post=325961"}],"version-history":[{"count":0,"href":"https:\/\/www.europesays.com\/fr\/wp-json\/wp\/v2\/posts\/325961\/revisions"}],"wp:featuredmedia":[{"embeddable":true,"href":"https:\/\/www.europesays.com\/fr\/wp-json\/wp\/v2\/media\/325962"}],"wp:attachment":[{"href":"https:\/\/www.europesays.com\/fr\/wp-json\/wp\/v2\/media?parent=325961"}],"wp:term":[{"taxonomy":"category","embeddable":true,"href":"https:\/\/www.europesays.com\/fr\/wp-json\/wp\/v2\/categories?post=325961"},{"taxonomy":"post_tag","embeddable":true,"href":"https:\/\/www.europesays.com\/fr\/wp-json\/wp\/v2\/tags?post=325961"}],"curies":[{"name":"wp","href":"https:\/\/api.w.org\/{rel}","templated":true}]}}