{"id":325963,"date":"2025-08-18T00:54:25","date_gmt":"2025-08-18T00:54:25","guid":{"rendered":"https:\/\/www.europesays.com\/fr\/325963\/"},"modified":"2025-08-18T00:54:25","modified_gmt":"2025-08-18T00:54:25","slug":"un-homme-interpelle-avec-trois-couteaux-devant-un-commissariat","status":"publish","type":"post","link":"https:\/\/www.europesays.com\/fr\/325963\/","title":{"rendered":"un homme interpell\u00e9 avec trois couteaux devant un commissariat"},"content":{"rendered":"<p>Il effectuait des allers-retours devant les portes de l\u2019h\u00f4tel de police. Son comportement \u00e9trange a pouss\u00e9 les policiers \u00e0 proc\u00e9der \u00e0 son contr\u00f4le durant lequel l\u2019homme s\u2019est montr\u00e9 agressif. Il a l\u00e9g\u00e8rement bless\u00e9 trois agents.<\/p>\n<p class=\"fig-paragraph\">Un homme muni de\u00a0<a href=\"http:\/\/www.lefigaro.fr\/faits-divers\/paris-un-homme-place-en-garde-a-vue-apres-avoir-assene-plusieurs-coups-de-couteau-a-sa-conjointe-20250813\" data-fig-type=\"NewsFlash\" data-gtm-custom-categorie=\"navigation\" data-gtm-custom-action=\"crossclick\" data-gtm-custom-label=\"Contextuel\" data-gtm-event=\"customEventSPE\" data-fig-domain=\"LEFIGARO\" target=\"_blank\" rel=\"noopener\">plusieurs armes blanches<\/a>\u00a0a \u00e9t\u00e9 interpell\u00e9 samedi apr\u00e8s-midi, vers 17h30, devant le commissariat du 9e arrondissement de Paris, rue Chauchat. C\u2019est son\u00a0<a href=\"http:\/\/sante.lefigaro.fr\/psychologie\/leur-passage-ici-ne-doit-etre-qu-une-parenthese-dans-leur-vie-a-ville-evrard-une-unite-d-hospitalisation-psychiatrique-pour-les-16-25-ans-20250713\" data-fig-type=\"Article\" data-gtm-custom-categorie=\"navigation\" data-gtm-custom-action=\"crossclick\" data-gtm-custom-label=\"Contextuel\" data-gtm-event=\"customEventSPE\" data-fig-domain=\"SANTE\" target=\"_blank\" rel=\"noopener\">comportement \u00e9trange<\/a>\u00a0qui a attir\u00e9 l\u2019attention des policiers. Il a \u00e9t\u00e9 remarqu\u00e9 sur les images de vid\u00e9osurveillance en train de faire de nombreux allers-retours devant les portes de l\u2019h\u00f4tel de police.<\/p>\n<p class=\"fig-paragraph\">Un agent est all\u00e9 \u00e0 sa rencontre pour le questionner, l\u2019homme a expliqu\u00e9 attendre son fils qui travaillerait dans le commissariat, sans \u00eatre en mesure de donner son identit\u00e9 ou une description physique. Il a finalement quitt\u00e9 les lieux en annon\u00e7ant revenir en d\u00e9but de semaine, explique une source polici\u00e8re au Figaro.<\/p>\n<p>                                    <a class=\"fig-a11y-skip a11y-hidden\" href=\"#fig-a11y-skip-main-inarticle\"><br \/>\n        Passer la publicit\u00e9<br \/>\n    <\/a><\/p>\n<p class=\"fig-paragraph\">Mais quelques minutes plus tard, l\u2019homme est de nouveau apparu sur les images des cam\u00e9ras, semblant toujours agit\u00e9 en r\u00e9alisant ses all\u00e9es et venues. Il a alors \u00e9t\u00e9 contr\u00f4l\u00e9 par les officiers qui ont d\u00e9couvert dans son pantalon deux couteaux\u00a0: un de type \u00absurin\u00bb avec une lame de 15 cm et une autre lame de 25 cm. Dans son sac \u00e0 dos, un troisi\u00e8me couteau avec une lame de 10 cm a \u00e9galement \u00e9t\u00e9 trouv\u00e9 ainsi qu\u2019une pipe \u00e0 crack. Il avait enfin sur lui une ordonnance du juge des libert\u00e9s et de la d\u00e9tention du tribunal judiciaire d\u2019Orl\u00e9ans portant sur une obligation de soins psychiatriques.<\/p>\n<p class=\"fig-paragraph\">Se montrant agressif lors du contr\u00f4le, l\u2019homme a l\u00e9g\u00e8rement bless\u00e9 trois policiers en leur portant des coups de poing. Il a \u00e9t\u00e9 plac\u00e9 en garde \u00e0 vue.<\/p>\n","protected":false},"excerpt":{"rendered":"Il effectuait des allers-retours devant les portes de l\u2019h\u00f4tel de police. Son comportement \u00e9trange a pouss\u00e9 les policiers&hellip;\n","protected":false},"author":2,"featured_media":325964,"comment_status":"","ping_status":"","sticky":false,"template":"","format":"standard","meta":{"footnotes":""},"categories":[1888],"tags":[1111,1928,11,1927,1777,674,1011,27,12,1926,626,1925,25,2949],"class_list":{"0":"post-325963","1":"post","2":"type-post","3":"status-publish","4":"format-standard","5":"has-post-thumbnail","7":"category-paris","8":"tag-actu","9":"tag-actu-paris","10":"tag-actualites","11":"tag-actualites-paris","12":"tag-eu","13":"tag-europe","14":"tag-fr","15":"tag-france","16":"tag-news","17":"tag-news-paris","18":"tag-paris","19":"tag-paris-news","20":"tag-republique-francaise","21":"tag-violences"},"share_on_mastodon":{"url":"https:\/\/pubeurope.com\/@fr\/115047043376425569","error":""},"_links":{"self":[{"href":"https:\/\/www.europesays.com\/fr\/wp-json\/wp\/v2\/posts\/325963","targetHints":{"allow":["GET"]}}],"collection":[{"href":"https:\/\/www.europesays.com\/fr\/wp-json\/wp\/v2\/posts"}],"about":[{"href":"https:\/\/www.europesays.com\/fr\/wp-json\/wp\/v2\/types\/post"}],"author":[{"embeddable":true,"href":"https:\/\/www.europesays.com\/fr\/wp-json\/wp\/v2\/users\/2"}],"replies":[{"embeddable":true,"href":"https:\/\/www.europesays.com\/fr\/wp-json\/wp\/v2\/comments?post=325963"}],"version-history":[{"count":0,"href":"https:\/\/www.europesays.com\/fr\/wp-json\/wp\/v2\/posts\/325963\/revisions"}],"wp:featuredmedia":[{"embeddable":true,"href":"https:\/\/www.europesays.com\/fr\/wp-json\/wp\/v2\/media\/325964"}],"wp:attachment":[{"href":"https:\/\/www.europesays.com\/fr\/wp-json\/wp\/v2\/media?parent=325963"}],"wp:term":[{"taxonomy":"category","embeddable":true,"href":"https:\/\/www.europesays.com\/fr\/wp-json\/wp\/v2\/categories?post=325963"},{"taxonomy":"post_tag","embeddable":true,"href":"https:\/\/www.europesays.com\/fr\/wp-json\/wp\/v2\/tags?post=325963"}],"curies":[{"name":"wp","href":"https:\/\/api.w.org\/{rel}","templated":true}]}}