{"id":325969,"date":"2025-08-18T00:57:12","date_gmt":"2025-08-18T00:57:12","guid":{"rendered":"https:\/\/www.europesays.com\/fr\/325969\/"},"modified":"2025-08-18T00:57:12","modified_gmt":"2025-08-18T00:57:12","slug":"13-blesses-dans-des-frappes-russes-avant-les-discussions-a-washington","status":"publish","type":"post","link":"https:\/\/www.europesays.com\/fr\/325969\/","title":{"rendered":"13 bless\u00e9s dans des frappes russes, avant les discussions \u00e0 Washington"},"content":{"rendered":"<p>Peu apr\u00e8s minuit, les autorit\u00e9s ukrainiennes ont rapport\u00e9 des attaques russes sur la grande ville de Kharkiv (est), proche de la fronti\u00e8re, ainsi que dans la r\u00e9gion de Soumy (nord-est), frontali\u00e8re de la Russie.<\/p>\n<p class=\"fig-paragraph\">Les autorit\u00e9s ukrainiennes ont fait \u00e9tat \u00e0 la premi\u00e8re heure lundi de 13 bless\u00e9s dans des frappes russes sur Kharkiv et dans la r\u00e9gion de Soumy, alors que Volodymyr Zelensky et les alli\u00e9s de Kiev\u00a0<a href=\"http:\/\/www.lefigaro.fr\/international\/rencontre-trump-zelensky-qui-sont-les-dirigeants-europeens-attendus-a-washington-lundi-20250817\" data-fig-type=\"NewsFlash\" data-gtm-custom-categorie=\"navigation\" data-gtm-custom-action=\"crossclick\" data-gtm-custom-label=\"Contextuel\" data-gtm-event=\"customEventSPE\" data-fig-domain=\"LEFIGARO\" target=\"_blank\" rel=\"noopener\">sont attendus \u00e0 Washington<\/a>\u00a0pour des discussions sur la r\u00e9solution du conflit. Le pr\u00e9sident ukrainien se rend lundi \u00e0 la Maison Blanche. Il doit \u00eatre accompagn\u00e9 des principaux dirigeants europ\u00e9ens ainsi que du chef de l&rsquo;Otan.<\/p>\n<p class=\"fig-paragraph\">Peu apr\u00e8s minuit, les autorit\u00e9s ukrainiennes ont rapport\u00e9 des attaques russes sur la grande ville de Kharkiv (est), proche de la fronti\u00e8re, ainsi que dans la r\u00e9gion de Soumy (nord-est), frontali\u00e8re de la Russie. \u00abLe nombre de bless\u00e9s a augment\u00e9, \u00e0 11\u00bb, a \u00e9crit sur Telegram le maire de Kharkiv, Igor Terekhov, apr\u00e8s un premier chiffre de 8 \u00e9voqu\u00e9 par le minist\u00e8re des Affaires int\u00e9rieures.<\/p>\n<p>                                    <a class=\"fig-a11y-skip a11y-hidden\" href=\"#fig-a11y-skip-main-inarticle\"><br \/>\n        Passer la publicit\u00e9<br \/>\n    <\/a><\/p>\n<p class=\"fig-paragraph\">\u00c0 Soumy, le chef de l&rsquo;administration militaire r\u00e9gionale, Oleg Grygorov, a indiqu\u00e9 dans deux messages distincts que des frappes russes, avec une bombe puis un drone, avaient bless\u00e9 deux personnes: \u00abune femme de 57 ans (&#8230;) dans un \u00e9tat non grave\u00bb, et \u00abun chauffeur de 43 ans (&#8230;) transport\u00e9 \u00e0 l&rsquo;h\u00f4pital\u00bb.<\/p>\n<p>Une clause de s\u00e9curit\u00e9 collective<\/p>\n<p class=\"fig-paragraph\">Les discussions \u00e0 Washington entre Kiev, ses alli\u00e9s europ\u00e9ens et le pr\u00e9sident am\u00e9ricain surviennent trois jours apr\u00e8s le sommet Trump-Poutine en Alaska, qui n&rsquo;a pas permis d&rsquo;arr\u00eater les combats en Ukraine, envahie depuis f\u00e9vrier 2022 par la Russie.<\/p>\n<p class=\"fig-paragraph\">En rentrant d&rsquo;Alaska, M. Trump a avanc\u00e9 la piste d&rsquo;une clause de s\u00e9curit\u00e9 collective inspir\u00e9e de l&rsquo;article 5 de l&rsquo;Otan, en dehors toutefois du cadre de l&rsquo;Alliance atlantique consid\u00e9r\u00e9e par Moscou comme une menace existentielle.<\/p>\n<p class=\"fig-paragraph\">Son \u00e9missaire Steve Witkoff a, lui, assur\u00e9 que Moscou avait fait \u00abcertaines concessions\u00bb territoriales concernant \u00abcinq r\u00e9gions\u00bb ukrainiennes, citant uniquement \u00abune importante discussion sur Donetsk\u00bb, r\u00e9gion de l&rsquo;est de l&rsquo;Ukraine qui est la priorit\u00e9 militaire du Kremlin. De son c\u00f4t\u00e9, Volodymyr Zelensky rejette toute concession territoriale.<\/p>\n","protected":false},"excerpt":{"rendered":"Peu apr\u00e8s minuit, les autorit\u00e9s ukrainiennes ont rapport\u00e9 des attaques russes sur la grande ville de Kharkiv (est),&hellip;\n","protected":false},"author":2,"featured_media":325970,"comment_status":"","ping_status":"","sticky":false,"template":"","format":"standard","meta":{"footnotes":""},"categories":[1591],"tags":[11,1887,3482,12,1885,1886,132,220,134],"class_list":{"0":"post-325969","1":"post","2":"type-post","3":"status-publish","4":"format-standard","5":"has-post-thumbnail","7":"category-russie","8":"tag-actualites","9":"tag-federation-de-russie","10":"tag-guerre-russie-ukraine","11":"tag-news","12":"tag-russia","13":"tag-russian-federation","14":"tag-russie","15":"tag-ukraine","16":"tag-volodymyr-zelensky"},"share_on_mastodon":{"url":"https:\/\/pubeurope.com\/@fr\/115047055022191748","error":""},"_links":{"self":[{"href":"https:\/\/www.europesays.com\/fr\/wp-json\/wp\/v2\/posts\/325969","targetHints":{"allow":["GET"]}}],"collection":[{"href":"https:\/\/www.europesays.com\/fr\/wp-json\/wp\/v2\/posts"}],"about":[{"href":"https:\/\/www.europesays.com\/fr\/wp-json\/wp\/v2\/types\/post"}],"author":[{"embeddable":true,"href":"https:\/\/www.europesays.com\/fr\/wp-json\/wp\/v2\/users\/2"}],"replies":[{"embeddable":true,"href":"https:\/\/www.europesays.com\/fr\/wp-json\/wp\/v2\/comments?post=325969"}],"version-history":[{"count":0,"href":"https:\/\/www.europesays.com\/fr\/wp-json\/wp\/v2\/posts\/325969\/revisions"}],"wp:featuredmedia":[{"embeddable":true,"href":"https:\/\/www.europesays.com\/fr\/wp-json\/wp\/v2\/media\/325970"}],"wp:attachment":[{"href":"https:\/\/www.europesays.com\/fr\/wp-json\/wp\/v2\/media?parent=325969"}],"wp:term":[{"taxonomy":"category","embeddable":true,"href":"https:\/\/www.europesays.com\/fr\/wp-json\/wp\/v2\/categories?post=325969"},{"taxonomy":"post_tag","embeddable":true,"href":"https:\/\/www.europesays.com\/fr\/wp-json\/wp\/v2\/tags?post=325969"}],"curies":[{"name":"wp","href":"https:\/\/api.w.org\/{rel}","templated":true}]}}