{"id":325989,"date":"2025-08-18T01:09:12","date_gmt":"2025-08-18T01:09:12","guid":{"rendered":"https:\/\/www.europesays.com\/fr\/325989\/"},"modified":"2025-08-18T01:09:12","modified_gmt":"2025-08-18T01:09:12","slug":"une-figure-des-girondins-retrouve-son-club-formateur-en-argentine","status":"publish","type":"post","link":"https:\/\/www.europesays.com\/fr\/325989\/","title":{"rendered":"une figure des Girondins retrouve son club formateur en Argentine"},"content":{"rendered":"<p>Le choix du c\u0153ur pour Santiago Cordero. Libre de tout contrat depuis son d\u00e9part du Connacht en fin de saison derni\u00e8re, l\u2019ailier se laissait le temps de la r\u00e9flexion avant d\u2019entamer un nouveau chapitre dans sa carri\u00e8re. Ce week-end, le club de Regatas Bella Vista a annonc\u00e9 sa signature pour la prochaine saison.<\/p>\n<p>Un retour \u00e0 Bella Vista pour Cordero<\/p>\n<p>Il s\u2019agit d\u2019un retour aux sources pour l\u2019international argentin, qui avait d\u00e9but\u00e9 sa carri\u00e8re dans la formation bas\u00e9e dans la province de Buenos Aires. Pass\u00e9 par l\u2019Union Bordeaux-B\u00e8gles entre 2019 et 2023, l\u2019ailier avait fait le bonheur des supporters girondins, encha\u00eenant les essais. Il devrait ainsi s\u2019offrir une derni\u00e8re aventure dans son club formateur avant de raccrocher les crampons.<\/p>\n<p>Partagez cette info avec vos amis et vos proches en cliquant ici<br \/>Pour r\u00e9sumer<\/p>\n<p>Un joueur pass\u00e9 par l\u2019Union Bordeaux-B\u00e8gles a d\u00e9cid\u00e9 de retrouver son club formateur en Argentine pour y poursuivre la fin de sa carri\u00e8re. Laiss\u00e9 libre par le Connacht en fin de saison, Santiago Cordero va rebondir \u00e0 Bella Vista.<\/p>\n<p> <img decoding=\"async\" width=\"76\" height=\"76\" loading=\"lazy\" src=\"https:\/\/www.europesays.com\/fr\/wp-content\/uploads\/2025\/04\/avatar-quinze.png\" alt=\"Arnaud D\u00e9chelotte\"\/><\/p>\n","protected":false},"excerpt":{"rendered":"Le choix du c\u0153ur pour Santiago Cordero. Libre de tout contrat depuis son d\u00e9part du Connacht en fin&hellip;\n","protected":false},"author":2,"featured_media":325990,"comment_status":"","ping_status":"","sticky":false,"template":"","format":"standard","meta":{"footnotes":""},"categories":[1416],"tags":[1011,27,479,1468,60],"class_list":{"0":"post-325989","1":"post","2":"type-post","3":"status-publish","4":"format-standard","5":"has-post-thumbnail","7":"category-rugby","8":"tag-fr","9":"tag-france","10":"tag-rugby","11":"tag-rugby-football","12":"tag-sports"},"share_on_mastodon":{"url":"https:\/\/pubeurope.com\/@fr\/115047102335244839","error":""},"_links":{"self":[{"href":"https:\/\/www.europesays.com\/fr\/wp-json\/wp\/v2\/posts\/325989","targetHints":{"allow":["GET"]}}],"collection":[{"href":"https:\/\/www.europesays.com\/fr\/wp-json\/wp\/v2\/posts"}],"about":[{"href":"https:\/\/www.europesays.com\/fr\/wp-json\/wp\/v2\/types\/post"}],"author":[{"embeddable":true,"href":"https:\/\/www.europesays.com\/fr\/wp-json\/wp\/v2\/users\/2"}],"replies":[{"embeddable":true,"href":"https:\/\/www.europesays.com\/fr\/wp-json\/wp\/v2\/comments?post=325989"}],"version-history":[{"count":0,"href":"https:\/\/www.europesays.com\/fr\/wp-json\/wp\/v2\/posts\/325989\/revisions"}],"wp:featuredmedia":[{"embeddable":true,"href":"https:\/\/www.europesays.com\/fr\/wp-json\/wp\/v2\/media\/325990"}],"wp:attachment":[{"href":"https:\/\/www.europesays.com\/fr\/wp-json\/wp\/v2\/media?parent=325989"}],"wp:term":[{"taxonomy":"category","embeddable":true,"href":"https:\/\/www.europesays.com\/fr\/wp-json\/wp\/v2\/categories?post=325989"},{"taxonomy":"post_tag","embeddable":true,"href":"https:\/\/www.europesays.com\/fr\/wp-json\/wp\/v2\/tags?post=325989"}],"curies":[{"name":"wp","href":"https:\/\/api.w.org\/{rel}","templated":true}]}}