{"id":32599,"date":"2025-04-17T22:30:09","date_gmt":"2025-04-17T22:30:09","guid":{"rendered":"https:\/\/www.europesays.com\/fr\/32599\/"},"modified":"2025-04-17T22:30:09","modified_gmt":"2025-04-17T22:30:09","slug":"salut-trou-du-c-julien-courbet-fracasse-par-un-telespectateur-sur-m6","status":"publish","type":"post","link":"https:\/\/www.europesays.com\/fr\/32599\/","title":{"rendered":"\u00ab\u00a0Salut trou du c\u2026\u00a0\u00bb, Julien Courbet fracass\u00e9 par un t\u00e9l\u00e9spectateur sur M6"},"content":{"rendered":"<p>      R\u00e9sum\u00e9<\/p>\n<p>Julien Courbet a \u00e9t\u00e9 pris \u00e0 partie par un t\u00e9l\u00e9spectateur insultant durant l&rsquo;\u00e9mission en direct de \u00c7a peut vous arriver sur M6. <\/p>\n<p>        Sommaire<\/p>\n<p>Figure embl\u00e9matique du paysage audiovisuel fran\u00e7ais, <a href=\"https:\/\/www.public.fr\/julien-courbet-accuse-de-racisme-par-un-artisan-en-pleine-emission\" target=\"_blank\" rel=\"noopener\"><strong>Julien<\/strong> <strong>Courbet<\/strong><\/a> encha\u00eene les \u00e9missions cultes depuis des ann\u00e9es. <\/p>\n<p>De Sans aucun doute \u00e0 Si on chantait, en passant par Capital, l&rsquo;animateur vedette s&rsquo;est impos\u00e9 comme un pilier du petit \u00e9cran, \u00e0 la fois proche des gens et redoutablement efficace face aux injustices.<\/p>\n<p>Depuis 2020, il est d&rsquo;ailleurs aux commandes de <strong>\u00c7a peut vous arriver<\/strong>, diffus\u00e9 en simultan\u00e9 sur M6 et RTL. Un programme au succ\u00e8s constant, qui lui r\u00e9serve r\u00e9guli\u00e8rement son lot de surprises, bonnes comme mauvaises&#8230; <\/p>\n<p>Julien Courbet insult\u00e9 en direct<\/p>\n<p>Ce mardi 15 avril 2025, alors qu&rsquo;il animait un in\u00e9dit en direct, Julien Courbet a \u00e9t\u00e9 violemment <strong>pris \u00e0 partie par un auditeur<\/strong>, qui n&rsquo;a pas h\u00e9sit\u00e9 \u00e0 l&rsquo;insulter \u00e0 l&rsquo;antenne. <\/p>\n<p>Dans ce num\u00e9ro, <a href=\"https:\/\/www.public.fr\/julien-courbet-vire-dun-magasin-il-pousse-un-coup-de-gueule\" target=\"_blank\" rel=\"noopener\">celui qui a r\u00e9cemment \u00e9t\u00e9 vir\u00e9 d&rsquo;un magasin<\/a> s&rsquo;est occup\u00e9 d&rsquo;un cas sp\u00e9cial : un appartement est occup\u00e9 ill\u00e9galement par les enfants d&rsquo;une locataire d\u00e9c\u00e9d\u00e9e, qui refusent de payer le loyer. <\/p>\n<p>Julien Courbet a donc tent\u00e9 de contacter le fils, mais celui-ci s&rsquo;est emport\u00e9 d\u00e8s qu&rsquo;il a compris qu&rsquo;il avait l&rsquo;animateur au bout du fil. <\/p>\n<p>\u00ab\u00a0Nous sommes en direct sur la radio RTL&#8230;\u00a0\u00bb, a d&rsquo;abord lanc\u00e9 le pr\u00e9sentateur avant que son interlocuteur ne lui coupe la parole : \u00ab\u00a0<strong>Ah oui oui. Tu veux m&rsquo;\u00e9couter ?<\/strong>\u00ab\u00a0, a demand\u00e9 ce dernier. Ce \u00e0 quoi l&rsquo;ami de Cyril Hanouna a r\u00e9pondu : \u00ab\u00a0Attendez monsieur, je vous appelle gentiment parce que V\u00e9ronique nous dit que la locataire est d\u00e9c\u00e9d\u00e9e. Elle a d\u00e9couvert, il y a plusieurs mois, que vous vous \u00eates install\u00e9s dans son appartement et que vous ne payez pas les loyers\u00a0\u00bb. Il n&rsquo;en fallait pas plus pour d\u00e9clencher la col\u00e8re du concern\u00e9.<\/p>\n<p>\u00ab\u00a0<strong>Ah c&rsquo;est Julien Courbet ? Et bah salut trou du cul ! Au plaisir de t&rsquo;avoir<\/strong>\u00ab\u00a0, a l\u00e2ch\u00e9 l&rsquo;auditeur. Une phrase qui a suscit\u00e9 de vives r\u00e9actions. <\/p>\n<p>L&rsquo;\u00e9tonnante r\u00e9action de l&rsquo;animateur<\/p>\n<p>Loin de se vexer pour si peu, la star du PAF n&rsquo;a pu s&#8217;emp\u00eacher de sourire. \u00ab\u00a0<strong>Je ne peux que m&rsquo;incliner. Franchement, je ne lui en veux pas parce que c&rsquo;est une grande premi\u00e8re. Qui lui a dit ? Qui lui a souffl\u00e9<\/strong>\u00ab\u00a0, a-t-il ensuite d\u00e9clar\u00e9. <\/p>\n<p>Et d&rsquo;ajouter sur X (anciennement Twitter) : \u00ab\u00a0<strong>Je viens de me faire traiter de trou du cul en direct sur RTL. Enfin un qui dit tout haut ce que tout le monde pense tout bas<\/strong>\u00ab\u00a0. Malaise&#8230; <\/p>\n<blockquote class=\"twitter-tweet\">\n<p>Je viens de me faire traiter de trou du cul en direct sur <a href=\"https:\/\/twitter.com\/RTLFrance?ref_src=twsrc%5Etfw\" target=\"_blank\" rel=\"noopener\">@RTLFrance<\/a> <br \/>Enfin un qui dit tout haut ce que tout le monde pense tout bas \ud83d\ude1c\ud83e\udd2a <a href=\"https:\/\/twitter.com\/hashtag\/cpva?src=hash&amp;ref_src=twsrc%5Etfw\" target=\"_blank\" rel=\"noopener\">#cpva<\/a> sur rtl en ce moment<\/p>\n<p>\u2014 Julien Courbet (@courbet_julien) <a href=\"https:\/\/twitter.com\/courbet_julien\/status\/1912060465133342963?ref_src=twsrc%5Etfw\" target=\"_blank\" rel=\"noopener\">April 15, 2025<\/a><\/p><\/blockquote>\n<p>      Mentionn\u00e9s dans cet article<\/p>\n<p>\u00c0 lire aussi<\/p>\n<p><script async src=\"https:\/\/platform.twitter.com\/widgets.js\" charset=\"utf-8\"><\/script><\/p>\n","protected":false},"excerpt":{"rendered":"R\u00e9sum\u00e9 Julien Courbet a \u00e9t\u00e9 pris \u00e0 partie par un t\u00e9l\u00e9spectateur insultant durant l&rsquo;\u00e9mission en direct de \u00c7a&hellip;\n","protected":false},"author":2,"featured_media":32600,"comment_status":"","ping_status":"","sticky":false,"template":"","format":"standard","meta":{"footnotes":""},"categories":[1359],"tags":[10949,58,59,1011,27,10950,494,973],"class_list":{"0":"post-32599","1":"post","2":"type-post","3":"status-publish","4":"format-standard","5":"has-post-thumbnail","7":"category-people","8":"tag-ca-peut-vous-arriver","9":"tag-divertissement","10":"tag-entertainment","11":"tag-fr","12":"tag-france","13":"tag-julien-courbet","14":"tag-m6","15":"tag-people"},"share_on_mastodon":{"url":"https:\/\/pubeurope.com\/@fr\/114355674977925420","error":""},"_links":{"self":[{"href":"https:\/\/www.europesays.com\/fr\/wp-json\/wp\/v2\/posts\/32599","targetHints":{"allow":["GET"]}}],"collection":[{"href":"https:\/\/www.europesays.com\/fr\/wp-json\/wp\/v2\/posts"}],"about":[{"href":"https:\/\/www.europesays.com\/fr\/wp-json\/wp\/v2\/types\/post"}],"author":[{"embeddable":true,"href":"https:\/\/www.europesays.com\/fr\/wp-json\/wp\/v2\/users\/2"}],"replies":[{"embeddable":true,"href":"https:\/\/www.europesays.com\/fr\/wp-json\/wp\/v2\/comments?post=32599"}],"version-history":[{"count":0,"href":"https:\/\/www.europesays.com\/fr\/wp-json\/wp\/v2\/posts\/32599\/revisions"}],"wp:featuredmedia":[{"embeddable":true,"href":"https:\/\/www.europesays.com\/fr\/wp-json\/wp\/v2\/media\/32600"}],"wp:attachment":[{"href":"https:\/\/www.europesays.com\/fr\/wp-json\/wp\/v2\/media?parent=32599"}],"wp:term":[{"taxonomy":"category","embeddable":true,"href":"https:\/\/www.europesays.com\/fr\/wp-json\/wp\/v2\/categories?post=32599"},{"taxonomy":"post_tag","embeddable":true,"href":"https:\/\/www.europesays.com\/fr\/wp-json\/wp\/v2\/tags?post=32599"}],"curies":[{"name":"wp","href":"https:\/\/api.w.org\/{rel}","templated":true}]}}