{"id":325993,"date":"2025-08-18T01:12:10","date_gmt":"2025-08-18T01:12:10","guid":{"rendered":"https:\/\/www.europesays.com\/fr\/325993\/"},"modified":"2025-08-18T01:12:10","modified_gmt":"2025-08-18T01:12:10","slug":"grand-prix-dautriche-de-motogp-2025-acosta-4e-resultats","status":"publish","type":"post","link":"https:\/\/www.europesays.com\/fr\/325993\/","title":{"rendered":"Grand Prix d&rsquo;Autriche de MotoGP 2025 : Acosta 4e ! R\u00e9sultats"},"content":{"rendered":"<p>Dimanche, Acosta s\u2019est rapidement mis en action. Auteur d\u2019un bon d\u00e9part, il a gagn\u00e9 trois positions dans les premiers tours malgr\u00e9 une 7e place sur la grille de d\u00e9part. \u00c0 la mi-course, il a profit\u00e9 d\u2019une erreur de Francesco Bagnaia pour grimper en troisi\u00e8me position, laissant esp\u00e9rer un nouveau top 3. Mais au 24\u1d49 tour, le rookie Fermin Aldeguer, impressionnant pour sa premi\u00e8re apparition, a trouv\u00e9 l\u2019ouverture. Acosta a d\u00fb se contenter de la quatri\u00e8me place derri\u00e8re M\u00e1rquez, Aldeguer et Marco Bezzecchi.<\/p>\n<p>Classement du Championnat du monde de MotoGP 2025 apr\u00e8s le Grand Prix d&rsquo;Autriche<\/p>\n","protected":false},"excerpt":{"rendered":"Dimanche, Acosta s\u2019est rapidement mis en action. Auteur d\u2019un bon d\u00e9part, il a gagn\u00e9 trois positions dans les&hellip;\n","protected":false},"author":2,"featured_media":325994,"comment_status":"","ping_status":"","sticky":false,"template":"","format":"standard","meta":{"footnotes":""},"categories":[1413],"tags":[1011,27,1457,1456,60],"class_list":{"0":"post-325993","1":"post","2":"type-post","3":"status-publish","4":"format-standard","5":"has-post-thumbnail","7":"category-moto","8":"tag-fr","9":"tag-france","10":"tag-moto","11":"tag-motocycle","12":"tag-sports"},"share_on_mastodon":{"url":"https:\/\/pubeurope.com\/@fr\/115047113941318683","error":""},"_links":{"self":[{"href":"https:\/\/www.europesays.com\/fr\/wp-json\/wp\/v2\/posts\/325993","targetHints":{"allow":["GET"]}}],"collection":[{"href":"https:\/\/www.europesays.com\/fr\/wp-json\/wp\/v2\/posts"}],"about":[{"href":"https:\/\/www.europesays.com\/fr\/wp-json\/wp\/v2\/types\/post"}],"author":[{"embeddable":true,"href":"https:\/\/www.europesays.com\/fr\/wp-json\/wp\/v2\/users\/2"}],"replies":[{"embeddable":true,"href":"https:\/\/www.europesays.com\/fr\/wp-json\/wp\/v2\/comments?post=325993"}],"version-history":[{"count":0,"href":"https:\/\/www.europesays.com\/fr\/wp-json\/wp\/v2\/posts\/325993\/revisions"}],"wp:featuredmedia":[{"embeddable":true,"href":"https:\/\/www.europesays.com\/fr\/wp-json\/wp\/v2\/media\/325994"}],"wp:attachment":[{"href":"https:\/\/www.europesays.com\/fr\/wp-json\/wp\/v2\/media?parent=325993"}],"wp:term":[{"taxonomy":"category","embeddable":true,"href":"https:\/\/www.europesays.com\/fr\/wp-json\/wp\/v2\/categories?post=325993"},{"taxonomy":"post_tag","embeddable":true,"href":"https:\/\/www.europesays.com\/fr\/wp-json\/wp\/v2\/tags?post=325993"}],"curies":[{"name":"wp","href":"https:\/\/api.w.org\/{rel}","templated":true}]}}