{"id":325997,"date":"2025-08-18T01:14:14","date_gmt":"2025-08-18T01:14:14","guid":{"rendered":"https:\/\/www.europesays.com\/fr\/325997\/"},"modified":"2025-08-18T01:14:14","modified_gmt":"2025-08-18T01:14:14","slug":"resultat-de-letape-2-a-matoury-et-remire-montjoly","status":"publish","type":"post","link":"https:\/\/www.europesays.com\/fr\/325997\/","title":{"rendered":"R\u00e9sultat de l&rsquo;\u00e9tape 2 \u00e0 Matoury et R\u00e9mire-Montjoly"},"content":{"rendered":"<p>Une journ\u00e9e forte en rebondissement ce dimanche 17 ao\u00fbt 2025. L&rsquo;\u00e9tape 2 du tour de Guyane \u00e9tait en deux tron\u00e7ons, l&rsquo;un au d\u00e9part de Matoury, l&rsquo;autre \u00e0 R\u00e9mire-Montjoly. Le maillot jaune est Baptiste Derouault, de la Team 74 Haute Savoie. Consultez le classement g\u00e9n\u00e9ral. <\/p>\n<p>\t\t\t\t                        <a href=\"https:\/\/la1ere.franceinfo.fr\/redaction\/ludmia-lewis\" class=\"a-article__author\" rel=\"nofollow noopener\" target=\"_blank\">Ludm\u00efa Lewis<\/a>            \t\t\t\t\u2022<\/p>\n<p>            Publi\u00e9 le 17 ao\u00fbt 2025 \u00e0 20h45<\/p>\n<p>\u00c0 l\u2019issue de l&rsquo;\u00e9tape 2.2, Baptiste DEROUAULT est le nouveau maillot jaune du Tour de Guyane. La veille, il avait \u00e9t\u00e9 remport\u00e9 par Jules de Coq de la Global Cycling Team, qui l&rsquo;avait d\u00e9j\u00e0 perdu \u00e0 l&rsquo;issue du tron\u00e7on 1 de l&rsquo;\u00e9tape 2. La tunique \u00e9tait alors port\u00e9e par Hermann Keller.<\/p>\n<p><a target=\"_blank\" rel=\"noopener noreferrer nofollow\" href=\"https:\/\/la1ere.franceinfo.fr\/guyane\/direct-tour-de-guyane-2025-suivez-le-premier-troncon-de-l-etape-2-au-depart-de-matoury-1614233.html\"><strong>REPLAY. Tour de Guyane 2025 : Le Guadeloup\u00e9en Ronald Geran remporte cette \u00e9tape 2.2 \u00e0 R\u00e9mire-Montjoly<\/strong><\/a><\/p>\n<p>Voici les 10 premiers du classement g\u00e9n\u00e9ral :<\/p>\n<ol>\n<li>Baptiste DEROUAULT (Haute Savoie)<\/li>\n<li>Albrecht DREWESE (Allemagne)<\/li>\n<li>Mathieu GOULET (Qu\u00e9bec)<\/li>\n<li>Ronald GERAN (Guadeloupe)<\/li>\n<li>Terry TSANG YEE MO\u00cf (ECG)<\/li>\n<li>Myron STANIS (ECG)<\/li>\n<li>Marc FLAVIEN (Martinique)<\/li>\n<li>J\u00e9r\u00e9my MANGIN (Born&rsquo;heures)<\/li>\n<li>Kendrick CLAVIER (Guadeloupe)<\/li>\n<li>Oscar HUTCHINGS (G-Bretagne)<\/li>\n<\/ol>\n<p>\u00c0 venir, les classements officiels du comit\u00e9 r\u00e9gional<\/p>\n<p>            Partager l&rsquo;article<\/p>\n<p>    Fermer la fen\u00eatre de partage<\/p>\n<p>                        <img class=\"m-share-modal__article-illustration lazy\" width=\"80\" height=\"80\" aria-hidden=\"true\" data-src=\"https:\/\/www.europesays.com\/fr\/wp-content\/uploads\/2025\/08\/2025-08-04-19-32-26-tour-de-guyane-2025-un-trace-plus-long-et-tres-oriente-dans-l-ouest-guyanais-689.png\" alt=\"\"\/><\/p>\n<p class=\"m-share-modal__article-title\">CLASSEMENT. Tour de Guyane 2025 : R\u00e9sultat de l&rsquo;\u00e9tape 2 \u00e0 Matoury et R\u00e9mire-Montjoly<\/p>\n","protected":false},"excerpt":{"rendered":"Une journ\u00e9e forte en rebondissement ce dimanche 17 ao\u00fbt 2025. L&rsquo;\u00e9tape 2 du tour de Guyane \u00e9tait en&hellip;\n","protected":false},"author":2,"featured_media":324781,"comment_status":"","ping_status":"","sticky":false,"template":"","format":"standard","meta":{"footnotes":""},"categories":[1411],"tags":[1154,207,1011,27,60],"class_list":{"0":"post-325997","1":"post","2":"type-post","3":"status-publish","4":"format-standard","5":"has-post-thumbnail","7":"category-cyclisme","8":"tag-cycling","9":"tag-cyclisme","10":"tag-fr","11":"tag-france","12":"tag-sports"},"share_on_mastodon":{"url":"https:\/\/pubeurope.com\/@fr\/115047121879459658","error":""},"_links":{"self":[{"href":"https:\/\/www.europesays.com\/fr\/wp-json\/wp\/v2\/posts\/325997","targetHints":{"allow":["GET"]}}],"collection":[{"href":"https:\/\/www.europesays.com\/fr\/wp-json\/wp\/v2\/posts"}],"about":[{"href":"https:\/\/www.europesays.com\/fr\/wp-json\/wp\/v2\/types\/post"}],"author":[{"embeddable":true,"href":"https:\/\/www.europesays.com\/fr\/wp-json\/wp\/v2\/users\/2"}],"replies":[{"embeddable":true,"href":"https:\/\/www.europesays.com\/fr\/wp-json\/wp\/v2\/comments?post=325997"}],"version-history":[{"count":0,"href":"https:\/\/www.europesays.com\/fr\/wp-json\/wp\/v2\/posts\/325997\/revisions"}],"wp:featuredmedia":[{"embeddable":true,"href":"https:\/\/www.europesays.com\/fr\/wp-json\/wp\/v2\/media\/324781"}],"wp:attachment":[{"href":"https:\/\/www.europesays.com\/fr\/wp-json\/wp\/v2\/media?parent=325997"}],"wp:term":[{"taxonomy":"category","embeddable":true,"href":"https:\/\/www.europesays.com\/fr\/wp-json\/wp\/v2\/categories?post=325997"},{"taxonomy":"post_tag","embeddable":true,"href":"https:\/\/www.europesays.com\/fr\/wp-json\/wp\/v2\/tags?post=325997"}],"curies":[{"name":"wp","href":"https:\/\/api.w.org\/{rel}","templated":true}]}}