{"id":325998,"date":"2025-08-18T01:15:08","date_gmt":"2025-08-18T01:15:08","guid":{"rendered":"https:\/\/www.europesays.com\/fr\/325998\/"},"modified":"2025-08-18T01:15:08","modified_gmt":"2025-08-18T01:15:08","slug":"auxerre-lorient-il-aurait-du-tirer-imbroglio-autour-de-la-designation-du-tireur-du-penalty-auxerrois-rate-rmc-sport","status":"publish","type":"post","link":"https:\/\/www.europesays.com\/fr\/325998\/","title":{"rendered":"Auxerre-Lorient: &quot;Il aurait d\u00fb tirer&quot;, imbroglio autour de la d\u00e9signation du tireur du penalty auxerrois&#8230; rat\u00e9 &#8211; RMC Sport"},"content":{"rendered":"<ol>\n<li><a href=\"https:\/\/news.google.com\/rss\/articles\/CBMi_wFBVV95cUxOUDVBM1F4MERQeGJyS3NaLU40R0o0Y0YxS3dTWWNPLTZKWVhySUFPSmdqZ1AtMFdkZ2lyNlpxTVE3V01jaURobmRVeTI5ZkV0NlZqRWlCajVqbDZxVUhIQ1dmcjFKOW5lZzR0azdOYjdOSnBwRTQ1Q2gzd1luQXYxM21PN2FjTk5xY0tTYTc4MXhUeFFocERPWlJ5dUJJX0ZnVTJkTEg5d29HMW00ejZHamJZamJIUm1UQUNnOEMyU2dlbkdUSDZoSkdGUHd3NlUyN3l2U2szU2xrbE5VbmJJY082MEZaX2xpaVpVdlFNX1ByMEgxR0dJZzhFbEJHM0U?oc=5\" target=\"_blank\" rel=\"nofollow noopener\">Auxerre-Lorient: \u00ab\u00a0Il aurait d\u00fb tirer\u00a0\u00bb, imbroglio autour de la d\u00e9signation du tireur du penalty auxerrois&#8230; rat\u00e9<\/a>&nbsp;&nbsp;RMC Sport<\/li>\n<li><a href=\"https:\/\/news.google.com\/rss\/articles\/CBMisgFBVV95cUxPdEVabEluRDFGSzBfR1pFZlFkWHk3YzVGQThQcE04Q3UxLVJzanBCZk9Ecl9KYVVIU2VPNUlPaWRFMkJuZEZiLXNjWU9lWmUtN0JKMDl2bFRWRzVEMHdITGJCVUs0WlBYZHlGYkNwaGl0aXZRTGx4cHJVdGY2c0N6YUMxaG1VYnRyYXU4NDJvbUk5WFdFV2FEdUxwNlNOMWJjc1ZORGdYYWhtdjVwaUJDWTZn0gGwAUFVX3lxTE9KN050VVV2Uml4ajZ2X1gyYlduTVJSRndfdEZleGFZb3d0NlJqbTU0dGhZTTB5ci1EZmtQVmpqZkxadDFYdDkzYUFNc0dQQ2NLZ3hSbGJIR2ZMZ1BfLWc3TEhFV1pieUY1QUh2SExaZ2pFWTR3RlZLUVJmb3lXSUYxTlZfRmpfdzByaTJGdU1KNjZYUGFjRjRUYjlXZWFQbzc2dG1ldk5JcHpEN0szck9R?oc=5\" target=\"_blank\" rel=\"nofollow noopener\">Ligue 1 (J1) : Auxerre s&rsquo;impose face \u00e0 Lorient<\/a>&nbsp;&nbsp;Orange Actualit\u00e9s | Sports<\/li>\n<li><a href=\"https:\/\/news.google.com\/rss\/articles\/CBMirwFBVV95cUxNNndubm4yZzRpa0EwLUtKWUROMklKTkd5bVJucjRleXNvdjYtVEFxSEFMZ0Y3bFg2SjdqeU83SkFOUnRJai1oanJNcldLWGExVzVtenBrd214M1oxU3pveHFObkxndHowMFQ0TnNBWWVST2k4NDZwQlNJQnZVSGhtbXJOa1Ntdnh4N3dvbU52UG5TcjR6czBXb2RIZDRxY29qU2R4azdSd2pRVTlyVlJZ?oc=5\" target=\"_blank\" rel=\"nofollow noopener\">Les notes d&rsquo;Auxerre-Lorient : Donovan L\u00e9on toujours aussi solide<\/a>&nbsp;&nbsp;L&rsquo;\u00c9quipe<\/li>\n<li><a href=\"https:\/\/news.google.com\/rss\/articles\/CBMiiAJBVV95cUxQajN5QVczLWp1dlZ5cl95R0ExbThmMmFJUjNwZmROSHRpaklxS3BzbENrQzdBYlVhZ1paeVAzTkY2UDNjdlR2QTFCWTl0Q2hhT3JMVzY5VmdGS0g1cUl3ck4zZm1qZjZBdEtsLS1URlFQcGM1Q0JJS3dLZ0doVTJMY3BTYzByZ2JLV19KX2Z0X183NExDaF8xSGNTa29HU0N0SXZkUWJ0Ny1YY0EwY1NBdUtDX1ZwSlYxR0ZYa3RhbE1GWjR4SWtIekNHY2RRblp6Vk5fWjNZdUFrbUw1bHBYOHM0QnoyTUVqd0lJSzc1UEVpVFNTa2pjNHZ3Rl9PZndRenVtdjQ5OVA?oc=5\" target=\"_blank\" rel=\"nofollow noopener\">Auxerre &#8211; Lorient : sur quelle cha\u00eene et \u00e0 quelle heure voir le match de Ligue 1 en direct ?<\/a>&nbsp;&nbsp;Ouest-France<\/li>\n<li><a href=\"https:\/\/news.google.com\/rss\/articles\/CBMi0gFBVV95cUxQZ0ZNNkhWTTI4d1pXLVVJWVlSYmd4WnZvbkJmYzRvOUJiN1EwOUJMTHhIeU00akxxYUpXLVl1VzVFLUMyVzk0MWFqbEZtd3VJUTlJNm8wdms3TjZyZXhiZzBCOUYzNFNmOUx6eHQ2UmlrOURnSU9fVkZXRlhSUl9LdXR6aElDQUpoUnVSUVkyOEdqc2dKeVlUeEplR2F2bnpoSVRFem4ySHFoT1haWDlqcGdWNlZ2R1U4eF9VbTBKdW5HUWNLQW0xbDM2SGx2WTd0S3c?oc=5\" target=\"_blank\" rel=\"nofollow noopener\">Posez vos questions apr\u00e8s AJA-Lorient, nos journalistes y r\u00e9pondront dans le D\u00e9b&rsquo;AJA !<\/a>&nbsp;&nbsp;L&rsquo;Yonne R\u00e9publicaine<\/li>\n<\/ol>\n","protected":false},"excerpt":{"rendered":"Auxerre-Lorient: \u00ab\u00a0Il aurait d\u00fb tirer\u00a0\u00bb, imbroglio autour de la d\u00e9signation du tireur du penalty auxerrois&#8230; rat\u00e9&nbsp;&nbsp;RMC Sport Ligue&hellip;\n","protected":false},"author":2,"featured_media":1445,"comment_status":"","ping_status":"","sticky":false,"template":"","format":"standard","meta":{"footnotes":""},"categories":[1410],"tags":[63,1011,27,60],"class_list":{"0":"post-325998","1":"post","2":"type-post","3":"status-publish","4":"format-standard","5":"has-post-thumbnail","7":"category-football","8":"tag-football","9":"tag-fr","10":"tag-france","11":"tag-sports"},"share_on_mastodon":{"url":"https:\/\/pubeurope.com\/@fr\/115047125798023730","error":""},"_links":{"self":[{"href":"https:\/\/www.europesays.com\/fr\/wp-json\/wp\/v2\/posts\/325998","targetHints":{"allow":["GET"]}}],"collection":[{"href":"https:\/\/www.europesays.com\/fr\/wp-json\/wp\/v2\/posts"}],"about":[{"href":"https:\/\/www.europesays.com\/fr\/wp-json\/wp\/v2\/types\/post"}],"author":[{"embeddable":true,"href":"https:\/\/www.europesays.com\/fr\/wp-json\/wp\/v2\/users\/2"}],"replies":[{"embeddable":true,"href":"https:\/\/www.europesays.com\/fr\/wp-json\/wp\/v2\/comments?post=325998"}],"version-history":[{"count":0,"href":"https:\/\/www.europesays.com\/fr\/wp-json\/wp\/v2\/posts\/325998\/revisions"}],"wp:featuredmedia":[{"embeddable":true,"href":"https:\/\/www.europesays.com\/fr\/wp-json\/wp\/v2\/media\/1445"}],"wp:attachment":[{"href":"https:\/\/www.europesays.com\/fr\/wp-json\/wp\/v2\/media?parent=325998"}],"wp:term":[{"taxonomy":"category","embeddable":true,"href":"https:\/\/www.europesays.com\/fr\/wp-json\/wp\/v2\/categories?post=325998"},{"taxonomy":"post_tag","embeddable":true,"href":"https:\/\/www.europesays.com\/fr\/wp-json\/wp\/v2\/tags?post=325998"}],"curies":[{"name":"wp","href":"https:\/\/api.w.org\/{rel}","templated":true}]}}