{"id":326001,"date":"2025-08-18T01:17:22","date_gmt":"2025-08-18T01:17:22","guid":{"rendered":"https:\/\/www.europesays.com\/fr\/326001\/"},"modified":"2025-08-18T01:17:22","modified_gmt":"2025-08-18T01:17:22","slug":"a-aix-en-provence-dans-lintimite-de-cezanne-au-jas-de-bouffan","status":"publish","type":"post","link":"https:\/\/www.europesays.com\/fr\/326001\/","title":{"rendered":"\u00c0 Aix-en-Provence, dans l\u2019intimit\u00e9 de Cezanne au Jas de Bouffan"},"content":{"rendered":"<p>\n                                                                Aix-en-Provence c\u00e9l\u00e8bre Paul Cezanne avec une exposition majuscule au mus\u00e9e Granet, l\u2019ouverture de la bastide familiale au Jas de Bouffan et la restauration de l\u2019atelier des Lauves.\n                            <\/p>\n<p>\u00c0 l\u2019\u00e9poque de Paul Cezanne, la bastide du Jas de Bouffan \u00e9tait perdue au milieu des vignes. Aujourd\u2019hui, elle est pr\u00e8s de l\u2019autoroute, entour\u00e9e par les immeubles. Les grands marronniers de l\u2019all\u00e9e sont morts mais la b\u00e2tisse a miraculeusement travers les temps, avec cinq hectares de jardins. Pour le peintre, c\u2019est l\u00e0, dans le grand salon, que tout a commenc\u00e9. Remarquablement restaur\u00e9e, elle accueille depuis le d\u00e9but de l\u2019\u00e9t\u00e9 les visiteurs \u00e0 l\u2019occasion de la saison Cezanne 2025 organis\u00e9e par la ville d\u2019Aix-en-Provence, en l\u2019honneur de l\u2019enfant du pays.<\/p>\n<p>        <img decoding=\"async\" class=\"std-img__img responsive-img\" src=\"https:\/\/www.europesays.com\/fr\/wp-content\/uploads\/2025\/08\/1755479842_237_image.jpg\" alt=\"La bastide du Jas de Bouffan ouvre ses portes aux visiteurs.\"\/><\/p>\n<p>                La bastide du Jas de Bouffan ouvre ses portes aux visiteurs.<\/p>\n<p>Les travaux vont encore durer quelque temps, mais on peut d\u00e9j\u00e0 d\u00e9couvrir ce lieu o\u00f9 s\u2019est invent\u00e9e une partie de la modernit\u00e9. Acquise par le p\u00e8re de l\u2019artiste en 1859, elle restera dans la famille jusqu\u2019en 1899. Gr\u00e2ce \u00e0 des projections num\u00e9riques, les murs peints dans le grand\u00a0par le jeune peintre \u00e0 20 ans reprennent vie, puis le visiteur peut grimper sous les toits dans le second atelier avec sa grande fen\u00eatre ouverte sur les frondaisons.<\/p>\n<p>Quarante ann\u00e9es de chefs-d\u2019\u0153uvre<\/p>\n<p>Baigneuses, paysages, natures mortes\u2026 Pendant 40 ans, vont\u00a0na\u00eetre ici des chefs-d\u2019\u0153uvre, dispers\u00e9s \u00e0 travers le monde et r\u00e9unis aujourd\u2019hui au mus\u00e9e Granet avec une exposition de 140 \u0153uvres, pr\u00eat\u00e9es par les plus grands mus\u00e9es de la plan\u00e8te. Une exposition magnifique bien s\u00fbr, mais surtout lumineuse d\u2019intelligence gr\u00e2ce au travail des commissaires Bruno Ely, directeur du mus\u00e9e Granet et\u00a0Denis Coutagne, pr\u00e9sident de la soci\u00e9t\u00e9 Paul Cezanne, tous deux sp\u00e9cialistes de l\u2019\u0153uvre du peintre\u2026 C\u2019est bien simple\u00a0! Vous ne connaissez rien \u00e0 Cezanne\u00a0? En sortant de l\u2019exposition, vous aurez tout compris\u00a0! Les grands moyens d\u00e9ploy\u00e9s, notamment des \u00e9clairages permettant d\u2019accrocher c\u00f4te \u00e0 c\u00f4te des peintures et de fragiles aquarelles rendent encore plus lisible cet accrochage.<\/p>\n<p>\u00a0<\/p>\n<p>Avec la douzaine d\u2019autoportraits ponctuant l\u2019exposition, le temps s\u2019\u00e9coule depuis les grands d\u00e9cors peints pendant une dizaine d\u2019ann\u00e9es sur les murs du Jas de Bouffan, d\u00e9pos\u00e9s puis vendus \u00e0 la d\u00e9coupe aux quatre coins du monde.\u00a0Environ 70\u00a0% du grand salon a \u00e9t\u00e9 rassembl\u00e9 pour une entr\u00e9e en mati\u00e8re majestueuse et se devine d\u00e9j\u00e0 les recherches \u00e0 venir de Paul Cezanne. Le dernier morceau, L\u2019Entr\u00e9e du ch\u00e2teau, a \u00e9t\u00e9 retrouv\u00e9 au Japon trois semaines seulement avant le vernissage\u00a0!<\/p>\n<p>Dans ces premi\u00e8res \u0153uvres, appara\u00eet un Cezanne expressionniste. \u00ab\u00a0Cela montre la libert\u00e9 d\u2019un artiste\u00a0\u00bb, explique Bruno Ely. Au milieu du salon, tr\u00f4ne le portrait du p\u00e8re\u00a0qu\u2019il a cherch\u00e9 \u00e0 s\u00e9duire, \u00e0 convaincre et qu\u2019il signe Ingres, le seul nom de peintre connu du paternel. Les proches, les amis, la famille d\u00e9filent notamment Emile Zola. Au dos d\u2019un portrait de sa m\u00e8re \u00e0 la brosse, appara\u00eet le portrait de sa s\u0153ur au couteau.<\/p>\n<p>\u00ab\u00a0Un pied dans la tradition, un pied dans la modernit\u00e9\u00a0\u00bb<\/p>\n<p>Peu \u00e0 peu, cette premi\u00e8re mani\u00e8re \u00ab\u00a0couillarde\u00a0\u00bb laisse la place aux \u0153uvres de la maturit\u00e9, adoucissant sa palette, dialoguant avec les impressionnistes, puis il d\u00e9structure sa touche, tord les perspectives, architecture ses compositions pour aller \u00e0 l\u2019essentiel avec une touche \u00ab\u00a0constructive\u00a0\u00bb. Une salle autour des paysages est particuli\u00e8rement impressionnante, une v\u00e9ritable le\u00e7on de peinture. Cezanne cherche, exp\u00e9rimente, s\u2019adapte, se remet sans cesse en question. Avec ses baigneuses, Cezanne travaille autour de la lumi\u00e8re, figure une symbiose entre le corps et la nature, \u00ab\u00a0un pied dans la tradition, un pied dans la modernit\u00e9\u00a0\u00bb, poursuit le commissaire. Une autre salle autour des fameuses natures mortes \u00e9blouit de m\u00eame, avec ses innovations, ses paradoxes. \u00ab\u00a0Plut\u00f4t que la fid\u00e9lit\u00e9 \u00e0 la r\u00e9alit\u00e9, il construit une stabilit\u00e9 par une s\u00e9rie d\u2019instabilit\u00e9s\u00a0\u00bb, r\u00e9sume Bruno Ely.<\/p>\n<p>\u00a0<\/p>\n<p>C\u2019est aussi au\u00a0Jas de Bouffan, qu\u2019il peint l\u2019une de ses toiles les plus c\u00e9l\u00e8bres, Les Joueurs de cartes, faisant poser les paysans des alentours. Le tableau, pr\u00eat\u00e9 par le mus\u00e9e d\u2019Orsay, est\u00a0remis en perspective \u00e0 la fois dans son \u0153uvre et dans l\u2019histoire de l\u2019art.<\/p>\n<p>L\u2019exposition s\u2019ach\u00e8ve par une \u00e9vocation de l\u2019ailleurs. Car Cezanne n\u2019a pas travaill\u00e9 qu\u2019au Jas de Bouffan, on conna\u00eet bien s\u00fbr ses vues de la Sainte-Victoire. Mais cet ailleurs, ce n\u2019est pas seulement l\u2019ext\u00e9rieur, c\u2019est aussi tout le XXe\u00a0si\u00e8cle qui va se nourrir de l\u2019\u0153uvre de Cezanne, comme le montre une Vue de la mer \u00e0 l\u2019Estaque, qui faisait partie de la collection de l\u2019un de ses plus admirateurs, Pablo Picasso.<\/p>\n<p>Exposition jusqu\u2019au 12\u00a0octobre. Vendredi au mercredi, 9\u00a0h-19\u00a0h\u00a0; jeudi, 12\u00a0h-22\u00a0h. Mus\u00e9e Granet, place Saint-Jean-de-Malte, Aix-en-Provence. 18\u00a0\u20ac, r\u00e9duit 16\u00a0\u20ac, gratuit \u00e9tudiants et \u2013 18 ans. R\u00e9servation obligatoire granet-reservation@mairie-aixenprovence.fr ou 04\u00a042\u00a052\u00a088\u00a032.<\/p>\n<p>Bastide du Jas de Bouffan, jusqu\u2019au 30\u00a0septembre, tous les jours, 9\u00a0h-19\u00a0h. Puis jusqu\u2019au 2\u00a0novembre, tous les jours, 10\u00a0h-17\u00a0h\u00a030. 4 route de Valcros, Aix-en-Provence. 9,50\u00a0\u20ac, r\u00e9duit 7,50\u00a0\u20ac, gratuit \u2013 12 ans. 04\u00a042\u00a016\u00a011\u00a061.<\/p>\n<p>        <img decoding=\"async\" class=\"std-img__img responsive-img\" src=\"https:\/\/www.europesays.com\/fr\/wp-content\/uploads\/2025\/08\/1755479842_394_image.jpg\" alt=\"L\u2019atelier des Lauves a \u00e9t\u00e9 restaur\u00e9 pour \u00eatre au plus pr\u00e8s de ce qu\u2019il \u00e9tait \u00e0 la mort de Cezanne.\"\/><\/p>\n<p>                L\u2019atelier des Lauves a \u00e9t\u00e9 restaur\u00e9 pour \u00eatre au plus pr\u00e8s de ce qu\u2019il \u00e9tait \u00e0 la mort de Cezanne.<\/p>\n<p>    L\u2019atelier des Lauves<\/p>\n<p>Construit sur les hauteurs de la ville en 1901, l\u2019atelier des Lauves d\u00e9voile l\u2019intimit\u00e9 d\u2019un Paul Cezanne vieillissant. Le peintre en avait lui-m\u00eame dessin\u00e9 les plans, avec son grand atelier largement ouvert sur l\u2019ext\u00e9rieur. Le lieu a \u00e9t\u00e9 sauv\u00e9 dans les ann\u00e9es 1950 gr\u00e2ce des m\u00e9c\u00e8nes am\u00e9ricains. Gr\u00e2ce \u00e0 un projet d\u2019am\u00e9nagement et\u00a0deux ann\u00e9es de travaux, la maison et le jardin ouvrent \u00e0 nouveau leurs\u00a0portes, au plus pr\u00e8s de ce qu\u2019il \u00e9tait \u00e0 l\u2019\u00e9poque de Cezanne. Son grand chevalet, sa derni\u00e8re palette, le pot \u00e0 gingembre des natures mortes, des cr\u00e2nes peuple encore ce lieu habit\u00e9 par la m\u00e9moire du peintre, mort en 1906, apr\u00e8s avoir un malaise sous l\u2019orage de la Sainte-Victoire.<\/p>\n<p>Jusqu\u2019au 30\u00a0septembre, tous les jours, 9\u00a0h-19\u00a0h. Puis jusqu\u2019au 2\u00a0novembre, tous les jours, 10\u00a0h-17\u00a0h\u00a030. Atelier des Lauves, 13 avenue Paul-Cezanne, Aix-en-Provence.\u00a09,50\u00a0\u20ac, r\u00e9duit 7,50\u00a0\u20ac, gratuit \u2013 12 ans. 04\u00a042\u00a016\u00a011\u00a061.<\/p>\n","protected":false},"excerpt":{"rendered":"Aix-en-Provence c\u00e9l\u00e8bre Paul Cezanne avec une exposition majuscule au mus\u00e9e Granet, l\u2019ouverture de la bastide familiale au Jas&hellip;\n","protected":false},"author":2,"featured_media":326002,"comment_status":"","ping_status":"","sticky":false,"template":"","format":"standard","meta":{"footnotes":""},"categories":[1358],"tags":[1348,1384,1385,1386,58,59,1011,27],"class_list":{"0":"post-326001","1":"post","2":"type-post","3":"status-publish","4":"format-standard","5":"has-post-thumbnail","7":"category-arts-et-design","8":"tag-arts","9":"tag-arts-and-design","10":"tag-arts-et-design","11":"tag-design","12":"tag-divertissement","13":"tag-entertainment","14":"tag-fr","15":"tag-france"},"share_on_mastodon":{"url":"https:\/\/pubeurope.com\/@fr\/115047133673281754","error":""},"_links":{"self":[{"href":"https:\/\/www.europesays.com\/fr\/wp-json\/wp\/v2\/posts\/326001","targetHints":{"allow":["GET"]}}],"collection":[{"href":"https:\/\/www.europesays.com\/fr\/wp-json\/wp\/v2\/posts"}],"about":[{"href":"https:\/\/www.europesays.com\/fr\/wp-json\/wp\/v2\/types\/post"}],"author":[{"embeddable":true,"href":"https:\/\/www.europesays.com\/fr\/wp-json\/wp\/v2\/users\/2"}],"replies":[{"embeddable":true,"href":"https:\/\/www.europesays.com\/fr\/wp-json\/wp\/v2\/comments?post=326001"}],"version-history":[{"count":0,"href":"https:\/\/www.europesays.com\/fr\/wp-json\/wp\/v2\/posts\/326001\/revisions"}],"wp:featuredmedia":[{"embeddable":true,"href":"https:\/\/www.europesays.com\/fr\/wp-json\/wp\/v2\/media\/326002"}],"wp:attachment":[{"href":"https:\/\/www.europesays.com\/fr\/wp-json\/wp\/v2\/media?parent=326001"}],"wp:term":[{"taxonomy":"category","embeddable":true,"href":"https:\/\/www.europesays.com\/fr\/wp-json\/wp\/v2\/categories?post=326001"},{"taxonomy":"post_tag","embeddable":true,"href":"https:\/\/www.europesays.com\/fr\/wp-json\/wp\/v2\/tags?post=326001"}],"curies":[{"name":"wp","href":"https:\/\/api.w.org\/{rel}","templated":true}]}}