{"id":326015,"date":"2025-08-18T01:25:11","date_gmt":"2025-08-18T01:25:11","guid":{"rendered":"https:\/\/www.europesays.com\/fr\/326015\/"},"modified":"2025-08-18T01:25:11","modified_gmt":"2025-08-18T01:25:11","slug":"des-enfants-issus-de-neandertal-et-homo-sapiens-bouleversent-larbre-de-levolution-humaine","status":"publish","type":"post","link":"https:\/\/www.europesays.com\/fr\/326015\/","title":{"rendered":"des enfants issus de N\u00e9andertal et Homo sapiens bouleversent l\u2019arbre de l\u2019\u00e9volution humaine"},"content":{"rendered":"<p><strong>Il y a 47 000 ans, la rencontre entre N\u00e9andertal et Homo Sapiens donnait naissance aux premiers b\u00e9b\u00e9s hybrides.<\/strong><\/p>\n<p><img fetchpriority=\"high\" decoding=\"async\" width=\"1024\" height=\"578\" src=\"https:\/\/www.europesays.com\/fr\/wp-content\/uploads\/2025\/08\/rencontre-neandertale-avec-homo-sapien-1024x578.webp.webp\" alt=\"Illustration d\u2019une rencontre pr\u00e9historique entre un Homo sapiens et un N\u00e9andertalien autour d\u2019un feu de camp dans une grotte orn\u00e9e de peintures rupestres.\" class=\"wp-image-986959\"  \/>La cohabitation entre N\u00e9andertal et Homo sapiens a fa\u00e7onn\u00e9 notre histoire et contribu\u00e9 \u00e0 l\u2019\u00e9volution de l\u2019humanit\u00e9 \u2013 DailyGeekShow.com<\/p>\n<p><strong>Et si l\u2019\u00e9volution humaine n\u2019\u00e9tait pas une succession d\u2019esp\u00e8ces isol\u00e9es, mais une histoire de m\u00e9tissages anciens ? Une nouvelle \u00e9tude r\u00e9v\u00e8le que N\u00e9andertaliens et Homo sapiens ont eu des enfants ensemble, changeant \u00e0 jamais notre vision de l\u2019humanit\u00e9.<\/strong><\/p>\n<p>Lire aussi <a href=\"https:\/\/dailygeekshow.com\/fossiles-ecosysteme-carbonifere\/\" target=\"_blank\" rel=\"noopener\">Des \u00ab mondes perdus \u00bb vieux de 300 millions d\u2019ann\u00e9es d\u00e9couverts sous les \u00c9tats-Unis<\/a><\/p>\n<p>La cohabitation intime entre N\u00e9andertal et Homo sapiens r\u00e9v\u00e9l\u00e9e par l\u2019ADN ancien<\/p>\n<p>Imaginez la sc\u00e8ne : des vall\u00e9es bois\u00e9es d\u2019Europe, il y a <strong>47 000 ans<\/strong>, o\u00f9 des groupes d\u2019\u00eatres humains tr\u00e8s diff\u00e9rents se croisent. Les <strong>Homo sapiens<\/strong>, fra\u00eechement arriv\u00e9s d\u2019Afrique, rencontrent leurs cousins europ\u00e9ens : les <strong><a href=\"https:\/\/dailygeekshow.com\/un-tresor-enfoui-depuis-150-000-ans-un-squelette-de-neandertal-parfaitement-conserve-devoile-un-chapitre-oublie-de-lhumanite\/\" target=\"_blank\" rel=\"noopener\">N\u00e9andertaliens<\/a><\/strong>. <\/p>\n<p>Et ce n\u2019est pas qu\u2019une histoire de territoires partag\u00e9s. Non, il y a eu des <strong>rencontres plus personnelles<\/strong>, plus intimes. Des chercheurs de l\u2019universit\u00e9 d\u2019Oxford et de l\u2019institut Max Planck viennent de d\u00e9montrer, gr\u00e2ce \u00e0 des analyses ADN r\u00e9centes, que ces deux esp\u00e8ces ont eu des <strong>enfants ensemble<\/strong>.<\/p>\n<p>Des g\u00e8nes n\u00e9andertaliens ont \u00e9t\u00e9 retrouv\u00e9s dans notre ADN moderne, preuve tangible que nos anc\u00eatres se sont <strong>m\u00eal\u00e9s <a href=\"https:\/\/dailygeekshow.com\/ce-que-les-archeologues-decouvrent-sur-neandertal-change-radicalement-notre-propre-histoire\/\" target=\"_blank\" rel=\"noopener\">g\u00e9n\u00e9tiquement<\/a><\/strong>. Cette v\u00e9ritable petite r\u00e9volution scientifique nous pousse \u00e0 revoir la frise de l\u2019\u00e9volution humaine : ce n\u2019\u00e9tait pas une simple ligne droite, mais un <strong>enchev\u00eatrement de branches crois\u00e9es<\/strong>.<\/p>\n<p>Lire aussi <a href=\"https:\/\/dailygeekshow.com\/dents-especes-hominides\/\" target=\"_blank\" rel=\"noopener\">Ces dents montrent que nos anc\u00eatres c\u00f4toyaient un myst\u00e9rieux hominid\u00e9 il y a 2,6 millions d\u2019ann\u00e9es<\/a><\/p>\n<p>Un portrait in\u00e9dit des premiers enfants hybrides et de leur h\u00e9ritage g\u00e9n\u00e9tique<\/p>\n<p>Ces enfants hybrides, r\u00e9sultat de l\u2019union entre les deux esp\u00e8ces, n\u2019\u00e9taient pas juste des curiosit\u00e9s de la pr\u00e9histoire. Ils repr\u00e9sentent un <strong>tournant biologique majeur<\/strong>. Leurs corps portaient les <strong>traits physiques des deux lign\u00e9es<\/strong> : une carrure robuste, typique des N\u00e9andertaliens, combin\u00e9e \u00e0 des caract\u00e9ristiques plus fines propres aux Homo sapiens.<\/p>\n<p>Et ce n\u2019est pas tout. Leur <strong>syst\u00e8me immunitaire<\/strong>, leur <strong>structure <a href=\"https:\/\/dailygeekshow.com\/notre-adn-cache-le-secret-des-animaux-hibernants-une-piste-revolutionnaire-contre-les-maladies-chroniques\/\" target=\"_blank\" rel=\"noopener\">osseuse<\/a><\/strong>, leur <strong>r\u00e9sistance aux climats froids<\/strong>\u2026 Tout chez eux racontait un <strong>m\u00e9lange adaptatif unique<\/strong>, fruit de milliers d\u2019ann\u00e9es d\u2019\u00e9volution s\u00e9par\u00e9e qui, soudainement, s\u2019unissaient.<\/p>\n<p>Tu as peut-\u00eatre sans le savoir un petit quelque chose de N\u00e9andertal en toi. En fait, <strong>entre 1 % et 2 % de notre ADN<\/strong> provient directement d\u2019eux. Et ces g\u00e8nes ne sont pas de simples reliques : ils influencent encore aujourd\u2019hui notre <strong>peau<\/strong>, notre <strong>m\u00e9tabolisme<\/strong>, notre <strong>syst\u00e8me immunitaire<\/strong>\u2026 Certains sont li\u00e9s \u00e0 la <strong>r\u00e9sistance \u00e0 certains virus<\/strong>, d\u2019autres \u00e0 la <strong>densit\u00e9 osseuse<\/strong> ou m\u00eame \u00e0 notre r\u00e9action aux UV.<\/p>\n<p>Lire aussi <a href=\"https:\/\/dailygeekshow.com\/une-decouverte-archeologique-bouleverse-lhistoire-des-empreintes-de-8-400-ans-retrouvees-au-coeur-dun-site-sacre\/\" target=\"_blank\" rel=\"noopener\">Une d\u00e9couverte arch\u00e9ologique bouleverse l\u2019histoire : des empreintes de 8\u202f400 ans retrouv\u00e9es au c\u0153ur d\u2019un site sacr\u00e9<\/a><\/p>\n<p>C\u2019est fascinant : ces croisements anciens nous ont probablement aid\u00e9s \u00e0 <strong>survivre et prosp\u00e9rer<\/strong> dans des environnements hostiles, en Eurasie notamment. L\u2019hybridation, loin d\u2019\u00eatre une bizarrerie, \u00e9tait sans doute un <strong>avantage \u00e9volutif<\/strong>.<\/p>\n<p>La g\u00e9n\u00e9tique moderne au service de notre pass\u00e9 commun<\/p>\n<p>Mais comment peut-on \u00eatre aussi affirmatif des mill\u00e9naires plus tard ? La r\u00e9ponse tient dans les <strong>merveilles de la g\u00e9n\u00e9tique moderne<\/strong>. <\/p>\n<p>Les chercheurs ont utilis\u00e9 des techniques de s\u00e9quen\u00e7age de pointe, capables de lire l\u2019ADN pr\u00e9lev\u00e9 dans de <strong>microscopiques fragments d\u2019os<\/strong> fossilis\u00e9s. Parmi les \u00e9chantillons analys\u00e9s, on trouve ceux de <strong>l\u2019homme d\u2019Ust\u2019-Ishim<\/strong> en Sib\u00e9rie ou de la <strong>femme Zlat\u00fd k\u016f\u0148<\/strong> en R\u00e9publique tch\u00e8que.<\/p>\n<p>Lire aussi <a href=\"https:\/\/dailygeekshow.com\/tombe-adolescente-iran-tresor\/\" target=\"_blank\" rel=\"noopener\">La tombe d\u2019une adolescente vieille de 3 000 ans en Iran contient un tr\u00e9sor inhabituel<\/a><\/p>\n<p>En comparant les g\u00e8nes anciens \u00e0 ceux de centaines d\u2019humains contemporains, ils ont pu <strong>dater l\u2019hybridation<\/strong> \u00e0 environ <strong>47 000 ans<\/strong>. Cette datation pr\u00e9cise a \u00e9t\u00e9 rendue possible gr\u00e2ce \u00e0 une combinaison de <strong>mod\u00e9lisation g\u00e9n\u00e9tique<\/strong> et de <strong>datation au radiocarbone<\/strong>. Un travail d\u2019orf\u00e8vre pour remonter aux premi\u00e8res pages de notre histoire.<\/p>\n<p>Une humanit\u00e9 m\u00e9tiss\u00e9e par nature, bien plus complexe qu\u2019on ne l\u2019imaginait<\/p>\n<p>Cette d\u00e9couverte n\u2019est pas juste un fait scientifique de plus \u00e0 ajouter dans les manuels. Elle <strong>change notre regard sur ce que signifie \u00eatre <a href=\"https:\/\/dailygeekshow.com\/cannibalisme-prehistorique-enfant\/\" target=\"_blank\" rel=\"noopener\">humain<\/a><\/strong>. Elle nous rappelle que notre esp\u00e8ce est le fruit de <strong>m\u00e9langes, de rencontres, d\u2019adaptations constantes<\/strong>. L\u2019humanit\u00e9 n\u2019est pas une ligne droite, mais une <strong>arborescence foisonnante<\/strong> o\u00f9 chaque branche peut croiser l\u2019autre.<\/p>\n<p>Et si les enfants hybrides n\u2019\u00e9taient pas une exception, mais une norme oubli\u00e9e ? En les red\u00e9couvrant aujourd\u2019hui, on r\u00e9apprend aussi \u00e0 <strong>valoriser notre diversit\u00e9<\/strong>, notre complexit\u00e9, notre pass\u00e9 commun. Parce que comprendre d\u2019o\u00f9 l\u2019on vient, c\u2019est toujours un peu mieux savoir o\u00f9 l\u2019on va.<\/p>\n<p>Lire aussi <a href=\"https:\/\/dailygeekshow.com\/un-tresor-enfoui-depuis-150-000-ans-un-squelette-de-neandertal-parfaitement-conserve-devoile-un-chapitre-oublie-de-lhumanite\/\" target=\"_blank\" rel=\"noopener\">Un tr\u00e9sor enfoui depuis 150 000 ans : un squelette de N\u00e9andertal parfaitement conserv\u00e9 d\u00e9voile un chapitre oubli\u00e9 de l\u2019humanit\u00e9<\/a><\/p>\n","protected":false},"excerpt":{"rendered":"Il y a 47 000 ans, la rencontre entre N\u00e9andertal et Homo Sapiens donnait naissance aux premiers b\u00e9b\u00e9s&hellip;\n","protected":false},"author":2,"featured_media":326016,"comment_status":"","ping_status":"","sticky":false,"template":"","format":"standard","meta":{"footnotes":""},"categories":[7],"tags":[1011,27,25016,43,40,41,39,42,44],"class_list":{"0":"post-326015","1":"post","2":"type-post","3":"status-publish","4":"format-standard","5":"has-post-thumbnail","7":"category-sciences-et-technologies","8":"tag-fr","9":"tag-france","10":"tag-neandertal","11":"tag-science","12":"tag-science-and-technology","13":"tag-sciences","14":"tag-sciences-et-technologies","15":"tag-technologies","16":"tag-technology"},"share_on_mastodon":{"url":"https:\/\/pubeurope.com\/@fr\/115047165090239105","error":""},"_links":{"self":[{"href":"https:\/\/www.europesays.com\/fr\/wp-json\/wp\/v2\/posts\/326015","targetHints":{"allow":["GET"]}}],"collection":[{"href":"https:\/\/www.europesays.com\/fr\/wp-json\/wp\/v2\/posts"}],"about":[{"href":"https:\/\/www.europesays.com\/fr\/wp-json\/wp\/v2\/types\/post"}],"author":[{"embeddable":true,"href":"https:\/\/www.europesays.com\/fr\/wp-json\/wp\/v2\/users\/2"}],"replies":[{"embeddable":true,"href":"https:\/\/www.europesays.com\/fr\/wp-json\/wp\/v2\/comments?post=326015"}],"version-history":[{"count":0,"href":"https:\/\/www.europesays.com\/fr\/wp-json\/wp\/v2\/posts\/326015\/revisions"}],"wp:featuredmedia":[{"embeddable":true,"href":"https:\/\/www.europesays.com\/fr\/wp-json\/wp\/v2\/media\/326016"}],"wp:attachment":[{"href":"https:\/\/www.europesays.com\/fr\/wp-json\/wp\/v2\/media?parent=326015"}],"wp:term":[{"taxonomy":"category","embeddable":true,"href":"https:\/\/www.europesays.com\/fr\/wp-json\/wp\/v2\/categories?post=326015"},{"taxonomy":"post_tag","embeddable":true,"href":"https:\/\/www.europesays.com\/fr\/wp-json\/wp\/v2\/tags?post=326015"}],"curies":[{"name":"wp","href":"https:\/\/api.w.org\/{rel}","templated":true}]}}