{"id":326019,"date":"2025-08-18T01:27:09","date_gmt":"2025-08-18T01:27:09","guid":{"rendered":"https:\/\/www.europesays.com\/fr\/326019\/"},"modified":"2025-08-18T01:27:09","modified_gmt":"2025-08-18T01:27:09","slug":"sept-personnes-tuees-lors-dune-fusillade-dans-une-salle-de-billard-en-equateur","status":"publish","type":"post","link":"https:\/\/www.europesays.com\/fr\/326019\/","title":{"rendered":"Sept personnes tu\u00e9es lors d&rsquo;une fusillade dans une salle de billard en \u00c9quateur"},"content":{"rendered":"<p>Les agresseurs, arm\u00e9s et cagoul\u00e9s, ont tir\u00e9 sur plusieurs personnes dans la salle de billard situ\u00e9e dans la zone des bars de Santo Domingo.<\/p>\n<p>Sept personnes ont \u00e9t\u00e9 tu\u00e9es ce dimanche 17 ao\u00fbt par des assaillants arm\u00e9s dans une salle de billard \u00e0 Santo Domingo, dans le nord-ouest de l&rsquo;<a href=\"https:\/\/www.bfmtv.com\/economie\/entreprises\/energie\/face-aux-degats-causes-par-les-pluies-torrentielles-en-amazonie-l-equateur-suspend-ses-exportations-de-petrole_AD-202507040094.html\" title=\"Face aux d\u00e9g\u00e2ts caus\u00e9s par les pluies torrentielles en Amazonie, l&#039;\u00c9quateur suspend ses exportations de p\u00e9trole\" class=\"internal_link\" rel=\"nofollow noopener\" target=\"_blank\">\u00c9quateur<\/a>, en pleine vague de violence dans le pays, a annonc\u00e9 la police.<\/p>\n<p>Les agresseurs, arm\u00e9s et cagoul\u00e9s, ont tir\u00e9 sur plusieurs personnes dans la salle de billard situ\u00e9e dans la zone des bars de Santo Domingo, \u00e0 environ 160 km \u00e0 l&rsquo;ouest de Quito, selon des images diffus\u00e9es sur les r\u00e9seaux sociaux.<\/p>\n<p>La sc\u00e8ne film\u00e9e par les cam\u00e9ras de s\u00e9curit\u00e9<\/p>\n<p>Le crime a \u00e9t\u00e9 enregistr\u00e9 par les cam\u00e9ras de s\u00e9curit\u00e9. Il y a \u00ab\u00a0sept personnes d\u00e9c\u00e9d\u00e9es \u00e0 cause de tirs d&rsquo;arme \u00e0 feu\u00a0\u00bb, a d\u00e9clar\u00e9 \u00e0 la presse la police, qui m\u00e8ne des \u00ab\u00a0investigations pour \u00e9lucider l&rsquo;acte violent et identifier les responsables\u00a0\u00bb.<\/p>\n<p>Selon les m\u00e9dias locaux, les enqu\u00eates pr\u00e9liminaires indiquent que ces meurtres pourraient \u00eatre li\u00e9s au crime organis\u00e9 dans la r\u00e9gion.<\/p>\n<p>L&rsquo;\u00c9quateur, situ\u00e9 entre les deux principaux exportateurs de coca\u00efne au monde, la Colombie et le P\u00e9rou, a connu une recrudescence de la violence due aux luttes entre gangs criminels li\u00e9s aux cartels mexicains et colombiens.<\/p>\n<p>Entre janvier et mai, plus de 4.000 homicides ont \u00e9t\u00e9 enregistr\u00e9s, selon les chiffres officiels. Les analystes consid\u00e8rent qu&rsquo;il s&rsquo;agit du d\u00e9but d&rsquo;ann\u00e9e le plus violent de l&rsquo;histoire r\u00e9cente du pays.<\/p>\n<p>Malgr\u00e9 les op\u00e9rations d\u00e9ploy\u00e9es et la mise en place de l&rsquo;\u00e9tat d&rsquo;urgence dans certaines provinces du pays, la politique de fermet\u00e9 du gouvernement de Daniel Noboa n&rsquo;a pas permis de r\u00e9duire le nombre de morts violentes dans le pays.<\/p>\n<p>14 personnes tu\u00e9es le week-end dernier<\/p>\n<p>Le week-end dernier, 14 personnes ont \u00e9t\u00e9 tu\u00e9es dans des massacres dans la province agit\u00e9e de Guayas, l&rsquo;une des quatre provinces o\u00f9 Noboa a r\u00e9cemment d\u00e9clar\u00e9 l&rsquo;\u00e9tat d&rsquo;urgence pour lutter contre la violence des gangs criminels.<\/p>\n<p>Le 10 ao\u00fbt, huit personnes ont \u00e9t\u00e9 tu\u00e9es par des assaillants qui ont tir\u00e9 sur une foule \u00e0 la sortie d&rsquo;une discoth\u00e8que. Le m\u00eame jour, un groupe d&rsquo;assaillants v\u00eatus d&rsquo;uniformes militaires ont tu\u00e9 six personnes dans un quartier populaire de Guayaquil, la deuxi\u00e8me ville d&rsquo;\u00c9quateur et point critique de la vague de violence qui secoue le pays.<\/p>\n<p>Selon les chiffres officiels, 73 % de la coca\u00efne produite dans le monde transite par les ports \u00e9quatoriens. En 2024, le pays a saisi un record de 294 tonnes de drogues, principalement de la coca\u00efne, contre 221 tonnes en 2023.<\/p>\n","protected":false},"excerpt":{"rendered":"Les agresseurs, arm\u00e9s et cagoul\u00e9s, ont tir\u00e9 sur plusieurs personnes dans la salle de billard situ\u00e9e dans la&hellip;\n","protected":false},"author":2,"featured_media":326020,"comment_status":"","ping_status":"","sticky":false,"template":"","format":"standard","meta":{"footnotes":""},"categories":[5],"tags":[11,1011,27,14,12,28],"class_list":{"0":"post-326019","1":"post","2":"type-post","3":"status-publish","4":"format-standard","5":"has-post-thumbnail","7":"category-international","8":"tag-actualites","9":"tag-fr","10":"tag-france","11":"tag-international","12":"tag-news","13":"tag-world"},"share_on_mastodon":{"url":"https:\/\/pubeurope.com\/@fr\/115047172879765394","error":""},"_links":{"self":[{"href":"https:\/\/www.europesays.com\/fr\/wp-json\/wp\/v2\/posts\/326019","targetHints":{"allow":["GET"]}}],"collection":[{"href":"https:\/\/www.europesays.com\/fr\/wp-json\/wp\/v2\/posts"}],"about":[{"href":"https:\/\/www.europesays.com\/fr\/wp-json\/wp\/v2\/types\/post"}],"author":[{"embeddable":true,"href":"https:\/\/www.europesays.com\/fr\/wp-json\/wp\/v2\/users\/2"}],"replies":[{"embeddable":true,"href":"https:\/\/www.europesays.com\/fr\/wp-json\/wp\/v2\/comments?post=326019"}],"version-history":[{"count":0,"href":"https:\/\/www.europesays.com\/fr\/wp-json\/wp\/v2\/posts\/326019\/revisions"}],"wp:featuredmedia":[{"embeddable":true,"href":"https:\/\/www.europesays.com\/fr\/wp-json\/wp\/v2\/media\/326020"}],"wp:attachment":[{"href":"https:\/\/www.europesays.com\/fr\/wp-json\/wp\/v2\/media?parent=326019"}],"wp:term":[{"taxonomy":"category","embeddable":true,"href":"https:\/\/www.europesays.com\/fr\/wp-json\/wp\/v2\/categories?post=326019"},{"taxonomy":"post_tag","embeddable":true,"href":"https:\/\/www.europesays.com\/fr\/wp-json\/wp\/v2\/tags?post=326019"}],"curies":[{"name":"wp","href":"https:\/\/api.w.org\/{rel}","templated":true}]}}