{"id":326021,"date":"2025-08-18T01:28:19","date_gmt":"2025-08-18T01:28:19","guid":{"rendered":"https:\/\/www.europesays.com\/fr\/326021\/"},"modified":"2025-08-18T01:28:19","modified_gmt":"2025-08-18T01:28:19","slug":"cagnard-et-nuits-tropicales-le-sud-de-la-france-bat-encore-des-records-de-chaleur-mediapart","status":"publish","type":"post","link":"https:\/\/www.europesays.com\/fr\/326021\/","title":{"rendered":"Cagnard et nuits tropicales : le sud de la France bat encore des records de chaleur &#8211; Mediapart"},"content":{"rendered":"<ol>\n<li><a href=\"https:\/\/news.google.com\/rss\/articles\/CBMixwFBVV95cUxQUk1aZnpndGZHdHUzWXgxLXMteTdVTDFfa3B0M2RLQVVscUFMYlhUdnpHUTNreGsxZ0lfb3dnZDZ5aTE3QlhldVJ6X3BsZE0xdm1URWNSRnJTR3JJMDd4RTRaNDlmZ1hqWm0xUldQVzcxd1FxS2stT25ycE82eXcwcWJEWkpZUlU2UWpmMDg5TWI0b3NyUFJWZFJOclFqdGFHYTFyZG9VRmtWU0w4UmlTc3J0WGp4VEVWbFNIRW94aENxODNSZVNZ?oc=5\" target=\"_blank\" rel=\"noopener\">Cagnard et nuits tropicales : le sud de la France bat encore des records de chaleur<\/a>&nbsp;&nbsp;Mediapart<\/li>\n<li><a href=\"https:\/\/news.google.com\/rss\/articles\/CBMi0gFBVV95cUxOT2daaWc3ek1KNm9YVWtLUkVWak1qeWRHaHhFb2cybUZnb19vaWszdFh0aXl0Yk4tWGI2T2RPbVFjLWtvb3B2T01kMXNUbjBRTl9pUTdUNy1oLWdJTGsxZlNZYVUyNU9hMy02dVQ3cXFOci1taFFvSmY3T1g1XzA2ZkVOSkFMU21MM1Nzb3VnblNUeEZVN0lxMWlXMjVublFnWlF3QmZUanNNMjlyTTZBUjE3R19aOXJNZlBBSkpYbVI1QjU5WkQ4bGp5Vm1yZy01eWc?oc=5\" target=\"_blank\" rel=\"noopener\">M\u00e9t\u00e9o lundi 18 ao\u00fbt : derni\u00e8re journ\u00e9e de beau temps avant les orages<\/a>&nbsp;&nbsp;La Cha\u00eene M\u00e9t\u00e9o<\/li>\n<li><a href=\"https:\/\/news.google.com\/rss\/articles\/CBMipgJBVV95cUxQM0M2NmIwdnlfMXhfQkJIZVlsUThWaWNDeUt4M2phRzk3SXlJbFpvRldqNkNRZHYwSWc0TmoybFZsT0ZhamVNTmU2c3plOWFoWnYtRzkzN1VxbENBMzFuN25pamVQckFRbzRhVl8tV3prc2RBSjBXc0Jyb19icVJIa0E0dTZvMHpkRTE4UldwS2lOX2xzTzJMVzlTNlJlVXlUWHN0MXpCZndLSjdPYTlQZENTQ29ZbmJMazkxWlNxN1cxNnh2T3dxS0MyNGozU2ZQaUtWZ3NOcEszVTJ1SU0wQ0U4bHhOUm5LR0lFdjJrWHI1YWhUTVJYM0ZYTENjcFFtU202dllFYjBMMGdqYXhsMUxBcmVqVGhwbzhBSzFCOWUyUUpYQ3c?oc=5\" target=\"_blank\" rel=\"noopener\">Canicule : la vague de chaleur s\u2019att\u00e9nue en France mais 25 d\u00e9partements restent en vigilance orange<\/a>&nbsp;&nbsp;Le Monde.fr<\/li>\n<li><a href=\"https:\/\/news.google.com\/rss\/articles\/CBMi9AFBVV95cUxOdjl6a0oxSWo1REV0MFFwZHY0N0g5VjFOMmZrNnlOT0FaOEh6RFRSRzMzVk0tdDNnSG1LNFRiNzZ2SzhRam15aEcyRkxhZldPei1MM3lzU3pLd1NlV1NJZzN3LWp3TzBsZGxwQlRDUWZKM0xKc1BJamtuZEEwSmRHUkllU3h2Y0JLV18temNGdFVUOXhNeWRjakVkVkxoSmxLcF9XWWZmM2h3UTZiaWpGT25qY21wdldaWGY5V1kyMGg2dXZPczNmTHFBU3lEZUhVQ2JVQlc3dHZlZnBLbUwxYVBxMHd5RHBMZkRkZ1V1OXhNZEpT?oc=5\" target=\"_blank\" rel=\"noopener\">Canicule : treize d\u00e9partements toujours en vigilance orange pour la journ\u00e9e de lundi<\/a>&nbsp;&nbsp;Ouest-France<\/li>\n<li><a href=\"https:\/\/news.google.com\/rss\/articles\/CBMi0wFBVV95cUxQd2hUYmlUM2VSRFUtN2dUcTQxZ01jS1ZwOEdpcHNLamNIYVBDaElxRnZxMWJLWUVrTXYxU2tqQTBFZjJwSzZCMDlnbE5wWmNrTHluZnIxMlNyMmg3Z19heHJqQnA3NUhfRDJXQ3phLUhsbU5IWFR0aGMwTjk1M2pFQnNoLTlsQU81dVJ1eTJUTzBtZWx6S3BSMFlLTzJFa0JKNU1JZjZwRzRvXzZLUV9zNlNKSzMxODRzbkFhcDdKSkdzVlAwSHRMdHhKc1ZyOFlNQjlj?oc=5\" target=\"_blank\" rel=\"noopener\">Des \u00ab\u00a0orages forts\u00a0\u00bb attendus la semaine prochaine : trois quarts de la France concern\u00e9s, ce qui nous attend<\/a>&nbsp;&nbsp;Actu.fr<\/li>\n<\/ol>\n","protected":false},"excerpt":{"rendered":"Cagnard et nuits tropicales : le sud de la France bat encore des records de chaleur&nbsp;&nbsp;Mediapart M\u00e9t\u00e9o lundi&hellip;\n","protected":false},"author":2,"featured_media":326022,"comment_status":"","ping_status":"","sticky":false,"template":"","format":"standard","meta":{"footnotes":""},"categories":[4],"tags":[11,6698,1011,27,12,5140,25],"class_list":{"0":"post-326021","1":"post","2":"type-post","3":"status-publish","4":"format-standard","5":"has-post-thumbnail","7":"category-france","8":"tag-actualites","9":"tag-canicule","10":"tag-fr","11":"tag-france","12":"tag-news","13":"tag-rechauffement-climatique","14":"tag-republique-francaise"},"share_on_mastodon":{"url":"https:\/\/pubeurope.com\/@fr\/115047176838351276","error":""},"_links":{"self":[{"href":"https:\/\/www.europesays.com\/fr\/wp-json\/wp\/v2\/posts\/326021","targetHints":{"allow":["GET"]}}],"collection":[{"href":"https:\/\/www.europesays.com\/fr\/wp-json\/wp\/v2\/posts"}],"about":[{"href":"https:\/\/www.europesays.com\/fr\/wp-json\/wp\/v2\/types\/post"}],"author":[{"embeddable":true,"href":"https:\/\/www.europesays.com\/fr\/wp-json\/wp\/v2\/users\/2"}],"replies":[{"embeddable":true,"href":"https:\/\/www.europesays.com\/fr\/wp-json\/wp\/v2\/comments?post=326021"}],"version-history":[{"count":0,"href":"https:\/\/www.europesays.com\/fr\/wp-json\/wp\/v2\/posts\/326021\/revisions"}],"wp:featuredmedia":[{"embeddable":true,"href":"https:\/\/www.europesays.com\/fr\/wp-json\/wp\/v2\/media\/326022"}],"wp:attachment":[{"href":"https:\/\/www.europesays.com\/fr\/wp-json\/wp\/v2\/media?parent=326021"}],"wp:term":[{"taxonomy":"category","embeddable":true,"href":"https:\/\/www.europesays.com\/fr\/wp-json\/wp\/v2\/categories?post=326021"},{"taxonomy":"post_tag","embeddable":true,"href":"https:\/\/www.europesays.com\/fr\/wp-json\/wp\/v2\/tags?post=326021"}],"curies":[{"name":"wp","href":"https:\/\/api.w.org\/{rel}","templated":true}]}}