{"id":326026,"date":"2025-08-18T01:34:12","date_gmt":"2025-08-18T01:34:12","guid":{"rendered":"https:\/\/www.europesays.com\/fr\/326026\/"},"modified":"2025-08-18T01:34:12","modified_gmt":"2025-08-18T01:34:12","slug":"handball-lancien-arriere-gauche-nanceien-rohnan-conte-prat-va-decouvrir-le-championnat-transalpin","status":"publish","type":"post","link":"https:\/\/www.europesays.com\/fr\/326026\/","title":{"rendered":"Handball. L\u2019ancien arri\u00e8re gauche nanc\u00e9ien Rohnan Conte-Prat va d\u00e9couvrir le championnat transalpin"},"content":{"rendered":"<p>\u00c0 27 ans, Rohnan Conte-Prat va vivre sa premi\u00e8re exp\u00e9rience dans un championnat \u00e9tranger. En l\u2019occurrence la Serie A italienne\u2026 L\u2019ancien ph\u00e9nom\u00e8ne du Nancy Handball s\u2019est en effet engag\u00e9 pour une saison avec le club sarde du Raimond Sassari, cinqui\u00e8me du championnat d\u2019\u00e9lite transalpin (et premier\u2026 non qualifi\u00e9 pour ses phases finales).<\/p>\n<p>Ce contenu est bloqu\u00e9 car vous n&rsquo;avez pas accept\u00e9 les cookies et autres traceurs.<\/p>\n<p>En cliquant sur \u00ab J\u2019accepte \u00bb, les cookies et autres traceurs seront d\u00e9pos\u00e9s et vous pourrez visualiser les contenus  (<a href=\"\" class=\"consentModule_policy\" target=\"_blank\" title=\"Consulter la politique de protection des donn\u00e9es du fournisseur\">plus d&rsquo;informations<\/a>).<\/p>\n<p>En cliquant sur \u00ab J\u2019accepte tous les cookies \u00bb, vous autorisez des d\u00e9p\u00f4ts de cookies et autres traceurs pour le stockage de vos donn\u00e9es sur nos sites et applications \u00e0 des fins de personnalisation et de ciblage publicitaire.<\/p>\n<p class=\"consentModule_secondaryText\">Vous gardez la possibilit\u00e9 de retirer votre consentement \u00e0 tout moment en consultant notre <a href=\"https:\/\/www.estrepublicain.fr\/protection-des-donnees\" target=\"_blank\" title=\"Consulter notre politique de protection des donn\u00e9es\" rel=\"noopener\">politique de protection des donn\u00e9es<\/a>. <br \/>&#13;<br \/>\n            <a href=\"https:\/\/www.estrepublicain.fr\/sport\/2025\/08\/18\/javascript:Didomi.notice.show()\" class=\"consentModule_cmp\" target=\"_blank\" rel=\"noopener\">G\u00e9rer mes choix<\/a>&#13;\n        <\/p>\n<p>&#13;<br \/>\n                        J&rsquo;accepte&#13;<br \/>\n            J&rsquo;accepte tous les cookies&#13;\n        <\/p>\n<p>Rep\u00e9r\u00e9 \u00e0 Lanester (N1) et affectueusement \u00ab couv\u00e9 \u00bb par Sarrebourg (D2), avant d\u2019exploser litt\u00e9ralement sous le maillot bleu et or, le g\u00e9ant aveyronnais et son style atypique avaient fait un tabac lors de leur passage au NH (2022-2024). Nomm\u00e9 <a href=\"https:\/\/www.estrepublicain.fr\/sport\/2024\/08\/27\/nancy-handball-rohnan-conte-prat-dans-l-equipe-type-de-proligue-2023-2024\" target=\"_blank\" rel=\"noopener\">meilleur arri\u00e8re gauche de Proligue<\/a> lors de sa derni\u00e8re saison en Lorraine, port\u00e9 par des statistiques imparables (176 buts en 28 apparitions, soit une moyenne impressionnante de 6,29 r\u00e9alisations par match, auxquelles il convient d\u2019ajouter la bagatelle de 123 passes d\u00e9cisives), \u00ab l\u2019Ovni de Gentilly \u00bb avait ainsi &#8211; assez logiquement &#8211; suscit\u00e9 les convoitises de formations de Starligue comme <a href=\"https:\/\/www.estrepublicain.fr\/sport\/2023\/04\/28\/nancy-handball-rohnan-conte-prat-a-aix-en-2024\" target=\"_blank\" rel=\"noopener\">Aix (PAUC)<\/a> ou <a href=\"https:\/\/www.estrepublicain.fr\/sport\/2025\/01\/08\/l-ex-nanceien-rohnan-conte-prat-de-retour-a-tremblay\" target=\"_blank\" rel=\"noopener\">Tremblay<\/a> : deux clients que \u00ab RCP \u00bb aura finalement \u00ab exp\u00e9riment\u00e9s \u00bb en l\u2019espace d\u2019un an, sans toutefois parvenir \u00e0 convaincre (*), \u00ab\u00e9lectron \u00bb peut-\u00eatre un peu trop libre (sur un terrain) pour abuser des forces d\u00e9fensives des toutes meilleures \u00e9quipes de l\u2019Hexagone.<\/p>\n<p>Ce contenu est bloqu\u00e9 car vous n&rsquo;avez pas accept\u00e9 les cookies et autres traceurs.<\/p>\n<p>En cliquant sur \u00ab J\u2019accepte \u00bb, les cookies et autres traceurs seront d\u00e9pos\u00e9s et vous pourrez visualiser les contenus  (<a href=\"\" class=\"consentModule_policy\" target=\"_blank\" title=\"Consulter la politique de protection des donn\u00e9es du fournisseur\">plus d&rsquo;informations<\/a>).<\/p>\n<p>En cliquant sur \u00ab J\u2019accepte tous les cookies \u00bb, vous autorisez des d\u00e9p\u00f4ts de cookies et autres traceurs pour le stockage de vos donn\u00e9es sur nos sites et applications \u00e0 des fins de personnalisation et de ciblage publicitaire.<\/p>\n<p class=\"consentModule_secondaryText\">Vous gardez la possibilit\u00e9 de retirer votre consentement \u00e0 tout moment en consultant notre <a href=\"https:\/\/www.estrepublicain.fr\/protection-des-donnees\" target=\"_blank\" title=\"Consulter notre politique de protection des donn\u00e9es\" rel=\"noopener\">politique de protection des donn\u00e9es<\/a>. <br \/>&#13;<br \/>\n            <a href=\"https:\/\/www.estrepublicain.fr\/sport\/2025\/08\/18\/javascript:Didomi.notice.show()\" class=\"consentModule_cmp\" target=\"_blank\" rel=\"noopener\">G\u00e9rer mes choix<\/a>&#13;\n        <\/p>\n<p>&#13;<br \/>\n                        J&rsquo;accepte&#13;<br \/>\n            J&rsquo;accepte tous les cookies&#13;\n        <\/p>\n<p>  Avec l\u2019ex-pivot de Sarrebourg Marco Campagna<\/p>\n<p>Apr\u00e8s un exercice \u00ab squelettique \u00bb sur le plan personnel, Rohnan Conte-Prat a donc choisi un championnat \u00ab exotique \u00bb pour tenter de rebondir, et une \u00e9quipe insulaire o\u00f9 il croisera au quotidien Marco Campagna (21 ans), l\u2019ex-pivot franco-italien de Sarrebourg (D2). Les deux hommes disputeront bient\u00f4t sous leurs nouvelles couleurs le premier tour de la Coupe EHF (d\u00e9but septembre) face aux Turcs de Spor Toto.<\/p>\n<p>(*) Utilis\u00e9 de mani\u00e8re hom\u00e9opathique par Eric Forets et finalement lib\u00e9r\u00e9 par le PAUC, <a href=\"https:\/\/www.estrepublicain.fr\/sport\/2025\/01\/08\/l-ex-nanceien-rohnan-conte-prat-de-retour-a-tremblay\" target=\"_blank\" rel=\"noopener\"> il s\u2019est retourn\u00e9 durant la derni\u00e8re tr\u00eave hivernale vers le club de Seine-Saint-Denis.<\/a> Club dans lequel il avait fait ses d\u00e9buts chez les \u00ab pros \u00bb, et o\u00f9 son p\u00e8re Teddy officie toujours en tant que directeur sportif.<\/p>\n","protected":false},"excerpt":{"rendered":"\u00c0 27 ans, Rohnan Conte-Prat va vivre sa premi\u00e8re exp\u00e9rience dans un championnat \u00e9tranger. En l\u2019occurrence la Serie&hellip;\n","protected":false},"author":2,"featured_media":326027,"comment_status":"","ping_status":"","sticky":false,"template":"","format":"standard","meta":{"footnotes":""},"categories":[9635],"tags":[1111,11,1704,1777,674,107,1701,1795,1011,27,775,1792,10634,3457,1702,13622,1703,12,10422,25,517,1700,14984,5711],"class_list":{"0":"post-326026","1":"post","2":"type-post","3":"status-publish","4":"format-standard","5":"has-post-thumbnail","7":"category-nancy","8":"tag-actu","9":"tag-actualites","10":"tag-edition-nancy-et-agglomeration","11":"tag-eu","12":"tag-europe","13":"tag-fil-info","14":"tag-fil-info-sport","15":"tag-fil-web","16":"tag-fr","17":"tag-france","18":"tag-grand-est","19":"tag-handball","20":"tag-luneville","21":"tag-meurthe-et-moselle","22":"tag-nancy","23":"tag-nancy-handball","24":"tag-nancy-ville-54b","25":"tag-news","26":"tag-pont-a-mousson","27":"tag-republique-francaise","28":"tag-sport","29":"tag-sport-lorrain","30":"tag-toul","31":"tag-vandoeuvre-les-nancy"},"share_on_mastodon":{"url":"https:\/\/pubeurope.com\/@fr\/115047200401079392","error":""},"_links":{"self":[{"href":"https:\/\/www.europesays.com\/fr\/wp-json\/wp\/v2\/posts\/326026","targetHints":{"allow":["GET"]}}],"collection":[{"href":"https:\/\/www.europesays.com\/fr\/wp-json\/wp\/v2\/posts"}],"about":[{"href":"https:\/\/www.europesays.com\/fr\/wp-json\/wp\/v2\/types\/post"}],"author":[{"embeddable":true,"href":"https:\/\/www.europesays.com\/fr\/wp-json\/wp\/v2\/users\/2"}],"replies":[{"embeddable":true,"href":"https:\/\/www.europesays.com\/fr\/wp-json\/wp\/v2\/comments?post=326026"}],"version-history":[{"count":0,"href":"https:\/\/www.europesays.com\/fr\/wp-json\/wp\/v2\/posts\/326026\/revisions"}],"wp:featuredmedia":[{"embeddable":true,"href":"https:\/\/www.europesays.com\/fr\/wp-json\/wp\/v2\/media\/326027"}],"wp:attachment":[{"href":"https:\/\/www.europesays.com\/fr\/wp-json\/wp\/v2\/media?parent=326026"}],"wp:term":[{"taxonomy":"category","embeddable":true,"href":"https:\/\/www.europesays.com\/fr\/wp-json\/wp\/v2\/categories?post=326026"},{"taxonomy":"post_tag","embeddable":true,"href":"https:\/\/www.europesays.com\/fr\/wp-json\/wp\/v2\/tags?post=326026"}],"curies":[{"name":"wp","href":"https:\/\/api.w.org\/{rel}","templated":true}]}}