{"id":326042,"date":"2025-08-18T01:57:21","date_gmt":"2025-08-18T01:57:21","guid":{"rendered":"https:\/\/www.europesays.com\/fr\/326042\/"},"modified":"2025-08-18T01:57:21","modified_gmt":"2025-08-18T01:57:21","slug":"ligue-1-le-psg-se-lance-doucement-lille-accroche-malgre-giroud-17-08-2025-a-2304","status":"publish","type":"post","link":"https:\/\/www.europesays.com\/fr\/326042\/","title":{"rendered":"Ligue 1: le PSG se lance doucement, Lille accroch\u00e9 malgr\u00e9 Giroud &#8211; 17\/08\/2025 \u00e0 23:04"},"content":{"rendered":"<p>        <img fetchpriority=\"high\" decoding=\"async\" src=\"https:\/\/www.europesays.com\/fr\/wp-content\/uploads\/2025\/08\/3575335fd8dc1d8457e14059f0dd2787-760x507.jpg\" alt=\"Le capitaine du PSG Vitinha (c), auteur du but de la victoire \u00e0 Nantes, le 17 ao\u00fbt 2025  ( AFP \/ Sebastien Salom-Gomis )\" loading=\"eager\" width=\"760\" height=\"507\" style=\"max-width: 100%!important; height: auto;\"\/><\/p>\n<p class=\"c-image-news__legend\">Le capitaine du PSG Vitinha (c), auteur du but de la victoire \u00e0 Nantes, le 17 ao\u00fbt 2025  ( AFP \/ Sebastien Salom-Gomis )<\/p>\n<p>\n Le Paris SG, champion de France et d&rsquo;Europe en titre, a d\u00e9but\u00e9 sa saison de Ligue 1 par un succ\u00e8s sans forcer 1-0 \u00e0 Nantes, dimanche.\n<\/p>\n<p>\n Plus t\u00f4t, Lille a conc\u00e9d\u00e9 le nul 3-3 \u00e0 Brest malgr\u00e9 un but de sa recrue star Olivier Giroud, alors que les trois promus, le Paris FC, Lorient et Metz, ont tous perdu.\n<\/p>\n<p>\n A La Beaujoire, le PSG, avec un onze tr\u00e8s remani\u00e9, a poursuivi son \u00e9t\u00e9 marathon apr\u00e8s le Mondial des clubs et la Supercoupe d&rsquo;Europe, remport\u00e9e mercredi face \u00e0 Tottenham.\n<\/p>\n<p>\n De quoi expliquer une premi\u00e8re p\u00e9riode ferm\u00e9e, lors de laquelle l&rsquo;une de rares occasions est venue de Gon\u00e7alo Ramos (42e). Sa frappe tr\u00e8s excentr\u00e9e a \u00e9t\u00e9 repouss\u00e9e par le gardien nantais Anthony Lopes sur la transversale lors d&rsquo;une action rappelant un but de Pauleta face \u00e0 l&rsquo;OM en 2004.\n<\/p>\n<p>\n C&rsquo;est finalement le capitaine Vitinha qui a d\u00e9livr\u00e9 avec un peu de r\u00e9ussite les Parisiens d&rsquo;une frappe d\u00e9vi\u00e9e par un Nantais (67e).\n<\/p>\n<p>\n Au classement, les hommes de Luis Enrique rejoignent notamment Monaco et Lyon, autres \u00e9quipes \u00e0 avoir pris trois points ce week-end.\n<\/p>\n<p>\n En d\u00e9but d&rsquo;apr\u00e8s-midi, tous les yeux \u00e9taient tourn\u00e9s vers le stade Francis-Le-Bl\u00e9 de Brest pour le retour en Ligue 1 d&rsquo;Olivier Giroud, renfort de luxe du Losc \u00e0 38 ans.\n<\/p>\n<p>\n Le champion du monde 2018 et meilleur buteur de l&rsquo;histoire des Bleus (57 buts) n&rsquo;a eu besoin que de 11 minutes pour marquer d&rsquo;un tir crois\u00e9 rasant. Hakon Haraldsson l&rsquo;a imit\u00e9 (26e) mais un doubl\u00e9 de Kamory Doumbia (34e, 51e) a permis aux Bretons de recoller.\n<\/p>\n<p>        <img decoding=\"async\" src=\"https:\/\/www.europesays.com\/fr\/wp-content\/uploads\/2025\/08\/05537681864d5a54cd61871583b53746-760x535.jpg\" alt=\"La recrue vedette de Lille Oliver Giroud (g) et Hakon  Haraldsson (de dos), deux des buteurs de Lille, \u00e0 Brest, le 17 ao\u00fbt 2025 ( AFP \/ Fred TANNEAU )\" loading=\"eager\" width=\"760\" height=\"535\" style=\"max-width: 100%!important; height: auto;\"\/><\/p>\n<p class=\"c-image-news__legend\">La recrue vedette de Lille Oliver Giroud (g) et Hakon  Haraldsson (de dos), deux des buteurs de Lille, \u00e0 Brest, le 17 ao\u00fbt 2025 ( AFP \/ Fred TANNEAU )<\/p>\n<p>\n Les Nordistes ont repris l&rsquo;avantage par Ngal&rsquo;ayel Mukau (67e). Un but contest\u00e9 par les Brestois, apr\u00e8s une possible sortie de balle sur le corner, mais finalement valid\u00e9. Mais ce sont les Bretons qui ont arrach\u00e9 le nul par Julien Le Cardinal (75e).\n<\/p>\n<p>\n Les trois autres rencontres de l&rsquo;apr\u00e8s-midi ont \u00e9t\u00e9 beaucoup moins prolifiques et se sont toutes sold\u00e9es par un 1-0.\n<\/p>\n<p>\n A domicile, Angers s&rsquo;est impos\u00e9 face au Paris FC, rachet\u00e9 par la famille Arnault et de retour dans l&rsquo;\u00e9lite apr\u00e8s 46 ans d&rsquo;absence.\n<\/p>\n<p>\n Esteban Lepaul, auteur de neuf buts la saison derni\u00e8re, a ouvert son nouveau compteur d\u00e8s la 9e minute. Le PFC, en sup\u00e9riorit\u00e9 num\u00e9rique pendant la derni\u00e8re demi-heure apr\u00e8s l&rsquo;exclusion de Louis Mouton, n&rsquo;est pas parvenu \u00e0 \u00e9galiser.\n<\/p>\n<p>\n Le derby entre un autre promu, Metz, et Strasbourg s&rsquo;est jou\u00e9 \u00e0 la 85e minute quand la recrue argentine du RCSA Joaquin Panichelli a marqu\u00e9 d&rsquo;une t\u00eate rageuse.\n<\/p>\n<p>\n Gr\u00e2ce \u00e0 un excellent Donovan L\u00e9on dans la cage et un but de Lassine Sinayoko (53e), Auxerre a r\u00e9ussi ses d\u00e9buts \u00e0 l&rsquo;Abb\u00e9-Deschamps face \u00e0 Lorient, champion de Ligue 2 2025.<\/p>\n","protected":false},"excerpt":{"rendered":"Le capitaine du PSG Vitinha (c), auteur du but de la victoire \u00e0 Nantes, le 17 ao\u00fbt 2025&hellip;\n","protected":false},"author":2,"featured_media":326043,"comment_status":"","ping_status":"","sticky":false,"template":"","format":"standard","meta":{"footnotes":""},"categories":[2815],"tags":[400,1111,11,398,408,405,1777,674,1011,27,811,403,402,399,1307,404,12,25,401,406,407],"class_list":{"0":"post-326042","1":"post","2":"type-post","3":"status-publish","4":"format-standard","5":"has-post-thumbnail","7":"category-lille","8":"tag-action-cac-40","9":"tag-actu","10":"tag-actualites","11":"tag-bourse-de-paris","12":"tag-boursorama","13":"tag-cotations","14":"tag-eu","15":"tag-europe","16":"tag-fr","17":"tag-france","18":"tag-hauts-de-france","19":"tag-indices-devises","20":"tag-investir","21":"tag-investissement","22":"tag-lille","23":"tag-marche-boursier","24":"tag-news","25":"tag-republique-francaise","26":"tag-sicav","27":"tag-trackers","28":"tag-warrants"},"share_on_mastodon":{"url":"https:\/\/pubeurope.com\/@fr\/115047290875847837","error":""},"_links":{"self":[{"href":"https:\/\/www.europesays.com\/fr\/wp-json\/wp\/v2\/posts\/326042","targetHints":{"allow":["GET"]}}],"collection":[{"href":"https:\/\/www.europesays.com\/fr\/wp-json\/wp\/v2\/posts"}],"about":[{"href":"https:\/\/www.europesays.com\/fr\/wp-json\/wp\/v2\/types\/post"}],"author":[{"embeddable":true,"href":"https:\/\/www.europesays.com\/fr\/wp-json\/wp\/v2\/users\/2"}],"replies":[{"embeddable":true,"href":"https:\/\/www.europesays.com\/fr\/wp-json\/wp\/v2\/comments?post=326042"}],"version-history":[{"count":0,"href":"https:\/\/www.europesays.com\/fr\/wp-json\/wp\/v2\/posts\/326042\/revisions"}],"wp:featuredmedia":[{"embeddable":true,"href":"https:\/\/www.europesays.com\/fr\/wp-json\/wp\/v2\/media\/326043"}],"wp:attachment":[{"href":"https:\/\/www.europesays.com\/fr\/wp-json\/wp\/v2\/media?parent=326042"}],"wp:term":[{"taxonomy":"category","embeddable":true,"href":"https:\/\/www.europesays.com\/fr\/wp-json\/wp\/v2\/categories?post=326042"},{"taxonomy":"post_tag","embeddable":true,"href":"https:\/\/www.europesays.com\/fr\/wp-json\/wp\/v2\/tags?post=326042"}],"curies":[{"name":"wp","href":"https:\/\/api.w.org\/{rel}","templated":true}]}}