{"id":326044,"date":"2025-08-18T01:59:10","date_gmt":"2025-08-18T01:59:10","guid":{"rendered":"https:\/\/www.europesays.com\/fr\/326044\/"},"modified":"2025-08-18T01:59:10","modified_gmt":"2025-08-18T01:59:10","slug":"marseille-agir-en-faveur-des-jeunes-en-grande-difficulte","status":"publish","type":"post","link":"https:\/\/www.europesays.com\/fr\/326044\/","title":{"rendered":"MARSEILLE : Agir en faveur des jeunes en grande difficult\u00e9"},"content":{"rendered":"<p><strong>Le projet vise un accompagnement citoyen intensif de 190 jeunes en grande difficult\u00e9 vers un emploi ou une formation dans les domaines culinaire, du b\u00e2timent et de la fabrication d\u2019\u00e9co-refuge.<\/strong><\/p>\n<p>David GALTIER, Conseiller r\u00e9gional, repr\u00e9sentant Renaud MUSELIER, Pr\u00e9sident de la R\u00e9gion Provence-Alpes-C\u00f4te d\u2019Azur, a remis les troph\u00e9es aux laur\u00e9ats de la 3\u00e8me \u00e9dition du Concours \u00ab Les Etoiles de l\u2019Europe en R\u00e9gion Sud \u00bb qui valorisent les initiatives exemplaires financ\u00e9es par les fonds europ\u00e9ens.<\/p>\n<p>Ces troph\u00e9es distinguent des acteurs engag\u00e9s, chercheurs, entrepreneurs, collectivit\u00e9s ou associations, qui, par leurs initiatives, font le pari de l\u2019Europe et en deviennent les ambassadeurs du quotidien sur l\u2019ensemble du territoire r\u00e9gional. La R\u00e9gion Provence-Alpes-C\u00f4te d\u2019Azur illustre un savoir-faire exemplaire et se place dans le top 10 des R\u00e9gions europ\u00e9ennes pour la consommation des fonds europ\u00e9ens. Pour la p\u00e9riode 2021-2027, l\u2019objectif est d\u2019atteindre\u00a0<strong>10 milliards d\u2019\u20ac<\/strong> de captation.<\/p>\n<p>Le projet combine une insertion \u00e0 la fois sociale et professionnelle qui constitue une r\u00e9elle innovation p\u00e9dagogique. Il d\u00e9veloppe une approche p\u00e9dagogique fond\u00e9e sur la mise en place d\u2019un accompagnement quotidien des jeunes, dans un cadre structur\u00e9 et s\u00e9curisant. Leur accueil est original et inconditionnel et prend en compte l\u2019ensemble de leurs difficult\u00e9s. Les jeunes ont ainsi les moyens de trouver \u00e0 terme leurs places de citoyens bien ins\u00e9r\u00e9s dans la soci\u00e9t\u00e9, avec une solution personnalis\u00e9e \u00e0 la sortie du centre.<\/p>\n<p><strong>R\u00e9alisations concr\u00e8tes<\/strong><br \/>\u2013 Les objectifs d\u2019accompagnement des jeunes ont tous \u00e9t\u00e9 atteints et les sorties positives sont particuli\u00e8rement \u00e9lev\u00e9es, avec un taux de 60 %.<\/p>\n<p><strong>Fiche d\u2019identit\u00e9 du projet<\/strong><br \/>\u2013 Programme : Programme national FSE+<br \/>\u2013 B\u00e9n\u00e9ficiaire : Association Fouque<br \/>\u2013 Lieu : Marseille 13010<br \/>\u2013 Co\u00fbt total : 877 658 \u20ac<br \/>\u2013 Montant du financement europ\u00e9en : 526 466 \u20ac<br \/>\u2013 Cofinancement : R\u00e9gion \u2013 DRPJJ \u2013 Conseil d\u00e9partemental 13 \u2013 FIPD \u2013 Politique de la ville<br \/>\u2013 Karima BENAZIZA, Charg\u00e9e de projet, <a href=\"https:\/\/presseagence.fr\/marseille-agir-en-faveur-des-jeunes-en-grande-difficulte\/mailto:karima.benaziza@association-fouque.org\" target=\"_blank\" rel=\"noopener nofollow\">karima.benaziza@association-fouque.org<\/a><\/p>\n<p><strong>En savoir plus sur le projet<\/strong><br \/>\u2013\u00a0<a href=\"https:\/\/www.association-fouque.org\/\" target=\"_blank\" rel=\"noopener nofollow\" data-saferedirecturl=\"https:\/\/www.google.com\/url?q=https:\/\/www.association-fouque.org\/&amp;source=gmail&amp;ust=1754917596351000&amp;usg=AOvVaw0SH4VBIRJ7VVlkoQkEpGZD\">Association Fouque<\/a><br \/>\u2013\u00a0<a href=\"https:\/\/www.association-fouque.org\/\" target=\"_blank\" rel=\"noopener nofollow\" data-saferedirecturl=\"https:\/\/www.google.com\/url?q=https:\/\/www.association-fouque.org\/&amp;source=gmail&amp;ust=1754917596351000&amp;usg=AOvVaw0SH4VBIRJ7VVlkoQkEpGZD\">Visionnez le projet en images<\/a><\/p>\n<p>Source : Les Etoiles de l\u2019Europe en R\u00e9gion Sud.<\/p>\n","protected":false},"excerpt":{"rendered":"Le projet vise un accompagnement citoyen intensif de 190 jeunes en grande difficult\u00e9 vers un emploi ou une&hellip;\n","protected":false},"author":2,"featured_media":310607,"comment_status":"","ping_status":"","sticky":false,"template":"","format":"standard","meta":{"footnotes":""},"categories":[2814],"tags":[1111,11,1777,674,1011,27,884,12,882,25],"class_list":{"0":"post-326044","1":"post","2":"type-post","3":"status-publish","4":"format-standard","5":"has-post-thumbnail","7":"category-marseille","8":"tag-actu","9":"tag-actualites","10":"tag-eu","11":"tag-europe","12":"tag-fr","13":"tag-france","14":"tag-marseille","15":"tag-news","16":"tag-provence-alpes-cote-dazur","17":"tag-republique-francaise"},"share_on_mastodon":{"url":"https:\/\/pubeurope.com\/@fr\/115047298885136167","error":""},"_links":{"self":[{"href":"https:\/\/www.europesays.com\/fr\/wp-json\/wp\/v2\/posts\/326044","targetHints":{"allow":["GET"]}}],"collection":[{"href":"https:\/\/www.europesays.com\/fr\/wp-json\/wp\/v2\/posts"}],"about":[{"href":"https:\/\/www.europesays.com\/fr\/wp-json\/wp\/v2\/types\/post"}],"author":[{"embeddable":true,"href":"https:\/\/www.europesays.com\/fr\/wp-json\/wp\/v2\/users\/2"}],"replies":[{"embeddable":true,"href":"https:\/\/www.europesays.com\/fr\/wp-json\/wp\/v2\/comments?post=326044"}],"version-history":[{"count":0,"href":"https:\/\/www.europesays.com\/fr\/wp-json\/wp\/v2\/posts\/326044\/revisions"}],"wp:featuredmedia":[{"embeddable":true,"href":"https:\/\/www.europesays.com\/fr\/wp-json\/wp\/v2\/media\/310607"}],"wp:attachment":[{"href":"https:\/\/www.europesays.com\/fr\/wp-json\/wp\/v2\/media?parent=326044"}],"wp:term":[{"taxonomy":"category","embeddable":true,"href":"https:\/\/www.europesays.com\/fr\/wp-json\/wp\/v2\/categories?post=326044"},{"taxonomy":"post_tag","embeddable":true,"href":"https:\/\/www.europesays.com\/fr\/wp-json\/wp\/v2\/tags?post=326044"}],"curies":[{"name":"wp","href":"https:\/\/api.w.org\/{rel}","templated":true}]}}