{"id":326045,"date":"2025-08-18T02:00:31","date_gmt":"2025-08-18T02:00:31","guid":{"rendered":"https:\/\/www.europesays.com\/fr\/326045\/"},"modified":"2025-08-18T02:00:31","modified_gmt":"2025-08-18T02:00:31","slug":"bruno-bernard-se-felicite-lopposition-replique","status":"publish","type":"post","link":"https:\/\/www.europesays.com\/fr\/326045\/","title":{"rendered":"Bruno Bernard se f\u00e9licite, l\u2019opposition r\u00e9plique"},"content":{"rendered":"<p>                            <img loading=\"lazy\" width=\"1200\" height=\"798\" class=\"attachment-article size-article wp-post-image lazyload\" alt=\"bruno bernard, pr\u00e9sident de la m\u00e9tropole de Lyon, \u00e0 la pr\u00e9fecture du Rh\u00f4ne\" decoding=\"async\" src=\"https:\/\/www.europesays.com\/fr\/wp-content\/uploads\/2025\/06\/AFP__20240916__HL_MDELATY_2513340__v1__HighRes__FranceCeremonyThanksPoliceForcesFire.jpg\" data-eio-rwidth=\"1200\" data-eio-rheight=\"798\"\/><\/p>\n<p>Le pr\u00e9sident \u00e9cologiste de la M\u00e9tropole de Lyon, Bruno Bernard. (Photo Matthieu Delaty \/ Hans Lucas \/ Hans Lucas via AFP)<\/p>\n<p class=\"content\" style=\"font-size:1.2em;font-weight:700\">Bruno Bernard s\u2019est f\u00e9licit\u00e9 de la baisse de la d\u00e9linquance dans les transports lyonnais. Des chiffres aussit\u00f4t remis en cause par l\u2019opposition qui l\u2019accuse de travestir la r\u00e9alit\u00e9.<\/p>\n<p><a href=\"https:\/\/www.lyoncapitale.fr\/actualite\/a-lyon-bruno-bernard-defend-un-dynamisme-economique-renforce-sous-son-mandat\" target=\"_blank\" rel=\"noreferrer noopener\">Bruno Bernard<\/a>, le pr\u00e9sident de la M\u00e9tropole et du Sytral, s\u2019est f\u00e9licit\u00e9 ce samedi d\u2019avoir \u00ab r\u00e9ussi \u00e0 faire reculer la d\u00e9linquance dans les transports \u00bb gr\u00e2ce \u00e0 500 agents mobilis\u00e9s, 2 700 cam\u00e9ras install\u00e9es depuis 2020, un budget renforc\u00e9 et davantage de pr\u00e9vention. Selon lui, le r\u00e9seau TCL serait aujourd\u2019hui \u00ab trois fois moins touch\u00e9 par la d\u00e9linquance que les autres grandes m\u00e9tropoles \u00bb.<\/p>\n<p>Un satisfecit qui a fait r\u00e9agir l&rsquo;un de ses opposants, <a href=\"https:\/\/www.lyoncapitale.fr\/actualite\/je-serai-le-maire-du-quotidien-le-maire-de-l-ambition-assure-edouard-hoffmann\" target=\"_blank\" rel=\"noreferrer noopener\">\u00c9douard Hoffmann<\/a>, candidat \u00e0 la mairie de Lyon en 2026. \u00ab Oui, les chiffres baissent\u2026 mais apr\u00e8s l\u2019explosion de 2021 (+45 %), ils ne pouvaient que reculer m\u00e9caniquement. Or, ce sont encore pr\u00e8s de 20 agressions par jour dans nos transports \u00bb, a-t-il r\u00e9pondu, appelant \u00e0 cr\u00e9er \u00ab une vraie police des transports, form\u00e9e et visible \u00bb.<\/p>\n<blockquote class=\"twitter-tweet\" data-width=\"550\" data-dnt=\"true\">\n<p lang=\"fr\" dir=\"ltr\">Oui <a href=\"https:\/\/twitter.com\/brunobernard_fr?ref_src=twsrc%5Etfw\" target=\"_blank\" rel=\"noopener\">@brunobernard_fr<\/a> les chiffres baissent\u2026 mais apr\u00e8s l\u2019explosion de 2021 (+45 %), ils ne pouvaient que reculer m\u00e9caniquement. <br \/>Or, ce sont encore pr\u00e8s de 20 agressions par jour dans nos transports. <br \/>Une seule est d\u00e9j\u00e0 une de trop. <br \/>Plut\u00f4t que la guerre des chiffres, il faut\u2026 <a href=\"https:\/\/t.co\/yqISQWE8do\">pic.twitter.com\/yqISQWE8do<\/a><\/p>\n<p>\u2014 Edouard Hoffmann (@EddHoffmann) <a href=\"https:\/\/twitter.com\/EddHoffmann\/status\/1956701213803610221?ref_src=twsrc%5Etfw\" target=\"_blank\" rel=\"noopener\">August 16, 2025<\/a><\/p><\/blockquote>\n<p><strong>Lire aussi : <a href=\"https:\/\/www.lyoncapitale.fr\/actualite\/je-serai-le-maire-du-quotidien-le-maire-de-l-ambition-assure-edouard-hoffmann\" target=\"_blank\" rel=\"noreferrer noopener\">Qui est \u00c9douard Hoffmann, le 5e candidat aux \u00e9lections municipales de Lyon ?<\/a><\/strong><\/p>\n<p>Bernard a aussit\u00f4t r\u00e9pliqu\u00e9, accusant son opposant de \u00ab d\u00e9former la r\u00e9alit\u00e9 \u00bb. Il rappelle que 2021 a \u00e9t\u00e9 marqu\u00e9e partout par une hausse des faits apr\u00e8s la chute due aux confinements, et qu\u2019il faut comparer avec 2019 pour \u00e9viter les biais. Selon lui, le chiffre des \u00ab 20 agressions par jour \u00bb englobe TER, trains et cars, bien au-del\u00e0 des TCL.<\/p>\n<blockquote class=\"twitter-tweet\" data-width=\"550\" data-dnt=\"true\">\n<p lang=\"fr\" dir=\"ltr\">\ud83d\ude44  Comme sur de nombreux sujets, vous d\u00e9formez la r\u00e9alit\u00e9 ou ne comprenez pas de quoi vous parlez.<\/p>\n<p>Nous avons fait baisser les chiffres de la d\u00e9linquance dans les transports toutes les autres ann\u00e9es, avec d&rsquo;excellentes relations avec la <a href=\"https:\/\/twitter.com\/prefetrhone?ref_src=twsrc%5Etfw\" target=\"_blank\" rel=\"noopener\">@prefetrhone<\/a>, qui nous a toujours bien\u2026 <a href=\"https:\/\/t.co\/o1C6gndDiX\">pic.twitter.com\/o1C6gndDiX<\/a><\/p>\n<p>\u2014 Bruno Bernard (@brunobernard_fr) <a href=\"https:\/\/twitter.com\/brunobernard_fr\/status\/1956723271623421981?ref_src=twsrc%5Etfw\" target=\"_blank\" rel=\"noopener\">August 16, 2025<\/a><\/p><\/blockquote>\n<p>    <script async src=\"https:\/\/platform.twitter.com\/widgets.js\" charset=\"utf-8\"><\/script><\/p>\n","protected":false},"excerpt":{"rendered":"Le pr\u00e9sident \u00e9cologiste de la M\u00e9tropole de Lyon, Bruno Bernard. (Photo Matthieu Delaty \/ Hans Lucas \/ Hans&hellip;\n","protected":false},"author":2,"featured_media":191041,"comment_status":"","ping_status":"","sticky":false,"template":"","format":"standard","meta":{"footnotes":""},"categories":[1889],"tags":[1111,11,2430,5921,46304,1777,674,1011,27,2428,10510,12,25,656,10213],"class_list":{"0":"post-326045","1":"post","2":"type-post","3":"status-publish","4":"format-standard","5":"has-post-thumbnail","7":"category-lyon","8":"tag-actu","9":"tag-actualites","10":"tag-auvergne-rhone-alpes","11":"tag-bruno-bernard","12":"tag-edouard-hoffmann","13":"tag-eu","14":"tag-europe","15":"tag-fr","16":"tag-france","17":"tag-lyon","18":"tag-metropole-de-lyon","19":"tag-news","20":"tag-republique-francaise","21":"tag-securite","22":"tag-tcl"},"share_on_mastodon":{"url":"https:\/\/pubeurope.com\/@fr\/115047302675943013","error":""},"_links":{"self":[{"href":"https:\/\/www.europesays.com\/fr\/wp-json\/wp\/v2\/posts\/326045","targetHints":{"allow":["GET"]}}],"collection":[{"href":"https:\/\/www.europesays.com\/fr\/wp-json\/wp\/v2\/posts"}],"about":[{"href":"https:\/\/www.europesays.com\/fr\/wp-json\/wp\/v2\/types\/post"}],"author":[{"embeddable":true,"href":"https:\/\/www.europesays.com\/fr\/wp-json\/wp\/v2\/users\/2"}],"replies":[{"embeddable":true,"href":"https:\/\/www.europesays.com\/fr\/wp-json\/wp\/v2\/comments?post=326045"}],"version-history":[{"count":0,"href":"https:\/\/www.europesays.com\/fr\/wp-json\/wp\/v2\/posts\/326045\/revisions"}],"wp:featuredmedia":[{"embeddable":true,"href":"https:\/\/www.europesays.com\/fr\/wp-json\/wp\/v2\/media\/191041"}],"wp:attachment":[{"href":"https:\/\/www.europesays.com\/fr\/wp-json\/wp\/v2\/media?parent=326045"}],"wp:term":[{"taxonomy":"category","embeddable":true,"href":"https:\/\/www.europesays.com\/fr\/wp-json\/wp\/v2\/categories?post=326045"},{"taxonomy":"post_tag","embeddable":true,"href":"https:\/\/www.europesays.com\/fr\/wp-json\/wp\/v2\/tags?post=326045"}],"curies":[{"name":"wp","href":"https:\/\/api.w.org\/{rel}","templated":true}]}}