{"id":326056,"date":"2025-08-18T02:08:14","date_gmt":"2025-08-18T02:08:14","guid":{"rendered":"https:\/\/www.europesays.com\/fr\/326056\/"},"modified":"2025-08-18T02:08:14","modified_gmt":"2025-08-18T02:08:14","slug":"donald-trump-exclut-que-lukraine-recupere-la-crimee-ou-de-rejoindre-lotan","status":"publish","type":"post","link":"https:\/\/www.europesays.com\/fr\/326056\/","title":{"rendered":"Donald Trump exclut que l\u2019Ukraine r\u00e9cup\u00e8re la Crim\u00e9e ou de rejoindre l&rsquo;OTAN"},"content":{"rendered":"<p><strong>Donald Trump a affirm\u00e9 que le pr\u00e9sident ukrainien Volodymyr Zelensky, qu\u2019il doit recevoir lundi, pouvait mettre fin \u00e0 la guerre avec la Russie \u00abpresque imm\u00e9diatement\u00bb, excluant que Ky\u00efv r\u00e9cup\u00e8re le contr\u00f4le de la Crim\u00e9e annex\u00e9e par Moscou en 2014 et entre dans l\u2019OTAN.<\/strong>\u00a0<\/p>\n<p class=\"toreadalso-fromEMP\"><strong>\u2022 \u00c0 lire aussi: <\/strong><a href=\"https:\/\/www.journaldequebec.com\/2025\/08\/16\/ukraine-les-allies-de-kiev-se-concertent-sur-le-plan-de-paix-voulu-par-trump\" target=\"8d79a019-738a-45f6-ba5c-952fc5628bbe\" rel=\"nofollow noopener\"><strong>Ukraine: les alli\u00e9s de Kiev se concertent sur le plan de paix voulu par Trump<\/strong><\/a><\/p>\n<p class=\"toreadalso-fromEMP\"><strong>\u2022 \u00c0 lire aussi: <\/strong><a href=\"https:\/\/www.tvanouvelles.ca\/2025\/08\/17\/poutine-veut-une-capitulation-de-lukraine-plutot-que-la-paix-selon-macron\" target=\"69f7472f-933c-4531-a489-63de871ff354\" rel=\"nofollow noopener\"><strong>Poutine veut une \u00abcapitulation\u00bb de l&rsquo;Ukraine plut\u00f4t que la paix, selon Macron<\/strong><\/a><\/p>\n<p>\u00abLe pr\u00e9sident ukrainien Zelensky peut mettre fin \u00e0 la guerre avec la Russie presque imm\u00e9diatement s\u2019il le veut, ou il peut continuer \u00e0 combattre. Souvenez-vous comment cela a commenc\u00e9. Pas question de r\u00e9cup\u00e9rer la Crim\u00e9e donn\u00e9e par Obama (il y a 12 ans, sans qu\u2019un seul coup de feu ne soit tir\u00e9) et PAS QUESTION POUR L\u2019UKRAINE D\u2019ENTRER DANS L\u2019OTAN\u00bb, a \u00e9crit le pr\u00e9sident am\u00e9ricain sur son r\u00e9seau Truth Social.<\/p>\n<\/p>\n<p>Plus de d\u00e9tails \u00e0 venir&#8230;<\/p>\n","protected":false},"excerpt":{"rendered":"Donald Trump a affirm\u00e9 que le pr\u00e9sident ukrainien Volodymyr Zelensky, qu\u2019il doit recevoir lundi, pouvait mettre fin \u00e0&hellip;\n","protected":false},"author":2,"featured_media":326057,"comment_status":"","ping_status":"","sticky":false,"template":"","format":"standard","meta":{"footnotes":""},"categories":[1591],"tags":[11,1887,12,1885,1886,132],"class_list":{"0":"post-326056","1":"post","2":"type-post","3":"status-publish","4":"format-standard","5":"has-post-thumbnail","7":"category-russie","8":"tag-actualites","9":"tag-federation-de-russie","10":"tag-news","11":"tag-russia","12":"tag-russian-federation","13":"tag-russie"},"share_on_mastodon":{"url":"https:\/\/pubeurope.com\/@fr\/115047334131960901","error":""},"_links":{"self":[{"href":"https:\/\/www.europesays.com\/fr\/wp-json\/wp\/v2\/posts\/326056","targetHints":{"allow":["GET"]}}],"collection":[{"href":"https:\/\/www.europesays.com\/fr\/wp-json\/wp\/v2\/posts"}],"about":[{"href":"https:\/\/www.europesays.com\/fr\/wp-json\/wp\/v2\/types\/post"}],"author":[{"embeddable":true,"href":"https:\/\/www.europesays.com\/fr\/wp-json\/wp\/v2\/users\/2"}],"replies":[{"embeddable":true,"href":"https:\/\/www.europesays.com\/fr\/wp-json\/wp\/v2\/comments?post=326056"}],"version-history":[{"count":0,"href":"https:\/\/www.europesays.com\/fr\/wp-json\/wp\/v2\/posts\/326056\/revisions"}],"wp:featuredmedia":[{"embeddable":true,"href":"https:\/\/www.europesays.com\/fr\/wp-json\/wp\/v2\/media\/326057"}],"wp:attachment":[{"href":"https:\/\/www.europesays.com\/fr\/wp-json\/wp\/v2\/media?parent=326056"}],"wp:term":[{"taxonomy":"category","embeddable":true,"href":"https:\/\/www.europesays.com\/fr\/wp-json\/wp\/v2\/categories?post=326056"},{"taxonomy":"post_tag","embeddable":true,"href":"https:\/\/www.europesays.com\/fr\/wp-json\/wp\/v2\/tags?post=326056"}],"curies":[{"name":"wp","href":"https:\/\/api.w.org\/{rel}","templated":true}]}}