{"id":326062,"date":"2025-08-18T02:11:13","date_gmt":"2025-08-18T02:11:13","guid":{"rendered":"https:\/\/www.europesays.com\/fr\/326062\/"},"modified":"2025-08-18T02:11:13","modified_gmt":"2025-08-18T02:11:13","slug":"tesla-reduit-de-pres-de-moitie-ses-tarifs-de-location-mensuelle-au-royaume-uni-face-a-la-chute-des-ventes","status":"publish","type":"post","link":"https:\/\/www.europesays.com\/fr\/326062\/","title":{"rendered":"Tesla r\u00e9duit de pr\u00e8s de moiti\u00e9 ses tarifs de location mensuelle au Royaume-Uni face \u00e0 la chute des ventes"},"content":{"rendered":"<p>Les automobilistes britanniques peuvent d\u00e9sormais louer un v\u00e9hicule \u00e9lectrique Tesla pour un peu plus de la moiti\u00e9 du prix qu&rsquo;ils auraient pay\u00e9 il y a un an, rapporte The Times lundi, citant des sources du secteur.<\/p>\n<p>Selon le journal, Tesla a \u00e9t\u00e9 contrainte d&rsquo;accorder des remises pouvant aller jusqu&rsquo;\u00e0 40\u00a0% aux soci\u00e9t\u00e9s de location automobile afin d&rsquo;\u00e9couler davantage de v\u00e9hicules.<\/p>\n<p>D&rsquo;apr\u00e8s le m\u00eame rapport, ces r\u00e9ductions s&rsquo;expliquent \u00e9galement par le manque d&rsquo;espace de stockage pour les v\u00e9hicules Tesla au Royaume-Uni.<\/p>\n<p>Reuters n&rsquo;a pas pu confirmer imm\u00e9diatement ces informations. Tesla n&rsquo;a pas donn\u00e9 suite dans l&rsquo;imm\u00e9diat \u00e0 la demande de commentaire de Reuters.<\/p>\n<p>Les ventes de Tesla au Royaume-Uni ont chut\u00e9 d&rsquo;environ 60\u00a0% en juillet, pour atteindre 987 unit\u00e9s, selon les derni\u00e8res donn\u00e9es de la Society of Motor Manufacturers and Traders (SMMT).<\/p>\n<p>Dans l&rsquo;ensemble, les immatriculations de voitures neuves au Royaume-Uni ont recul\u00e9 d&rsquo;environ 5\u00a0% sur un an en juillet, selon la SMMT.<\/p>\n<p>Les v\u00e9hicules \u00e9lectriques \u00e0 batterie devraient d\u00e9sormais repr\u00e9senter 23,8\u00a0% des nouvelles immatriculations en 2025, soit une l\u00e9g\u00e8re hausse par rapport \u00e0 la pr\u00e9c\u00e9dente pr\u00e9vision de 23,5\u00a0% de la SMMT.<\/p>\n<p>(Reportage de Gnaneshwar Rajan \u00e0 Bengaluru\u00a0; \u00e9dition par Kim Coghill et Tom Hogue)<\/p>\n<p><\/p>\n","protected":false},"excerpt":{"rendered":"Les automobilistes britanniques peuvent d\u00e9sormais louer un v\u00e9hicule \u00e9lectrique Tesla pour un peu plus de la moiti\u00e9 du&hellip;\n","protected":false},"author":2,"featured_media":326063,"comment_status":"","ping_status":"","sticky":false,"template":"","format":"standard","meta":{"footnotes":""},"categories":[1588],"tags":[11,340,1777,674,12,473,1853,1851,1850,1852],"class_list":{"0":"post-326062","1":"post","2":"type-post","3":"status-publish","4":"format-standard","5":"has-post-thumbnail","7":"category-royaume-uni","8":"tag-actualites","9":"tag-bourse","10":"tag-eu","11":"tag-europe","12":"tag-news","13":"tag-royaume-uni","14":"tag-royaume-uni-de-grande-bretagne-et-dirlande-du-nord","15":"tag-uk","16":"tag-united-kingdom","17":"tag-united-kingdom-of-great-britain-and-northern-ireland"},"share_on_mastodon":{"url":"https:\/\/pubeurope.com\/@fr\/115047345859544514","error":""},"_links":{"self":[{"href":"https:\/\/www.europesays.com\/fr\/wp-json\/wp\/v2\/posts\/326062","targetHints":{"allow":["GET"]}}],"collection":[{"href":"https:\/\/www.europesays.com\/fr\/wp-json\/wp\/v2\/posts"}],"about":[{"href":"https:\/\/www.europesays.com\/fr\/wp-json\/wp\/v2\/types\/post"}],"author":[{"embeddable":true,"href":"https:\/\/www.europesays.com\/fr\/wp-json\/wp\/v2\/users\/2"}],"replies":[{"embeddable":true,"href":"https:\/\/www.europesays.com\/fr\/wp-json\/wp\/v2\/comments?post=326062"}],"version-history":[{"count":0,"href":"https:\/\/www.europesays.com\/fr\/wp-json\/wp\/v2\/posts\/326062\/revisions"}],"wp:featuredmedia":[{"embeddable":true,"href":"https:\/\/www.europesays.com\/fr\/wp-json\/wp\/v2\/media\/326063"}],"wp:attachment":[{"href":"https:\/\/www.europesays.com\/fr\/wp-json\/wp\/v2\/media?parent=326062"}],"wp:term":[{"taxonomy":"category","embeddable":true,"href":"https:\/\/www.europesays.com\/fr\/wp-json\/wp\/v2\/categories?post=326062"},{"taxonomy":"post_tag","embeddable":true,"href":"https:\/\/www.europesays.com\/fr\/wp-json\/wp\/v2\/tags?post=326062"}],"curies":[{"name":"wp","href":"https:\/\/api.w.org\/{rel}","templated":true}]}}