{"id":326072,"date":"2025-08-18T02:16:11","date_gmt":"2025-08-18T02:16:11","guid":{"rendered":"https:\/\/www.europesays.com\/fr\/326072\/"},"modified":"2025-08-18T02:16:11","modified_gmt":"2025-08-18T02:16:11","slug":"un-bon-petit-stade-une-bonne-ambiance-olivier-giroud-fete-son-retour-en-ligue-1-par-un-but-contre-brest","status":"publish","type":"post","link":"https:\/\/www.europesays.com\/fr\/326072\/","title":{"rendered":"\u00ab\u00a0Un bon petit stade, une bonne ambiance\u00a0\u00bb\u00a0: Olivier Giroud f\u00eate son retour en Ligue 1 par un but contre Brest"},"content":{"rendered":"<p>Beaucoup s\u2019interrogeaient sur sa condition physique apr\u00e8s un passage mitig\u00e9 en MLS et \u00e0 l\u2019aube de ses 39 ans. Olivier Giroud, qui faisait son retour dans le championnat de France avec Lille, face \u00e0 Brest dimanche, a tr\u00e8s vite balay\u00e9 les doutes.<\/p>\n<p>D\u00e8s la 11e minute, le meilleur buteur de l\u2019\u00e9quipe de France (57 buts) a inscrit son premier but de la saison. Bien servi \u00e0 l\u2019entr\u00e9e de la surface, l\u2019ancien Gunners a crois\u00e9 sa frappe du gauche et a tromp\u00e9 Radoslaw Majecki, le gardien brestois.<\/p>\n<p>\u00ab Ma force, c\u2019est dans la surface. J\u2019ai \u00e9t\u00e9 bien servi encore une fois apr\u00e8s un bon mouvement, expliquait l\u2019ex-international fran\u00e7ais. Apr\u00e8s, j\u2019ai un peu de r\u00e9ussite, \u00e7a passe sous les pieds du d\u00e9fenseur et le gardien est un peu pris \u00e0 contre-pied. C\u2019est un mouvement qu\u2019on aime bien faire et \u00e7a montre qu\u2019on commence \u00e0 avoir une belle entente. Il y a beaucoup de satisfaction de marquer ce premier but dans le premier quart d\u2019heure. \u00bb<\/p>\n<p>\u00ab Un bon petit stade, une bonne ambiance \u00bb<\/p>\n<p>Olivier Giroud fut ensuite plus discret, mais le tr\u00e8s grand attaquant (1,93 m) a pes\u00e9 dans l\u2019ombre sur la d\u00e9fense finist\u00e9rienne. Brendan Chardonnet, qui l\u2019avait au marquage, a constat\u00e9 que le Fran\u00e7ais \u00e9tait \u00ab un point d\u2019appui tr\u00e8s compliqu\u00e9 \u00e0 d\u00e9fendre \u00bb. \u00ab Il a toujours le geste juste. C\u2019est un finisseur. Il n\u2019en a pas eu beaucoup, mais il a r\u00e9ussi \u00e0 marquer. C\u2019est une fiert\u00e9 de l\u2019avoir affront\u00e9. On voit qu\u2019il a encore du gaz \u00bb, poursuivait le capitaine breton.<\/p>\n<p>Arriv\u00e9 \u00e0 Lille avec la lourde t\u00e2che de succ\u00e9der \u00e0 Jonathan David, parti \u00e0 la Juventus, Olivier Giroud a offert des garanties physiques. Il est m\u00eame rest\u00e9 sur le terrain jusqu\u2019\u00e0 la fin d\u2019un match qui s\u2019est sold\u00e9 par un nul plut\u00f4t logique (3-3). \u00ab C\u2019est un bonheur de revenir en Ligue 1. Un bon petit stade, une bonne ambiance, avec du spectacle. C\u2019est vrai que pour nous, c\u2019est un peu frustrant de marquer trois buts \u00e0 l\u2019ext\u00e9rieur et de ne pas rentrer avec les trois points. \u00bb <\/p>\n","protected":false},"excerpt":{"rendered":"Beaucoup s\u2019interrogeaient sur sa condition physique apr\u00e8s un passage mitig\u00e9 en MLS et \u00e0 l\u2019aube de ses 39&hellip;\n","protected":false},"author":2,"featured_media":326073,"comment_status":"","ping_status":"","sticky":false,"template":"","format":"standard","meta":{"footnotes":""},"categories":[2],"tags":[11,3450,3166,63,1011,27,66,12,25,60,4449],"class_list":{"0":"post-326072","1":"post","2":"type-post","3":"status-publish","4":"format-standard","5":"has-post-thumbnail","7":"category-actualites","8":"tag-actualites","9":"tag-brest","10":"tag-en-continu-sports","11":"tag-football","12":"tag-fr","13":"tag-france","14":"tag-ligue-1","15":"tag-news","16":"tag-republique-francaise","17":"tag-sports","18":"tag-stade-brestois"},"share_on_mastodon":{"url":"https:\/\/pubeurope.com\/@fr\/115047365783534773","error":""},"_links":{"self":[{"href":"https:\/\/www.europesays.com\/fr\/wp-json\/wp\/v2\/posts\/326072","targetHints":{"allow":["GET"]}}],"collection":[{"href":"https:\/\/www.europesays.com\/fr\/wp-json\/wp\/v2\/posts"}],"about":[{"href":"https:\/\/www.europesays.com\/fr\/wp-json\/wp\/v2\/types\/post"}],"author":[{"embeddable":true,"href":"https:\/\/www.europesays.com\/fr\/wp-json\/wp\/v2\/users\/2"}],"replies":[{"embeddable":true,"href":"https:\/\/www.europesays.com\/fr\/wp-json\/wp\/v2\/comments?post=326072"}],"version-history":[{"count":0,"href":"https:\/\/www.europesays.com\/fr\/wp-json\/wp\/v2\/posts\/326072\/revisions"}],"wp:featuredmedia":[{"embeddable":true,"href":"https:\/\/www.europesays.com\/fr\/wp-json\/wp\/v2\/media\/326073"}],"wp:attachment":[{"href":"https:\/\/www.europesays.com\/fr\/wp-json\/wp\/v2\/media?parent=326072"}],"wp:term":[{"taxonomy":"category","embeddable":true,"href":"https:\/\/www.europesays.com\/fr\/wp-json\/wp\/v2\/categories?post=326072"},{"taxonomy":"post_tag","embeddable":true,"href":"https:\/\/www.europesays.com\/fr\/wp-json\/wp\/v2\/tags?post=326072"}],"curies":[{"name":"wp","href":"https:\/\/api.w.org\/{rel}","templated":true}]}}