{"id":326076,"date":"2025-08-18T02:18:16","date_gmt":"2025-08-18T02:18:16","guid":{"rendered":"https:\/\/www.europesays.com\/fr\/326076\/"},"modified":"2025-08-18T02:18:16","modified_gmt":"2025-08-18T02:18:16","slug":"thomas-detry-seloigne-de-la-course-a-la-ryder-cup","status":"publish","type":"post","link":"https:\/\/www.europesays.com\/fr\/326076\/","title":{"rendered":"Thomas Detry s&rsquo;\u00e9loigne de la course \u00e0 la Ryder Cup"},"content":{"rendered":"<p class=\"ap-StoryElement ap-StoryElement--mb js-paywall-target ap-StoryText\">\u00c0 ce jour, les deux Anglais rejoignent Rory McIlroy. Robert Macintyre, Tyrrell Hatton et Sepp Straka devraient compl\u00e9ter le top 6 qui sera officialis\u00e9 le 24 ao\u00fbt.<\/p>\n<p class=\"ap-StoryElement ap-StoryElement--mb ap-StoryText\">Il restera alors six places qui seront attribu\u00e9es par le capitaine Luke Donald qui ne tiendra pas forc\u00e9ment compte du classement. Shane Lowry, Rasmus Hojgaard, Ludvig Aberg, Viktor Hovland, Matt Wallace et Matt Fitzpatrick ont de solides arguments pour donner \u00e0 cette \u00e9quipe des allures de celle qui l&rsquo;avait emport\u00e9 \u00e0 Rome.<\/p>\n<p class=\"ap-StoryElement ap-StoryElement--mb ap-StoryText\">Le suspense concerne les deux derni\u00e8res places. Fitzpatrick ? Hojgaard ? Voire Thomas Detry ? Un autre? Le Belge n&rsquo;est pas dans les petits papiers du capitaine. Il aura besoin de vivre une grande semaine pour accrocher le top 30 et donc la troisi\u00e8me \u00e9tape des playoffs de la FedExCup s&rsquo;il veut augmenter ses chances de disputer la Ryder Cup. En d&rsquo;autres mots, le Belge a besoin d&rsquo;un top 10 voire top 5 cette semaine pour entretenir le r\u00eave.<\/p>\n<blockquote class=\"ap-StoryQuote ap-StoryQuote--pullquote\"><p>guillement<\/p>\n<p class=\"ap-StoryQuote-text\">Thomas Detry est clairement en forme, mais il n&rsquo;est pas pr\u00eat \u00e0 performer dans les moments cruciaux.\u00a0\u00bb<\/p>\n<\/blockquote>\n<p class=\"ap-StoryElement ap-StoryElement--mb ap-StoryText\">\u00ab\u00a0Lors de son titre \u00e0 Phoenix, il s&rsquo;est invit\u00e9 dans les d\u00e9bats, mais il en est ressorti petit \u00e0 petit\u00a0\u00bb, analyse notre consultant Michel Vanmeerbeek. \u00ab\u00a0Son titre sur le PGA \u00e0 Phoenix en f\u00e9vrier a constitu\u00e9 un soulagement et non un accomplissement. Les autres sont mont\u00e9s en puissance. Le capitaine a besoin de gars d&rsquo;exp\u00e9rience et non de rookies. Luke Donald recherche des gars qui ne craquent pas.\u00a0\u00bb <\/p>\n<p class=\"ap-StoryElement ap-StoryElement--mb ap-StoryText\">Or, dimanche, le Belge a craqu\u00e9 sous la pression. \u00ab\u00a0Lors de la Ryder Cup, le bruit et la pression sont plusieurs tons plus haut encore. Les joueurs doivent \u00eatre pr\u00eats \u00e0 supporter ce chaos. Pour revenir \u00e0 Thomas, il est clairement en forme, mais il n&rsquo;est pas pr\u00eat \u00e0 performer dans les moments cruciaux. Luke Donald l&rsquo;a vu. Le capitaine alignera des gars qui sont pr\u00eats pour ces circonstances de jeu.\u00a0\u00bb<\/p>\n","protected":false},"excerpt":{"rendered":"\u00c0 ce jour, les deux Anglais rejoignent Rory McIlroy. Robert Macintyre, Tyrrell Hatton et Sepp Straka devraient compl\u00e9ter&hellip;\n","protected":false},"author":2,"featured_media":326077,"comment_status":"","ping_status":"","sticky":false,"template":"","format":"standard","meta":{"footnotes":""},"categories":[1418],"tags":[9013,1011,27,14824,1472,1227,517,60,45484],"class_list":{"0":"post-326076","1":"post","2":"type-post","3":"status-publish","4":"format-standard","5":"has-post-thumbnail","7":"category-golf","8":"tag-color-image","9":"tag-fr","10":"tag-france","11":"tag-gettyimagerank2","12":"tag-golf","13":"tag-horizontal","14":"tag-sport","15":"tag-sports","16":"tag-us-pga-tour"},"share_on_mastodon":{"url":"https:\/\/pubeurope.com\/@fr\/115047373389441597","error":""},"_links":{"self":[{"href":"https:\/\/www.europesays.com\/fr\/wp-json\/wp\/v2\/posts\/326076","targetHints":{"allow":["GET"]}}],"collection":[{"href":"https:\/\/www.europesays.com\/fr\/wp-json\/wp\/v2\/posts"}],"about":[{"href":"https:\/\/www.europesays.com\/fr\/wp-json\/wp\/v2\/types\/post"}],"author":[{"embeddable":true,"href":"https:\/\/www.europesays.com\/fr\/wp-json\/wp\/v2\/users\/2"}],"replies":[{"embeddable":true,"href":"https:\/\/www.europesays.com\/fr\/wp-json\/wp\/v2\/comments?post=326076"}],"version-history":[{"count":0,"href":"https:\/\/www.europesays.com\/fr\/wp-json\/wp\/v2\/posts\/326076\/revisions"}],"wp:featuredmedia":[{"embeddable":true,"href":"https:\/\/www.europesays.com\/fr\/wp-json\/wp\/v2\/media\/326077"}],"wp:attachment":[{"href":"https:\/\/www.europesays.com\/fr\/wp-json\/wp\/v2\/media?parent=326076"}],"wp:term":[{"taxonomy":"category","embeddable":true,"href":"https:\/\/www.europesays.com\/fr\/wp-json\/wp\/v2\/categories?post=326076"},{"taxonomy":"post_tag","embeddable":true,"href":"https:\/\/www.europesays.com\/fr\/wp-json\/wp\/v2\/tags?post=326076"}],"curies":[{"name":"wp","href":"https:\/\/api.w.org\/{rel}","templated":true}]}}