{"id":326078,"date":"2025-08-18T02:20:18","date_gmt":"2025-08-18T02:20:18","guid":{"rendered":"https:\/\/www.europesays.com\/fr\/326078\/"},"modified":"2025-08-18T02:20:18","modified_gmt":"2025-08-18T02:20:18","slug":"monaco-remporte-la-premiere-etape-de-superseven-a-mont-de-marsan-lequipe","status":"publish","type":"post","link":"https:\/\/www.europesays.com\/fr\/326078\/","title":{"rendered":"Monaco remporte la premi\u00e8re \u00e9tape de Superseven \u00e0 Mont-de-Marsan &#8211; L&#039;\u00c9quipe"},"content":{"rendered":"<ol>\n<li><a href=\"https:\/\/news.google.com\/rss\/articles\/CBMitwFBVV95cUxOaF91ajhzNmJPaU10VWdjU3RpMlRJTEFBUXFBMEs4Q2xORnJTVVdCSW5tQ3FpNElYT2dkVTJzd2ZKak5mUGd3OU1KVFE3TUVuZUdES3d0SVAyN2h3SHhuU2ttVk5VRlNxcm9IczVWOVBDMGkyVzdWOTQ3aWxjVmxoZFJ5T3o0cF93TVgyX28zOEFvVk83M0RyRFhKR2hmanpBbTRKU2Y2VXA1anVpVFdBTmJ2cGQ2YmM?oc=5\" target=\"_blank\" rel=\"nofollow noopener\">Monaco remporte la premi\u00e8re \u00e9tape de Superseven \u00e0 Mont-de-Marsan<\/a>&nbsp;&nbsp;L&rsquo;\u00c9quipe<\/li>\n<li><a href=\"https:\/\/news.google.com\/rss\/articles\/CBMinwFBVV95cUxOa2hzZWRnem1DUTJPZDk3ako4Wjc4Qk0wYndfRmNhWWt2bEZlckxVWjJneE5VZWdzUXBMenFvLU9YdXd4dHk1Wjl4c3RfRS14UzR5WTV1Q3lGbjkxejNZd09qUDBIYzcwQ0VLT21ZaEVCUV9CMFhsQ2VBamM3X3d2SkFPUjdSSFFISFRReVNGcUtST1kySmNLdkhGLWc5Ukk?oc=5\" target=\"_blank\" rel=\"nofollow noopener\">Rugby \u00e0 7 &#8211; Au Supersevens, Monaco remet une tourn\u00e9e<\/a>&nbsp;&nbsp;Rugbyrama<\/li>\n<li><a href=\"https:\/\/news.google.com\/rss\/articles\/CBMi0wFBVV95cUxQZ2xOX2lnell6QWw0VDViWjA1dnpwUDA0R1gzVURlNnc3V3BuNUdsdVd6c1U3SnFkbnZxR3Fydk9lOGVHWEVxX2hQZXpvWmlUXzdTR0RDZEp5VU1wWFQ5cjRKMHhLZkpPZm9mU0JnbjVWT3JJNHJQdHhLRnpVaURodURpUmR1SmgwM1cwWVlHRVFCRUNzQkxYZlE2WEt1eG93ZkNWekZvblRQcWtPYVdRU3RIY25NUUlqMk1wS196RFNrSEczbUlCQ3ZEWVcySHBUZUFJ?oc=5\" target=\"_blank\" rel=\"nofollow noopener\">In Extenso Supersevens : l&rsquo;ASM Clermont ne verra pas les quarts de finale<\/a>&nbsp;&nbsp;La Montagne<\/li>\n<li><a href=\"https:\/\/news.google.com\/rss\/articles\/CBMi_wFBVV95cUxPWl9QdGd2eFFDOTBWOHdFeV94YWlkc2lRdWxBV2R6bTdrNzNJdGNzaG40X3hxcExILUtHeXJUdEU3UFVYU1QwSlFMSVIzVTMtTkkwYnlFcDhzaW16OFp5TGFKbi1BUXNLS1dLVy0xLVNaY2hZbHRLU29HbDVYUEFTc0lnYWlvS0J2YVBxaUlzeEtwUl84anctSHRVWl92S2o3T18zZEV0OTFzblJSTkR2RUpUaEdoaVItdHZhc05wNHd5NlNQVjRZczB5RU9Ec0s1YmpoTFlEdXhnOGFtcXRYenQyMmFfVUtiNlk1S3J0SWpVVVN1WVNJenlNMmt5ZlU?oc=5\" target=\"_blank\" rel=\"nofollow noopener\">In Extenso Supersevens : le Stade Rochelais a de quoi \u00eatre frustr\u00e9 apr\u00e8s la premi\u00e8re \u00e9tape, \u00e0 Mont-de-Marsan<\/a>&nbsp;&nbsp;Sud Ouest<\/li>\n<li><a href=\"https:\/\/news.google.com\/rss\/articles\/CBMi4gFBVV95cUxPb2VWUlRzRjM2dElCbExyS0hzT3daVHl0RGhMSGNXZHc4ZWQtbG1DUzZHRzJzRDFaTUJIZDdKR1FuOUZrd2tQdU9MRlg2NnhOLXd3NExHN2hFSE1ZRXJpOHZRekd1Q2xSbzRfVkM1WFlwZF9pd05WcXFFSE9seVFwaWtNMkJ3Y1lxSzM2ajZuVE5PRUt2clFkY2RJWHJEMGRnVnFiU2pYMjB3bF9MMEl6TDA4a1hGOVFYN0xpYWVacWpfa05uZFVnZlBXX3NZTE9JdzduS0FEeDJqRGt3V01UOXJB?oc=5\" target=\"_blank\" rel=\"nofollow noopener\">Rugby \u00e0 sept. Si pr\u00e8s, si loin pour Montauban \u00e0 l&rsquo;InExtenso rugby Supersevens, mais de belles promesses<\/a>&nbsp;&nbsp;ladepeche.fr<\/li>\n<\/ol>\n","protected":false},"excerpt":{"rendered":"Monaco remporte la premi\u00e8re \u00e9tape de Superseven \u00e0 Mont-de-Marsan&nbsp;&nbsp;L&rsquo;\u00c9quipe Rugby \u00e0 7 &#8211; Au Supersevens, Monaco remet une&hellip;\n","protected":false},"author":2,"featured_media":326079,"comment_status":"","ping_status":"","sticky":false,"template":"","format":"standard","meta":{"footnotes":""},"categories":[1416],"tags":[1011,27,479,1468,60],"class_list":{"0":"post-326078","1":"post","2":"type-post","3":"status-publish","4":"format-standard","5":"has-post-thumbnail","7":"category-rugby","8":"tag-fr","9":"tag-france","10":"tag-rugby","11":"tag-rugby-football","12":"tag-sports"},"share_on_mastodon":{"url":"https:\/\/pubeurope.com\/@fr\/115047381450770037","error":""},"_links":{"self":[{"href":"https:\/\/www.europesays.com\/fr\/wp-json\/wp\/v2\/posts\/326078","targetHints":{"allow":["GET"]}}],"collection":[{"href":"https:\/\/www.europesays.com\/fr\/wp-json\/wp\/v2\/posts"}],"about":[{"href":"https:\/\/www.europesays.com\/fr\/wp-json\/wp\/v2\/types\/post"}],"author":[{"embeddable":true,"href":"https:\/\/www.europesays.com\/fr\/wp-json\/wp\/v2\/users\/2"}],"replies":[{"embeddable":true,"href":"https:\/\/www.europesays.com\/fr\/wp-json\/wp\/v2\/comments?post=326078"}],"version-history":[{"count":0,"href":"https:\/\/www.europesays.com\/fr\/wp-json\/wp\/v2\/posts\/326078\/revisions"}],"wp:featuredmedia":[{"embeddable":true,"href":"https:\/\/www.europesays.com\/fr\/wp-json\/wp\/v2\/media\/326079"}],"wp:attachment":[{"href":"https:\/\/www.europesays.com\/fr\/wp-json\/wp\/v2\/media?parent=326078"}],"wp:term":[{"taxonomy":"category","embeddable":true,"href":"https:\/\/www.europesays.com\/fr\/wp-json\/wp\/v2\/categories?post=326078"},{"taxonomy":"post_tag","embeddable":true,"href":"https:\/\/www.europesays.com\/fr\/wp-json\/wp\/v2\/tags?post=326078"}],"curies":[{"name":"wp","href":"https:\/\/api.w.org\/{rel}","templated":true}]}}