{"id":326082,"date":"2025-08-18T02:23:16","date_gmt":"2025-08-18T02:23:16","guid":{"rendered":"https:\/\/www.europesays.com\/fr\/326082\/"},"modified":"2025-08-18T02:23:16","modified_gmt":"2025-08-18T02:23:16","slug":"fermin-aldeguer-sest-surpris-a-croire-a-la-victoire","status":"publish","type":"post","link":"https:\/\/www.europesays.com\/fr\/326082\/","title":{"rendered":"Ferm\u00edn Aldeguer s&rsquo;est surpris \u00e0 croire \u00e0 la victoire"},"content":{"rendered":"<p>Peu de monde attendait <a href=\"https:\/\/fr.motorsport.com\/driver\/fermin-aldeguer\/945314\/\" target=\"_blank\" rel=\"noopener nofollow\">Ferm\u00edn Aldeguer<\/a> sur le podium ce dimanche \u00e0 Spielberg, pas m\u00eame l&rsquo;int\u00e9ress\u00e9\u00a0! Ce r\u00e9sultat a m\u00eame mis longtemps \u00e0 se dessiner, jusqu&rsquo;\u00e0 lui faire penser quelques instants qu&rsquo;il pourrait faire encore mieux&#8230;<\/p>\n<p>Sixi\u00e8me sur la grille, Aldeguer a v\u00e9cu deux premiers tours d\u00e9licats, qui l&rsquo;ont fait d\u00e9gringoler en neuvi\u00e8me position. C&rsquo;est d&rsquo;abord gr\u00e2ce \u00e0 des m\u00e9saventures pour d&rsquo;autres pilotes qu&rsquo;il a pu remonter\u00a0: un passage hors piste d&rsquo;<a href=\"https:\/\/fr.motorsport.com\/driver\/enea-bastianini\/109398\/\" target=\"_blank\" rel=\"noopener nofollow\">Enea Bastianini<\/a>, le long-lap d&rsquo;<a href=\"https:\/\/fr.motorsport.com\/driver\/alex-marquez\/96324\/\" target=\"_blank\" rel=\"noopener nofollow\">\u00c1lex M\u00e1rquez<\/a> puis le temps perdu par <a href=\"https:\/\/fr.motorsport.com\/driver\/raul-fernandez\/443094\/\" target=\"_blank\" rel=\"noopener nofollow\">Ra\u00fal Fern\u00e1ndez<\/a> et <a href=\"https:\/\/fr.motorsport.com\/driver\/brad-binder\/109383\/\" target=\"_blank\" rel=\"noopener nofollow\">Brad Binder<\/a> dans leur duel lui ont fait gagner des places.<\/p>\n<p>Au 15e des 28 tours au programme, Aldeguer occupait la cinqui\u00e8me position, \u00e0 4&Prime;1 du leader, <a href=\"https:\/\/fr.motorsport.com\/driver\/marco-bezzecchi\/441839\/\" target=\"_blank\" rel=\"noopener nofollow\">Marco Bezzecchi<\/a>, et on ne l&rsquo;imaginait pas lutter pour les premi\u00e8res places. Et pourtant, il a fondu sur les pilotes que le devan\u00e7aient, doubl\u00e9 <a href=\"https:\/\/fr.motorsport.com\/driver\/pecco-bagnaia\/109394\/\" target=\"_blank\" rel=\"noopener nofollow\">Pecco Bagnaia<\/a> quand ce dernier est pass\u00e9 hors de la piste, et a r\u00e9alis\u00e9 deux d\u00e9passements spectaculaires, sur <a href=\"https:\/\/fr.motorsport.com\/driver\/pedro-acosta\/840236\/\" target=\"_blank\" rel=\"noopener nofollow\">Pedro Acosta<\/a> puis Bezzecchi.<\/p>\n<p>Aldeguer avait alors moins d&rsquo;une seconde de retard sur le leader, <a href=\"https:\/\/fr.motorsport.com\/driver\/marc-marquez\/92646\/\" target=\"_blank\" rel=\"noopener nofollow\">Marc M\u00e1rquez<\/a>, qu&rsquo;il n&rsquo;a cependant pas pu combler. Il s&rsquo;est n\u00e9anmoins offert son deuxi\u00e8me podium et son meilleur r\u00e9sultat, apr\u00e8s la troisi\u00e8me place conquise sous la pluie au Mans.\u00a0\u00ab\u00a0Aujourd&rsquo;hui, la course a \u00e9t\u00e9 incroyable\u00a0\u00bb, a d\u00e9clar\u00e9 Aldeguer au site officiel du MotoGP. \u00ab\u00a0C&rsquo;est l&rsquo;une des courses que l&rsquo;on n&rsquo;imagine jamais\u00a0!\u00a0\u00bb.<\/p>\n<p>\u00ab\u00a0Je n&rsquo;ai pas pris un excellent d\u00e9part, j&rsquo;ai perdu quelques places. C&rsquo;est difficile de doubler sur ce circuit et avec cette moto, mais on a travaill\u00e9 tout le week-end sur la temp\u00e9rature et la pression, pour \u00eatre pr\u00eats pour la course. C&rsquo;\u00e9tait une remont\u00e9e incroyable.\u00a0\u00bb<\/p>\n<p><img decoding=\"async\" class=\"sizer\" draggable=\"false\" src=\"data:image\/png;base64,iVBORw0KGgoAAAANSUhEUgAAABAAAAAJCAYAAAA7KqwyAAAAGXRFWHRTb2Z0d2FyZQBBZG9iZSBJbWFnZVJlYWR5ccllPAAAABpJREFUeNpi\/P\/\/PwMlgImBQjBqwLAwACDAAOVfAw9\/ZDvcAAAAAElFTkSuQmCC\" alt=\"\" loading=\"lazy\"\/><\/p>\n<p class=\"title\">VID\u00c9O &#8211; R\u00c9SUM\u00c9 : Revivez le GP d&rsquo;Autriche MotoGP<\/p>\n<p>\u00ab\u00a0C&rsquo;est l&rsquo;une des meilleures courses de ma vie\u00a0\u00bb, a estim\u00e9 Aldeguer en conf\u00e9rence de presse. \u00ab\u00a0Aujourd&rsquo;hui, tout est venu facilement. Je ne sais pas pourquoi. Derri\u00e8re les autres pilotes, j&rsquo;essaie toujours de doubler au d\u00e9but, et je l&rsquo;ai fait facilement.\u00a0\u00bb<\/p>\n<p>Le rythme d&rsquo;Aldeguer \u00e9tait si impressionnant qu&rsquo;il a cru \u00e0 la victoire pendant quelques instants\u00a0: \u00ab\u00a0Apr\u00e8s avoir doubl\u00e9 Pedro, quand j&rsquo;\u00e9tais sur le podium, les sensations continuaient \u00e0 s&rsquo;am\u00e9liorer. Tour apr\u00e8s tour, en revenant sur Bezzecchi, je me suis dit &lsquo;Peut-\u00eatre qu&rsquo;aujourd&rsquo;hui je pourrais gagner&rsquo;. C&rsquo;est tr\u00e8s difficile de se battre avec Marc. Quand on est proche, il attaque \u00e0 100%. C&rsquo;est un octuple champion du monde, ce n&rsquo;est pas pour rien.\u00a0\u00bb<\/p>\n<p>S&rsquo;il devra encore attendre pour d\u00e9crocher son premier succ\u00e8s, Aldeguer a \u00e9t\u00e9 <a href=\"https:\/\/fr.motorsport.com\/motogp\/news\/fermin-aldeguer-pilote-week-end-brno\/10750549\/\" rel=\"nofollow noopener\" target=\"_blank\">d\u00e9sign\u00e9 pilote du week-end<\/a> par les supporters, une r\u00e9compense qui le satisfait\u00a0: \u00ab\u00a0C&rsquo;est tr\u00e8s particulier parce qu&rsquo;\u00eatre le meilleur du jour, face \u00e0 un octuple champion du monde, c&rsquo;est super difficile. Je suis jeune, on a cet avantage pour d\u00e9brancher le cerveau et faire ce genre de courses parfois\u00a0!\u00a0\u00bb<\/p>\n<p>Lire aussi :<\/p>\n<p>Dans cet article<\/p>\n<p>Soyez le premier inform\u00e9 et souscrivez aux alertes mails pour recevoir les infos en temps r\u00e9el<\/p>\n<p>    S&rsquo;abonner aux alertes de news<\/p>\n","protected":false},"excerpt":{"rendered":"Peu de monde attendait Ferm\u00edn Aldeguer sur le podium ce dimanche \u00e0 Spielberg, pas m\u00eame l&rsquo;int\u00e9ress\u00e9\u00a0! Ce r\u00e9sultat&hellip;\n","protected":false},"author":2,"featured_media":326083,"comment_status":"","ping_status":"","sticky":false,"template":"","format":"standard","meta":{"footnotes":""},"categories":[1413],"tags":[3453,46306,1011,27,34489,3452,1457,1456,1458,34490,60],"class_list":{"0":"post-326082","1":"post","2":"type-post","3":"status-publish","4":"format-standard","5":"has-post-thumbnail","7":"category-moto","8":"tag-fermu00edn-aldeguer","9":"tag-fermu00edn-aldeguer-sest-surpris-u00e0-croire-u00e0-la-victoire","10":"tag-fr","11":"tag-france","12":"tag-gp-dautriche","13":"tag-gresini-racing","14":"tag-moto","15":"tag-motocycle","16":"tag-motogp","17":"tag-red-bull-ring","18":"tag-sports"},"share_on_mastodon":{"url":"https:\/\/pubeurope.com\/@fr\/115047393104297734","error":""},"_links":{"self":[{"href":"https:\/\/www.europesays.com\/fr\/wp-json\/wp\/v2\/posts\/326082","targetHints":{"allow":["GET"]}}],"collection":[{"href":"https:\/\/www.europesays.com\/fr\/wp-json\/wp\/v2\/posts"}],"about":[{"href":"https:\/\/www.europesays.com\/fr\/wp-json\/wp\/v2\/types\/post"}],"author":[{"embeddable":true,"href":"https:\/\/www.europesays.com\/fr\/wp-json\/wp\/v2\/users\/2"}],"replies":[{"embeddable":true,"href":"https:\/\/www.europesays.com\/fr\/wp-json\/wp\/v2\/comments?post=326082"}],"version-history":[{"count":0,"href":"https:\/\/www.europesays.com\/fr\/wp-json\/wp\/v2\/posts\/326082\/revisions"}],"wp:featuredmedia":[{"embeddable":true,"href":"https:\/\/www.europesays.com\/fr\/wp-json\/wp\/v2\/media\/326083"}],"wp:attachment":[{"href":"https:\/\/www.europesays.com\/fr\/wp-json\/wp\/v2\/media?parent=326082"}],"wp:term":[{"taxonomy":"category","embeddable":true,"href":"https:\/\/www.europesays.com\/fr\/wp-json\/wp\/v2\/categories?post=326082"},{"taxonomy":"post_tag","embeddable":true,"href":"https:\/\/www.europesays.com\/fr\/wp-json\/wp\/v2\/tags?post=326082"}],"curies":[{"name":"wp","href":"https:\/\/api.w.org\/{rel}","templated":true}]}}