{"id":326094,"date":"2025-08-18T02:29:19","date_gmt":"2025-08-18T02:29:19","guid":{"rendered":"https:\/\/www.europesays.com\/fr\/326094\/"},"modified":"2025-08-18T02:29:19","modified_gmt":"2025-08-18T02:29:19","slug":"voici-10-grands-classiques-quon-peut-lire-ou-bien-regarder-jdm","status":"publish","type":"post","link":"https:\/\/www.europesays.com\/fr\/326094\/","title":{"rendered":"Voici 10 grands classiques qu&rsquo;on peut lire ou bien regarder | JDM"},"content":{"rendered":"\n<p><strong>Avec la rentr\u00e9e qui se profile \u00e0 l\u2019horizon, on a eu envie de pr\u00e9senter 10 grands classiques de la litt\u00e9rature qui peuvent aussi bien \u00eatre lus&#8230; que vus!<\/strong><\/p>\n<p> <strong>Le gu\u00e9pard<\/strong>  <img loading=\"lazy\" alt=\"\u00c9ditions Points\" width=\"777\" height=\"1280\" decoding=\"async\" data-nimg=\"1\" class=\"tw-max-w-full tw-cursor-zoom-in\" style=\"color:transparent\"   src=\"https:\/\/www.europesays.com\/fr\/wp-content\/uploads\/2025\/08\/1755484153_402_image\"\/><\/p>\n<p>\u00c9ditions Points<\/p>\n<p><strong>Giuseppe Tomasi di Lampedusa, \u00c9ditions Points, 384 pages<\/strong><\/p>\n<p>Le po\u00e8te fran\u00e7ais Louis Aragon a dit de ce livre qu\u2019il \u00e9tait l\u2019un des plus grands romans du XXe si\u00e8cle. Point. Ce chef-d\u2019\u0153uvre, qui a \u00e9t\u00e9 \u00e9dit\u00e9 en 1958 \u2013 soit un an apr\u00e8s la mort de l\u2019auteur \u2013, se penche sur la vie de don Fabrizio Corbera, un prince sicilien marqu\u00e9 par le d\u00e9barquement des troupes de Garibaldi en Sicile (cette exp\u00e9dition a eu pour but d\u2019annexer l\u2019\u00eele au jeune royaume d\u2019Italie) et par la fin de l\u2019aristocratie telle qu\u2019il l\u2019a toujours connue.<\/p>\n<p>Adapt\u00e9 au cin\u00e9ma par Visconti, Le gu\u00e9pard a remport\u00e9 la Palme d\u2019or au Festival de Cannes en 1963. Et depuis mars, on peut aussi en d\u00e9couvrir l\u2019histoire sur Netflix gr\u00e2ce \u00e0 la minis\u00e9rie du m\u00eame nom.<\/p>\n<p>  <strong>Le comte de Monte-Cristo<\/strong>  <img loading=\"lazy\" alt=\"\u00c9ditions Points\" width=\"842\" height=\"1280\" decoding=\"async\" data-nimg=\"1\" class=\"tw-max-w-full tw-cursor-zoom-in\" style=\"color:transparent\"   src=\"https:\/\/www.europesays.com\/fr\/wp-content\/uploads\/2025\/08\/1755484153_795_image\"\/><\/p>\n<p>\u00c9ditions Points<\/p>\n<p><strong>Alexandre Dumas, \u00c9ditions Points, 2 tomes<\/strong><\/p>\n<p>Alors, qui n\u2019a jamais entendu parler des m\u00e9saventures presque dantesques du jeune Edmond Dant\u00e8s? Sans m\u00eame lever les yeux, on est \u00e0 peu pr\u00e8s s\u00fbrs que tr\u00e8s peu de mains se sont lev\u00e9es. Publi\u00e9e en 1844, l\u2019histoire est connue comme Barabbas dans la passion: injustement enferm\u00e9 dans les ge\u00f4les du ch\u00e2teau d\u2019If, au large de Marseille, Edmond va parvenir \u00e0 s\u2019\u00e9vader au bout de 14 ans d\u2019emprisonnement. Habit\u00e9 par la soif de justice, il reviendra ensuite se venger sous l\u2019identit\u00e9 du comte de Monte-Cristo. Un fantastique roman d\u2019aventures qui a maintes et maintes fois \u00e9t\u00e9 adapt\u00e9 \u00e0 la t\u00e9l\u00e9 et au cin\u00e9. La version la plus r\u00e9cente? Celle des Fran\u00e7ais Matthieu Delaporte et Alexandre de La Patelli\u00e8re, qui a remport\u00e9 l\u2019an dernier un immense succ\u00e8s.<\/p>\n<p>  <strong>Gatsby le magnifique<\/strong>  <img loading=\"lazy\" alt=\"\u00c9ditions Le livre de poche\" width=\"791\" height=\"1280\" decoding=\"async\" data-nimg=\"1\" class=\"tw-max-w-full tw-cursor-zoom-in\" style=\"color:transparent\"   src=\"https:\/\/www.europesays.com\/fr\/wp-content\/uploads\/2025\/08\/1755484154_939_image\"\/><\/p>\n<p>\u00c9ditions Le livre de poche<\/p>\n<p><strong>Francis Scott Fitzgerald, \u00c9ditions Le livre de poche, 224 pages<\/strong><\/p>\n<p>L\u2019Am\u00e9ricain F. Scott Fitzgerald n\u2019a pas eu la chance de voir ce roman se transformer en succ\u00e8s plan\u00e9taire. De son vivant, Gatsby le magnifique (publi\u00e9 en 1925) ne s\u2019est \u00e9coul\u00e9 qu\u2019\u00e0 25 000 exemplaires, la critique et les lecteurs ne l\u2019ayant pas vraiment appr\u00e9ci\u00e9. C\u2019est comme \u00e7a. Mais lorsqu\u2019il est r\u00e9\u00e9dit\u00e9 dans les ann\u00e9es 1950, bang, le roman explose: red\u00e9couvert par une nouvelle g\u00e9n\u00e9ration, il se transforme en classique, tout le monde voulant savoir si le richissime Jay Gatsby parviendra \u00e0 reconqu\u00e9rir la jolie Daisy&#8230; qui est maintenant mari\u00e9e. Deux versions cin\u00e9 ont marqu\u00e9 les esprits. L\u2019une avec Robert Redford tourn\u00e9e en 1974, et l\u2019autre avec Leonardo DiCaprio, tourn\u00e9e en 2013.<\/p>\n<p> <strong>Dune<\/strong>  <img loading=\"lazy\" alt=\"\u00c9ditions Pocket\" width=\"781\" height=\"1280\" decoding=\"async\" data-nimg=\"1\" class=\"tw-max-w-full tw-cursor-zoom-in\" style=\"color:transparent\"   src=\"https:\/\/www.europesays.com\/fr\/wp-content\/uploads\/2025\/08\/1755484154_459_image\"\/><\/p>\n<p>\u00c9ditions Pocket<\/p>\n<p><strong>Frank Herbert, \u00c9ditions Pocket, 918 pages<\/strong><\/p>\n<p>En attendant la sortie en salle de Dune: Messiah, le troisi\u00e8me et dernier film tir\u00e9 de l\u2019univers de Dune r\u00e9alis\u00e9 par Denis Villeneuve, pourquoi ne pas en profiter pour d\u00e9couvrir la version papier? Monument de la science-fiction, Dune serait le roman du genre le plus vendu au monde. Il nous entra\u00eene sur Arrakis, la seule plan\u00e8te produisant de l\u2019\u00e9pice, une substance tr\u00e8s convoit\u00e9e aux multiples propri\u00e9t\u00e9s. Lorsque le jeune Paul Atr\u00e9ides et sa famille h\u00e9riteront de la gestion de cette plan\u00e8te, ils se retrouveront aussit\u00f4t au c\u0153ur d\u2019une lutte de pouvoir entre les maisons nobles de l\u2019empire, les forces imp\u00e9riales et le peuple d\u2019Arrakis. M\u00eame 60 ans apr\u00e8s sa publication, le roman reste d\u2019une modernit\u00e9 saisissante.<\/p>\n<p>  <strong>Dracula<\/strong>  <img loading=\"lazy\" alt=\"\u00c9ditions J\u2019ai Lu\" width=\"422\" height=\"690\" decoding=\"async\" data-nimg=\"1\" class=\"tw-max-w-full tw-cursor-zoom-in\" style=\"color:transparent\"   src=\"https:\/\/www.europesays.com\/fr\/wp-content\/uploads\/2025\/08\/1755484155_686_image\"\/><\/p>\n<p>\u00c9ditions J\u2019ai Lu<\/p>\n<p><strong>Bram Stoker, \u00c9ditions J\u2019ai Lu, 680 pages<\/strong><\/p>\n<p>Impossible de ne pas parler ici de Dracula, puisque c\u2019est LE roman qui d\u00e9tient le record du plus grand nombre d\u2019adaptations au cin\u00e9ma et \u00e0 la t\u00e9l\u00e9! Apparemment, il en existerait plus de 200 (en comptant le nouveau Dracula de Luc Besson), sans oublier toutes les versions qui s\u2019inspirent plus librement du personnage de Dracula. Eh oui! Alors place \u00e0 ce comte de l\u00e9gende, qui vient d\u2019acheter un domaine \u00e0 Londres. Mais comme chacun le sait, cet aristocrate est en r\u00e9alit\u00e9 un affreux vampire assoiff\u00e9 de sang. Et il s\u00e8mera la terreur autour de lui, jusqu\u2019\u00e0 ce qu\u2019un petit groupe de chasseurs de vampires, men\u00e9 par le docteur Van Helsing, se mette en t\u00eate de l\u2019arr\u00eater&#8230; goutte que goutte! Si ce n\u2019est pas d\u00e9j\u00e0 fait, \u00e0 d\u00e9vorer \u00e0 pleines dents!<\/p>\n<p> <strong>L\u2019\u00e9tranger<\/strong>  <img loading=\"lazy\" alt=\"\u00c9ditions Folio\" width=\"777\" height=\"1280\" decoding=\"async\" data-nimg=\"1\" class=\"tw-max-w-full tw-cursor-zoom-in\" style=\"color:transparent\"   src=\"https:\/\/www.europesays.com\/fr\/wp-content\/uploads\/2025\/08\/1755484155_675_image\"\/><\/p>\n<p>\u00c9ditions Folio<\/p>\n<p><strong>Albert Camus, \u00c9ditions Folio, 192 pages<\/strong><\/p>\n<p>Apr\u00e8s Le Petit Prince de Saint-Exup\u00e9ry, L\u2019\u00c9tranger est le livre fran\u00e7ais le plus vendu dans le monde, avec une soixantaine de traductions \u00e0 son actif. Publi\u00e9 en 1942 pendant l\u2019occupation allemande, il est pass\u00e9 \u00e0 un poil d\u2019\u00eatre censur\u00e9 par les nazis. Mais heureusement, ils n\u2019ont pas chang\u00e9 une seule phrase \u00e0 la tragique et absurde destin\u00e9e de Meursault, qui va \u00eatre arr\u00eat\u00e9 pour le meurtre d\u2019un jeune Arabe. En 1967, cette c\u00e9l\u00e8bre histoire a \u00e9t\u00e9 port\u00e9e \u00e0 l\u2019\u00e9cran par Luchino Visconti, avec Marcello Mastroianni et Anna Karina \u00e0 l\u2019affiche. Et dans quelques jours, une toute nouvelle adaptation sign\u00e9e Fran\u00e7ois Ozon sera pr\u00e9sent\u00e9e \u00e0 la Mostra de Venise.<\/p>\n<p>  <strong>Les hauts de Hurlevent<\/strong>  <img loading=\"lazy\" alt=\"\u00c9ditions Archipoche\" width=\"814\" height=\"1280\" decoding=\"async\" data-nimg=\"1\" class=\"tw-max-w-full tw-cursor-zoom-in\" style=\"color:transparent\"   src=\"https:\/\/www.europesays.com\/fr\/wp-content\/uploads\/2025\/08\/1755484156_184_image\"\/><\/p>\n<p>\u00c9ditions Archipoche<\/p>\n<p><strong>Emily Bront\u00eb, \u00c9ditions Archipoche, 488 pages<\/strong><\/p>\n<p>La romanci\u00e8re et po\u00e9tesse anglaise Emily Bront\u00eb n\u2019a \u00e9crit qu\u2019un seul roman dans sa vie, et c\u2019est celui-l\u00e0. Mais quel roman! Faisant partie des plus grands classiques de la litt\u00e9rature du XIXe si\u00e8cle, Les hauts de Hurlevent s\u2019impose tout simplement comme un chef-d\u2019\u0153uvre. Ce r\u00e9cit d\u2019amour toxique et de vengeance, port\u00e9 par les figures inoubliables de Heathcliff et de Catherine, continue d\u2019ailleurs d\u2019inspirer adaptations et r\u00e9interpr\u00e9tations. La preuve? Une nouvelle version r\u00e9alis\u00e9e par la Britannique Emerald Fennell devrait sortir au cin\u00e9ma au cours de l\u2019ann\u00e9e 2026.<\/p>\n<p> <strong>Moby Dick<\/strong>  <img loading=\"lazy\" alt=\"\u00c9ditions Folio\" width=\"776\" height=\"1280\" decoding=\"async\" data-nimg=\"1\" class=\"tw-max-w-full tw-cursor-zoom-in\" style=\"color:transparent\"   src=\"https:\/\/www.europesays.com\/fr\/wp-content\/uploads\/2025\/08\/1755484157_402_image\"\/><\/p>\n<p>\u00c9ditions Folio<\/p>\n<p><strong>Herman Melville, \u00c9ditions Folio, 752 pages<\/strong><\/p>\n<p>Tout le monde conna\u00eet Moby Dick, la fameuse baleine blanche, ainsi que le non moins c\u00e9l\u00e8bre capitaine Achab, qui sera obs\u00e9d\u00e9 par l\u2019id\u00e9e de la traquer et de la tuer. Rien d\u2019\u00e9tonnant \u00e0 ce qu\u2019il en soit ainsi, puisque ce roman paru en 1851 a lui aussi \u00e9t\u00e9 adapt\u00e9 \u00e0 plusieurs reprises, que ce soit au cin\u00e9 ou \u00e0 la t\u00e9l\u00e9. On retient notamment le film de 1956 r\u00e9alis\u00e9 par John Huston, avec Gregory Peck dans le r\u00f4le du capitaine Achab. Pourtant, peu de lecteurs trouvent le courage de s\u2019attaquer \u00e0 ce monument de la litt\u00e9rature am\u00e9ricaine. Parce qu\u2019il est long, mais aussi parce qu\u2019il est dense, philosophique et parfois d\u00e9routant. Bref, un classique redout\u00e9&#8230; mais fascinant pour qui ose s\u2019y plonger!<\/p>\n<p> <strong>Raison et sentiments<\/strong>  <img loading=\"lazy\" alt=\"\u00c9ditions 10\/18\" width=\"801\" height=\"1280\" decoding=\"async\" data-nimg=\"1\" class=\"tw-max-w-full tw-cursor-zoom-in\" style=\"color:transparent\"   src=\"https:\/\/www.europesays.com\/fr\/wp-content\/uploads\/2025\/08\/1755484158_171_image\"\/><\/p>\n<p>\u00c9ditions 10\/18<\/p>\n<p><strong>Jane Austen, \u00c9ditions 10\/18, 564 pages<\/strong><\/p>\n<p>M\u00eame s\u2019ils ont \u00e9t\u00e9 \u00e9crits tout au d\u00e9but du XIXe si\u00e8cle, les romans de Jane Austen sont toujours \u00e0 la page. En particulier celui-ci, qui a droit \u00e0 un nouveau remake dont le tournage vient \u00e0 peine de commencer. Publi\u00e9 en 1811, Raison et sentiments met en sc\u00e8ne deux s\u0153urs totalement diff\u00e9rentes: Elinor, guid\u00e9e par la raison, et Marianne, qui n\u2019\u00e9coute que son c\u0153ur. \u00c0 travers elles, Austen dresse un savoureux portrait de la soci\u00e9t\u00e9 anglaise, entre conventions, hypocrisies et mariages arrang\u00e9s! Un roman \u00e0 (re)d\u00e9couvrir avant la sortie de cette future adaptation sign\u00e9e par la Britannique Georgia Oakley.<\/p>\n<p> <strong>Frankenstein<\/strong>  <img loading=\"lazy\" alt=\"\u00c9ditions Pocket\" width=\"781\" height=\"1280\" decoding=\"async\" data-nimg=\"1\" class=\"tw-max-w-full tw-cursor-zoom-in\" style=\"color:transparent\"   src=\"https:\/\/www.europesays.com\/fr\/wp-content\/uploads\/2025\/08\/1755484159_387_image\"\/><\/p>\n<p>\u00c9ditions Pocket<\/p>\n<p><strong>Mary Shelley, \u00c9ditions Pocket, 304 pages<\/strong><\/p>\n<p>Apr\u00e8s avoir parl\u00e9 de Dracula, difficile de ne pas mentionner Frankenstein, qui a lui aussi \u00e9t\u00e9 abondamment adapt\u00e9 au cin\u00e9ma et \u00e0 la t\u00e9l\u00e9vision. Datant de 1818, ce roman pionnier de la science-fiction raconte l\u2019histoire du docteur Victor Frankenstein, un savant qui d\u00e9fie les lois de la nature en donnant vie \u00e0 une cr\u00e9ature assembl\u00e9e \u00e0 partir de cadavres. La suite varie selon les versions. Pour \u00eatre honn\u00eate, on a vraiment h\u00e2te \u00e0 novembre, lorsqu\u2019on pourra voir sur Netflix la nouvelle adaptation tr\u00e8s attendue du r\u00e9alisateur mexicain Guillermo del Toro. Une relecture qui promet d\u2019\u00eatre \u00e9lectrisante!<\/p>\n","protected":false},"excerpt":{"rendered":"Avec la rentr\u00e9e qui se profile \u00e0 l\u2019horizon, on a eu envie de pr\u00e9senter 10 grands classiques de&hellip;\n","protected":false},"author":2,"featured_media":326095,"comment_status":"","ping_status":"","sticky":false,"template":"","format":"standard","meta":{"footnotes":""},"categories":[1357],"tags":[1379,58,59,1011,27,1380],"class_list":{"0":"post-326094","1":"post","2":"type-post","3":"status-publish","4":"format-standard","5":"has-post-thumbnail","7":"category-livres","8":"tag-books","9":"tag-divertissement","10":"tag-entertainment","11":"tag-fr","12":"tag-france","13":"tag-livres"},"share_on_mastodon":{"url":"https:\/\/pubeurope.com\/@fr\/115047417123396807","error":""},"_links":{"self":[{"href":"https:\/\/www.europesays.com\/fr\/wp-json\/wp\/v2\/posts\/326094","targetHints":{"allow":["GET"]}}],"collection":[{"href":"https:\/\/www.europesays.com\/fr\/wp-json\/wp\/v2\/posts"}],"about":[{"href":"https:\/\/www.europesays.com\/fr\/wp-json\/wp\/v2\/types\/post"}],"author":[{"embeddable":true,"href":"https:\/\/www.europesays.com\/fr\/wp-json\/wp\/v2\/users\/2"}],"replies":[{"embeddable":true,"href":"https:\/\/www.europesays.com\/fr\/wp-json\/wp\/v2\/comments?post=326094"}],"version-history":[{"count":0,"href":"https:\/\/www.europesays.com\/fr\/wp-json\/wp\/v2\/posts\/326094\/revisions"}],"wp:featuredmedia":[{"embeddable":true,"href":"https:\/\/www.europesays.com\/fr\/wp-json\/wp\/v2\/media\/326095"}],"wp:attachment":[{"href":"https:\/\/www.europesays.com\/fr\/wp-json\/wp\/v2\/media?parent=326094"}],"wp:term":[{"taxonomy":"category","embeddable":true,"href":"https:\/\/www.europesays.com\/fr\/wp-json\/wp\/v2\/categories?post=326094"},{"taxonomy":"post_tag","embeddable":true,"href":"https:\/\/www.europesays.com\/fr\/wp-json\/wp\/v2\/tags?post=326094"}],"curies":[{"name":"wp","href":"https:\/\/api.w.org\/{rel}","templated":true}]}}