{"id":326118,"date":"2025-08-18T02:57:22","date_gmt":"2025-08-18T02:57:22","guid":{"rendered":"https:\/\/www.europesays.com\/fr\/326118\/"},"modified":"2025-08-18T02:57:22","modified_gmt":"2025-08-18T02:57:22","slug":"franck-haise-vise-nice-ne-decolere-pas-pour-mahdi-camara","status":"publish","type":"post","link":"https:\/\/www.europesays.com\/fr\/326118\/","title":{"rendered":"Franck Haise vis\u00e9, Nice ne d\u00e9col\u00e8re pas pour Mahdi Camara"},"content":{"rendered":"<p>Le mercato estival r\u00e9serve parfois des retournements de situation qui laissent des traces am\u00e8res. L\u00a0\u00bbentra\u00eeneur de l&rsquo;OGC Nice, <strong>Franck Haise<\/strong>, n&rsquo;a pas dig\u00e9r\u00e9 la d\u00e9cision de <strong>Mahdi Camara<\/strong> de rejoindre finalement le Stade Rennais alors que tout semblait acquis pour une signature chez les Aiglons. Cette affaire illustre parfaitement les tensions et les enjeux financiers qui caract\u00e9risent le march\u00e9 des transferts moderne. Le milieu de terrain, qui \u00e9voluait pr\u00e9c\u00e9demment \u00e0 Brest, \u00e9tait pourtant attendu sur la C\u00f4te d&rsquo;Azur apr\u00e8s des n\u00e9gociations avanc\u00e9es. Sa premi\u00e8re apparition sous le maillot rennais lors de la victoire contre l&rsquo;OM <strong>(1-0)<\/strong> a marqu\u00e9 le d\u00e9but d&rsquo;une nouvelle aventure, mais aussi raviv\u00e9 les frustrations ni\u00e7oises. Cette situation met en lumi\u00e8re les difficult\u00e9s rencontr\u00e9es par les clubs aux budgets plus modestes face \u00e0 la concurrence des formations disposant de moyens financiers sup\u00e9rieurs.<\/p>\n<p>                                <img decoding=\"async\" src=\"https:\/\/www.europesays.com\/fr\/wp-content\/uploads\/2025\/04\/1744123449_543_logo.png\" alt=\"Logo\"\/><\/p>\n<p>100\u20ac offerts sur ton 1er pari !<\/p>\n<p>                            <a href=\"https:\/\/bit.ly\/4j5wl4k\" class=\"headband-button\" rel=\"nofollow noopener\" target=\"_blank\">J&rsquo;en profite<\/a><\/p>\n<p>                                                                <img loading=\"lazy\" decoding=\"async\" src=\"https:\/\/www.europesays.com\/fr\/wp-content\/uploads\/2025\/08\/mercato-rennes-franck-haise-vise-nice-ne-decolere-pas-pour-mahdi-camara.jpg\" alt=\"Illustration : &quot;Mercato Rennes : Franck Haise vis\u00e9, Nice ne d\u00e9col\u00e8re pas pour Mahdi Camara&quot;\" class=\"figure-img img-fluid\" width=\"780\" height=\"478\"\/><\/p>\n<p>                                    \u00a9 Site officiel du Stade Rennais                                <\/p>\n<p>Les dessous d&rsquo;un transfert avort\u00e9<\/p>\n<p>L&rsquo;amertume de <strong>Franck Haise<\/strong> transpara\u00eet clairement dans ses d\u00e9clarations en conf\u00e9rence de presse, o\u00f9 il a expos\u00e9 les d\u00e9tails de cette n\u00e9gociation rat\u00e9e. On ne peut pas mettre 15 millions en transferts, donc on doit faire un recrutement avec des gens qui ont envie de nous rejoindre, a-t-il confi\u00e9, soulignant les contraintes budg\u00e9taires de son club. L&rsquo;entra\u00eeneur ni\u00e7ois a r\u00e9v\u00e9l\u00e9 que les n\u00e9gociations \u00e9taient pourtant bien avanc\u00e9es, avec des accords conclus tant avec le joueur qu&rsquo;avec <strong>Brest<\/strong>, le club formateur de Camara. Cette situation illustre la pr\u00e9carit\u00e9 des accords verbaux dans le football moderne, o\u00f9 seule la signature officielle du contrat garantit la finalisation d&rsquo;un transfert. Les Aiglons se retrouvent ainsi contraints de revoir leurs plans de recrutement, devant composer avec un effectif amput\u00e9 d&rsquo;une cible prioritaire. Cette m\u00e9saventure souligne \u00e9galement les d\u00e9fis auxquels font face les clubs de Ligue 1 qui ne disposent pas des budgets pharaoniques de certaines formations europ\u00e9ennes.<\/p>\n<p>Une question de valeurs selon Haise<\/p>\n<p>Au-del\u00e0 de la d\u00e9ception sportive, c&rsquo;est sur le plan \u00e9thique que <strong>Franck Haise<\/strong> exprime sa plus vive critique. \u00ab\u00a0Le joueur et son entourage qui donnent un accord et qui reviennent dessus 3 heures apr\u00e8s, c&rsquo;est un autre probl\u00e8me. C&rsquo;est un probl\u00e8me de valeur\u00a0\u00bb, a-t-il d\u00e9clar\u00e9 avec une pointe d&rsquo;amertume \u00e9vidente. Cette d\u00e9claration r\u00e9v\u00e8le la frustration d&rsquo;un entra\u00eeneur qui mise sur la parole donn\u00e9e et les engagements moraux dans ses relations professionnelles. L&rsquo;entra\u00eeneur ni\u00e7ois reconna\u00eet n\u00e9anmoins la r\u00e9alit\u00e9 du march\u00e9 des transferts, admettant que \u00ab\u00a0tant que le contrat n&rsquo;est pas sign\u00e9, dans le foot, il peut toujours se passer plein de choses\u00a0\u00bb. Il conc\u00e8de m\u00eame que Nice aurait agi de la m\u00eame mani\u00e8re si l&rsquo;opportunit\u00e9 s&rsquo;\u00e9tait pr\u00e9sent\u00e9e, d\u00e9montrant une certaine lucidit\u00e9 face aux r\u00e8gles implicites du mercato. Cette affaire met en exergue le foss\u00e9 grandissant entre les valeurs traditionnelles du football et les r\u00e9alit\u00e9s \u00e9conomiques contemporaines, o\u00f9 les consid\u00e9rations financi\u00e8res priment souvent sur les engagements moraux.<\/p>\n<p>L&rsquo;h\u00e9ritage brestois de Camara<\/p>\n<p>Malgr\u00e9 cette pol\u00e9mique, <strong>Mahdi Camara<\/strong> conserve une excellente r\u00e9putation \u00e0 Brest, o\u00f9 il a \u00e9volu\u00e9 pendant <strong>trois saisons<\/strong> remarquables. Le club breton lui a rendu un hommage touchant sur ses r\u00e9seaux sociaux : \u00ab\u00a0En 3 saisons, Mahdi aura su conqu\u00e9rir les c\u0153urs par son travail, son talent et son humilit\u00e9. Avec lui, le Club aura \u00e9crit l&rsquo;une des plus belles pages de son histoire. Merci pour tout Mahdi, Brest sera toujours ta maison !\u00a0\u00bb Ce message t\u00e9moigne de l&rsquo;impact positif du joueur dans le Finist\u00e8re, o\u00f9 il s&rsquo;est impos\u00e9 comme un \u00e9l\u00e9ment cl\u00e9 de l&rsquo;effectif. Son passage \u00e0 Brest co\u00efncide avec une p\u00e9riode faste du club, qui a connu une progression notable en Ligue 1. D\u00e9sormais, le milieu de terrain devra confirmer ses qualit\u00e9s sous les couleurs rennaises, dans un contexte diff\u00e9rent mais tout aussi exigeant.<\/p>\n<p>Vendredi 15 ao\u00fbt, la Ligue 1 reprend ses droits avec un choc entre le Stade Rennais et l\u2019Olympique de Marseille au Roazhon Park. \u00c0 cette occasion, profitez de 100\u20ac offerts pour votre premi\u00e8re inscription sur Parions Sport en Ligne. <a href=\"http:\/\/bit.ly\/4hgs1yE\" rel=\"nofollow noopener\" target=\"_blank\"><strong>Une victoire du Stade Rennais devant son public face \u00e0 l\u2019OM vous rapporte jusqu\u2019\u00e0 315\u20ac !<\/strong><\/a><\/p>\n<p><strong>Pour en profiter, c\u2019est tr\u00e8s simple :<\/strong><\/p>\n<p>&#8211;              Cr\u00e9ez votre compte joueur en seulement 2 \u00e9tapes <a href=\"http:\/\/bit.ly\/4hgs1yE\" rel=\"nofollow noopener\" target=\"_blank\"><strong>ici<\/strong><\/a><\/p>\n<p>&#8211;              R\u00e9alisez votre 1er d\u00e9p\u00f4t puis placez votre 1er pari (Minimum 5\u20ac)<\/p>\n<p>&#8211;              Une fois votre 1er d\u00e9p\u00f4t et votre 1er pari r\u00e9alis\u00e9s, l\u2019int\u00e9gralit\u00e9 du montant de ce 1er pari sera cr\u00e9dit\u00e9e sur votre compte joueur dans la limite de 100\u20ac maximum et sous la forme de cr\u00e9dits de jeu non retirables. Le cr\u00e9dit s\u2019effectuera alors en une seule \u00e9tape et sous 3 jours<\/p>\n<p>Jouer comporte des risques : endettement, d\u00e9pendance\u2026 Appelez le 09 74 75 13 13 (appel non surtax\u00e9)<\/p>\n","protected":false},"excerpt":{"rendered":"Le mercato estival r\u00e9serve parfois des retournements de situation qui laissent des traces am\u00e8res. L\u00a0\u00bbentra\u00eeneur de l&rsquo;OGC Nice,&hellip;\n","protected":false},"author":2,"featured_media":326119,"comment_status":"","ping_status":"","sticky":false,"template":"","format":"standard","meta":{"footnotes":""},"categories":[2821],"tags":[1111,11,829,1777,674,1011,27,12,584,25],"class_list":{"0":"post-326118","1":"post","2":"type-post","3":"status-publish","4":"format-standard","5":"has-post-thumbnail","7":"category-rennes","8":"tag-actu","9":"tag-actualites","10":"tag-bretagne","11":"tag-eu","12":"tag-europe","13":"tag-fr","14":"tag-france","15":"tag-news","16":"tag-rennes","17":"tag-republique-francaise"},"share_on_mastodon":{"url":"https:\/\/pubeurope.com\/@fr\/115047526799741395","error":""},"_links":{"self":[{"href":"https:\/\/www.europesays.com\/fr\/wp-json\/wp\/v2\/posts\/326118","targetHints":{"allow":["GET"]}}],"collection":[{"href":"https:\/\/www.europesays.com\/fr\/wp-json\/wp\/v2\/posts"}],"about":[{"href":"https:\/\/www.europesays.com\/fr\/wp-json\/wp\/v2\/types\/post"}],"author":[{"embeddable":true,"href":"https:\/\/www.europesays.com\/fr\/wp-json\/wp\/v2\/users\/2"}],"replies":[{"embeddable":true,"href":"https:\/\/www.europesays.com\/fr\/wp-json\/wp\/v2\/comments?post=326118"}],"version-history":[{"count":0,"href":"https:\/\/www.europesays.com\/fr\/wp-json\/wp\/v2\/posts\/326118\/revisions"}],"wp:featuredmedia":[{"embeddable":true,"href":"https:\/\/www.europesays.com\/fr\/wp-json\/wp\/v2\/media\/326119"}],"wp:attachment":[{"href":"https:\/\/www.europesays.com\/fr\/wp-json\/wp\/v2\/media?parent=326118"}],"wp:term":[{"taxonomy":"category","embeddable":true,"href":"https:\/\/www.europesays.com\/fr\/wp-json\/wp\/v2\/categories?post=326118"},{"taxonomy":"post_tag","embeddable":true,"href":"https:\/\/www.europesays.com\/fr\/wp-json\/wp\/v2\/tags?post=326118"}],"curies":[{"name":"wp","href":"https:\/\/api.w.org\/{rel}","templated":true}]}}