{"id":326123,"date":"2025-08-18T03:02:18","date_gmt":"2025-08-18T03:02:18","guid":{"rendered":"https:\/\/www.europesays.com\/fr\/326123\/"},"modified":"2025-08-18T03:02:18","modified_gmt":"2025-08-18T03:02:18","slug":"un-nouveau-refuge-pour-chats-sinstalle-a-lest-des-alpes-maritimes","status":"publish","type":"post","link":"https:\/\/www.europesays.com\/fr\/326123\/","title":{"rendered":"Un nouveau refuge pour chats s\u2019installe \u00e0 l&rsquo;est des Alpes-Maritimes"},"content":{"rendered":"<p>Elles l\u2019attendaient depuis longtemps. Les associations F\u00e9lix F\u00e9lis et Les prot\u00e9g\u00e9s de Nathalie ont enfin trouv\u00e9 un refuge pour leurs f\u00e9lins. Elles s\u2019installeront \u00e0 l\u2019automne dans l\u2019ancienne \u00e9cole du hameau de Monti. Et ce, pour une dur\u00e9e de douze ans, comme le pr\u00e9voit la convention sign\u00e9e, lundi dernier, avec la Ville de Menton.<\/p>\n<p>\u00ab\u00a0Il n\u2019y a pas de mot pour exprimer notre soulagement et nos remerciements \u00e0 Monsieur le Maire Yves Juhel, \u00e0 Monsieur Patrice Novelli qui a remu\u00e9 ciel et terre pour sauver \u00e0 deux reprises notre association et \u00e0 toutes leurs \u00e9quipes\u00a0\u00bb, a exprim\u00e9 Nathalie Cuvillon, la pr\u00e9sidente de l\u2019association Les prot\u00e9g\u00e9s de Nathalie, sur les r\u00e9seaux sociaux.<\/p>\n<p>Des difficult\u00e9s rencontr\u00e9es<\/p>\n<p>La vie n\u2019a pas toujours \u00e9t\u00e9 tendre avec ses animaux. Fin d\u00e9cembre 2021, l\u2019association apprend qu\u2019elle doit quitter le terrain qu\u2019elle occupait \u00e0 Menton. En d\u00e9sespoir de cause, elle lance un appel \u00e0 l\u2019aide sur les r\u00e9seaux sociaux. Son cas arrive aux oreilles de Patrice Novelli, adjoint en charge de la protection et du bien-\u00eatre animal. Avec l\u2019accord du maire, l\u2019\u00e9lu lui propose une solution de relogement sur un terrain communal attenant \u00e0 l\u2019ancienne \u00e9cole de Monti. Une convention de mise \u00e0 disposition est sign\u00e9e le 1er avril 2022 avec la Ville. Mais alors que l\u2019association s\u2019appr\u00eate \u00e0 f\u00eater les deux ans de son emm\u00e9nagement, un glissement de terrain survient. Le refuge devient inhabitable. L\u2019association et les animaux handicap\u00e9s dont elle s\u2019occupe retournent \u00e0 la case d\u00e9part.<\/p>\n<p>Dans l\u2019urgence, la mairie les reloge dans un appartement \u00e0 Menton, inadapt\u00e9 aux besoins des pensionnaires. Pendant pr\u00e8s d\u2019un an, l\u2019association se d\u00e9brouille comme elle peut. Et en f\u00e9vrier 2025, malgr\u00e9 un budget contraint, le maire valide la r\u00e9alisation de travaux de mise en conformit\u00e9 et de ma\u00e7onnerie dans l\u2019ancienne \u00e9cole de Monti. Cofinanc\u00e9s par la Ville et les associations de protection animale.<\/p>\n<p><strong>\u00ab\u00a0Les travaux avancent bien\u00a0\u00bb<\/strong><\/p>\n<p>\u00ab\u00a0Les travaux, ceux effectu\u00e9s par la municipalit\u00e9 de mise en conformit\u00e9 des lieux et ceux financ\u00e9s par notre association avancent bien, assure Nathalie Cuvillon. \u00c7a prend forme tous les jours. \u00c7a fait tellement chaud au c\u0153ur de voir se reconstruire une nouvelle chatterie apr\u00e8s avoir tout perdu en mars 2024.\u00a0\u00bb<\/p>\n<p>Les prot\u00e9g\u00e9s de Nathalie et l\u2019association F\u00e9lix F\u00e9lis, qui cherchait depuis longtemps un refuge peuvent souffler. Les chats abandonn\u00e9s, errants, maltrait\u00e9s ou en fin de vie dont elles s\u2019occupent auront enfin un refuge digne de ce nom.<\/p>\n<p>Pour les aider, l\u2019association \u2013 qui vit uniquement gr\u00e2ce aux dons \u2013 a lanc\u00e9 une cagnotte en ligne sur HelloAsso. L\u2019objectif est de r\u00e9unir 5.000 euros pour finir les travaux, am\u00e9nager et s\u00e9curiser le refuge, notamment. \u00c0 ce jour, Les prot\u00e9g\u00e9s de Nathalie ont pu r\u00e9cup\u00e9rer 1.400 euros. Un bon d\u00e9but.<\/p>\n<p>Lien pour la cagnotte: https:\/\/www.helloasso.com\/associations\/association-les-proteges-de-nathalie\/collectes\/le-bout-du-tunnel?<\/p>\n<p><strong>Menton, l\u2019amie des animaux<\/strong><\/p>\n<p>Depuis la cr\u00e9ation de la d\u00e9l\u00e9gation en 2021, la Ville de Menton a men\u00e9 plusieurs actions en faveur de la protection et du bien-\u00eatre animal. Un salon d\u00e9di\u00e9 \u00e0 la cause, des plages et parcs \u00e0 toutous, des appareils de lecture pour chiens et chats errants&#8230; la municipalit\u00e9 a fait beaucoup en quatre ans. Elle a \u00e9galement refus\u00e9 des cirques avec des animaux sauvages, pris un arr\u00eat\u00e9 anti-corrida et affich\u00e9 son soutien \u00e0 l\u2019activiste de Sea Shepperd, Paul Watson. Ces actions ont d\u2019ailleurs \u00e9t\u00e9 r\u00e9compens\u00e9es par la R\u00e9gion Sud qui lui a d\u00e9cern\u00e9 le label \u00ab\u00a0Menton ville amie des animaux\u00a0\u00bb avec la plus haute note.<\/p>\n<p>La municipalit\u00e9 souhaite faire plus. Prochainement, en collaboration avec le centre communal d\u2019action sociale, elle proc\u00e9dera \u00e0 la mise en place d\u2019une carte \u00ab\u00a0J\u2019ai un animal seul chez moi\u00a0\u00bb. Un dispositif qui permet d\u2019alerter des personnes de confiance en cas d\u2019absence non volontaire et urgente du propri\u00e9taire, afin que l\u2019animal ne reste pas seul. Elle fournira, en plus, \u00e0 la police municipale le mat\u00e9riel n\u00e9cessaire pour des \u00ab\u00a0interventions urgentes\u00a0\u00bb.<\/p>\n<p>              <img ci-src=\"https:\/\/www.nicematin.com\/animaux\/protec\/DATA_ART_16091174-nD0hUUxa.jpg?vh=266f96&amp;ci_seal=edc9f3f35f\" alt=\"\"\/><br \/>\n        Le maire de Menton a sign\u00e9 la convention, lundi, entour\u00e9 de Patricia Peloso (\u00e0 gauche) et Nathalie Cuvillon (\u00e0 droite), respectivement pr\u00e9sidentes de F\u00e9lix F\u00e9lis et des Prot\u00e9g\u00e9s de Nathalie, et de son 1er adjoint Patrice Novelli. Photo ville de menton <strong>Cr\u00e9dit photo pour le Web uniquement.<\/strong> <\/p>\n","protected":false},"excerpt":{"rendered":"Elles l\u2019attendaient depuis longtemps. Les associations F\u00e9lix F\u00e9lis et Les prot\u00e9g\u00e9s de Nathalie ont enfin trouv\u00e9 un refuge&hellip;\n","protected":false},"author":2,"featured_media":326124,"comment_status":"","ping_status":"","sticky":false,"template":"","format":"standard","meta":{"footnotes":""},"categories":[2819],"tags":[1111,11,1867,1777,674,1011,27,12,2401,882,25],"class_list":{"0":"post-326123","1":"post","2":"type-post","3":"status-publish","4":"format-standard","5":"has-post-thumbnail","7":"category-nice","8":"tag-actu","9":"tag-actualites","10":"tag-animaux","11":"tag-eu","12":"tag-europe","13":"tag-fr","14":"tag-france","15":"tag-news","16":"tag-nice","17":"tag-provence-alpes-cote-dazur","18":"tag-republique-francaise"},"share_on_mastodon":{"url":"https:\/\/pubeurope.com\/@fr\/115047546398628122","error":""},"_links":{"self":[{"href":"https:\/\/www.europesays.com\/fr\/wp-json\/wp\/v2\/posts\/326123","targetHints":{"allow":["GET"]}}],"collection":[{"href":"https:\/\/www.europesays.com\/fr\/wp-json\/wp\/v2\/posts"}],"about":[{"href":"https:\/\/www.europesays.com\/fr\/wp-json\/wp\/v2\/types\/post"}],"author":[{"embeddable":true,"href":"https:\/\/www.europesays.com\/fr\/wp-json\/wp\/v2\/users\/2"}],"replies":[{"embeddable":true,"href":"https:\/\/www.europesays.com\/fr\/wp-json\/wp\/v2\/comments?post=326123"}],"version-history":[{"count":0,"href":"https:\/\/www.europesays.com\/fr\/wp-json\/wp\/v2\/posts\/326123\/revisions"}],"wp:featuredmedia":[{"embeddable":true,"href":"https:\/\/www.europesays.com\/fr\/wp-json\/wp\/v2\/media\/326124"}],"wp:attachment":[{"href":"https:\/\/www.europesays.com\/fr\/wp-json\/wp\/v2\/media?parent=326123"}],"wp:term":[{"taxonomy":"category","embeddable":true,"href":"https:\/\/www.europesays.com\/fr\/wp-json\/wp\/v2\/categories?post=326123"},{"taxonomy":"post_tag","embeddable":true,"href":"https:\/\/www.europesays.com\/fr\/wp-json\/wp\/v2\/tags?post=326123"}],"curies":[{"name":"wp","href":"https:\/\/api.w.org\/{rel}","templated":true}]}}