{"id":326127,"date":"2025-08-18T03:06:43","date_gmt":"2025-08-18T03:06:43","guid":{"rendered":"https:\/\/www.europesays.com\/fr\/326127\/"},"modified":"2025-08-18T03:06:43","modified_gmt":"2025-08-18T03:06:43","slug":"girondins4ever-j1-les-tops-et-le-flop-de-girondins4ever-apres-bordeaux","status":"publish","type":"post","link":"https:\/\/www.europesays.com\/fr\/326127\/","title":{"rendered":"Girondins4Ever &#8211; [J1] Les Tops et le Flop de Girondins4Ever apr\u00e8s Bordeaux"},"content":{"rendered":"<p><img width=\"773\" height=\"380\" data-lazy-type=\"image\" src=\"https:\/\/www.europesays.com\/fr\/wp-content\/uploads\/2025\/08\/bandicam-2025-08-16-22-58-57-351-773x380.jpg\" class=\"lazy lazy-hidden attachment-alchemists_thumbnail-lg size-alchemists_thumbnail-lg wp-post-image\" alt=\"\" decoding=\"async\" fetchpriority=\"high\"\/><\/p>\n<p style=\"text-align: justify;\">Ce samedi 16 Ao\u00fbt 2025, les<br \/>\n<strong>Girondins de Bordeaux<\/strong> disputaient le match de la<br \/>\n1\u00e8re journ\u00e9e du championnat de <strong>National 2<\/strong> \u00e0<br \/>\ndomicile face au club de l\u2019<strong>US Avranches<\/strong>. La<br \/>\nrencontre se jouait au <strong>Stade Atlantique.\u00a0<\/strong><\/p>\n<p>Les hommes de Bruno Irles n\u2019ont pas r\u00e9ussi \u00e0 percer le verrou<br \/>\nnormand. Les deux \u00e9quipes se sont s\u00e9par\u00e9es sur un score nul et<br \/>\nvierge (0-0).<\/p>\n<p><strong>Les Tops<\/strong><\/p>\n<p><img loading=\"lazy\" decoding=\"async\" class=\"lazy lazy-hidden size-medium wp-image-559864 aligncenter\" data-lazy-type=\"image\" src=\"https:\/\/www.europesays.com\/fr\/wp-content\/uploads\/2025\/08\/bandicam-2025-08-16-22-58-58-691-300x200.jpg\" alt=\"\" width=\"300\" height=\"200\"  \/><\/p>\n<p><strong>Jan Hoekstra<\/strong> : Le gardien hollandais<br \/>\nfaisait sa premi\u00e8re officielle dans le but bordelais. Le moins que<br \/>\nl\u2019on puisse dire c\u2019est qu\u2019il s\u2019est montr\u00e9 \u00e0 son avantage. En<br \/>\npremi\u00e8re p\u00e9riode il remporte un duel en un contre un et d\u00e9tourne le<br \/>\nballon en corner. Puis il va \u00e9galement s\u2019imposer \u00e0 deux reprises,<br \/>\nune fois au sol, une autre dans les airs avec son grand gabarit. En<br \/>\nseconde p\u00e9riode il a eu un peu moins de boulot mais a tenu la<br \/>\nbarraque quand il le fallait, r\u00e9alisant deux arr\u00eats et en<br \/>\ninterceptant au sol un centre dangereux. L\u2019homme du match c\u00f4t\u00e9<br \/>\nbordelais.<\/p>\n<p><strong>Eric Vandenabeele<\/strong> : Le d\u00e9fenseur<br \/>\ncentral a lui aussi \u00e9t\u00e9 solide. Rien n\u2019est pass\u00e9 de son c\u00f4t\u00e9, il a<br \/>\nstopp\u00e9 toutes les tentatives adverses passant \u00e0 proximit\u00e9. Il a<br \/>\n\u00e9galement dirig\u00e9 sa d\u00e9fense et s\u2019est mis en leader de la d\u00e9fense en<br \/>\nl\u2019absence de Jean Grillot. Peu de d\u00e9chet et une aisance, ce sont de<br \/>\nbons d\u00e9buts. Il aurait probablement aim\u00e9 casser des lignes avec ses<br \/>\nrelances, mais le terrain ne s\u2019y pr\u00eatait pas.<\/p>\n<p><strong>Driss Trichard<\/strong> : Capitaine d\u2019un soir,<br \/>\nle lat\u00e9ral gauche n\u2019a pas arr\u00eat\u00e9 de la rencontre, du d\u00e9but \u00e0 la<br \/>\nfin. Il a multipli\u00e9 les acc\u00e9l\u00e9rations, les d\u00e9doublements et les<br \/>\ncentres pendant tout le match. Il ne lui manque pas grand-chose<br \/>\npour ouvrir le score et a m\u00eame eu plusieurs situations<br \/>\nint\u00e9ressantes. V\u00e9ritable leader offensif, son entente avec Shamal<br \/>\n\u00e9tait aussi \u00e0 signaler. D\u00e9fensivement il n\u2019a pas eu beaucoup de<br \/>\nboulot mais ce n\u2019est pas vraiment pass\u00e9 de son c\u00f4t\u00e9. Une premi\u00e8re<br \/>\npleine d\u2019envie qui aurait m\u00e9rit\u00e9 mieux pour le dernier titulaire de<br \/>\nla saison derni\u00e8re.<\/p>\n<p><b>Guillaume Odru<\/b> : Le milieu de terrain a \u00e9t\u00e9 le<br \/>\nplus actif dans le c\u0153ur du jeu. Souvent \u00e0 la r\u00e9cup\u00e9ration et<br \/>\nsouvent dans la relance, il a particip\u00e9 activement au jeu bordelais<br \/>\net a m\u00eame apport\u00e9 des solutions offensives. Seul petit b\u00e9mol sur sa<br \/>\nprestation, la qualit\u00e9 des corners et coups francs qui a \u00e9t\u00e9 un peu<br \/>\nmoindre que ce qu\u2019on avait pu entrevoir en matchs de pr\u00e9paration.<br \/>\nMalgr\u00e9 tout, c\u2019est une belle pioche et son entente avec Adama Diop<br \/>\npourrait \u00eatre un tr\u00e8s bel atout cette saison.<\/p>\n<p><strong>Le Flop<\/strong><\/p>\n<p><img loading=\"lazy\" decoding=\"async\" class=\"lazy lazy-hidden size-medium wp-image-559829 aligncenter\" data-lazy-type=\"image\" src=\"https:\/\/www.europesays.com\/fr\/wp-content\/uploads\/2025\/08\/bandicam-2025-08-16-22-00-12-768-300x200.jpg\" alt=\"\" width=\"300\" height=\"200\"  \/><\/p>\n<p><strong>La pelouse<\/strong> : Malheureusement le match<br \/>\na un peu (voire beaucoup) \u00e9t\u00e9 perturb\u00e9 par l\u2019\u00e9tat de la pelouse<br \/>\npour tous les acteurs du match. Comme vous le savez, <a href=\"https:\/\/girondins4ever.com\/breves\/20250814\/559453-les-joueurs-girondins-avec-des-jeunes-ont-foule-la-pelouse-en-souffrance-du-stade-atlantique-mercredi\/\" rel=\"nofollow noopener\" target=\"_blank\"><br \/>\nun champignon s\u2019est d\u00e9velopp\u00e9 sur celle-ci<\/a>, comme sur d\u2019autres<br \/>\nstades de l\u2019agglom\u00e9ration bordelaise. Le temps en est la principale<br \/>\ncause, par manque d\u2019eau. Du coup il a \u00e9t\u00e9 difficile de d\u00e9velopper<br \/>\ndu jeu de qualit\u00e9, m\u00eame si cela n\u2019excuse pas tout. L\u2019\u00e9quipe de<br \/>\njardiniers aura fort \u00e0 faire pour vite r\u00e9tablir la pelouse pour les<br \/>\nprochaines \u00e9ch\u00e9ances, tout en esp\u00e9rant le retour de la pluie<br \/>\nprochainement.<\/p>\n<p><img loading=\"lazy\" decoding=\"async\" class=\"lazy lazy-hidden size-medium wp-image-559860 aligncenter\" data-lazy-type=\"image\" src=\"https:\/\/www.europesays.com\/fr\/wp-content\/uploads\/2025\/08\/bandicam-2025-08-16-22-58-07-479-300x200.jpg\" alt=\"\" width=\"300\" height=\"200\"  \/><\/p>\n","protected":false},"excerpt":{"rendered":"Ce samedi 16 Ao\u00fbt 2025, les Girondins de Bordeaux disputaient le match de la 1\u00e8re journ\u00e9e du championnat&hellip;\n","protected":false},"author":2,"featured_media":326128,"comment_status":"","ping_status":"","sticky":false,"template":"","format":"standard","meta":{"footnotes":""},"categories":[2817],"tags":[1111,11,1997,1777,674,1011,27,12,2219,25],"class_list":{"0":"post-326127","1":"post","2":"type-post","3":"status-publish","4":"format-standard","5":"has-post-thumbnail","7":"category-bordeaux","8":"tag-actu","9":"tag-actualites","10":"tag-bordeaux","11":"tag-eu","12":"tag-europe","13":"tag-fr","14":"tag-france","15":"tag-news","16":"tag-nouvelle-aquitaine","17":"tag-republique-francaise"},"share_on_mastodon":{"url":"https:\/\/pubeurope.com\/@fr\/115047562631374708","error":""},"_links":{"self":[{"href":"https:\/\/www.europesays.com\/fr\/wp-json\/wp\/v2\/posts\/326127","targetHints":{"allow":["GET"]}}],"collection":[{"href":"https:\/\/www.europesays.com\/fr\/wp-json\/wp\/v2\/posts"}],"about":[{"href":"https:\/\/www.europesays.com\/fr\/wp-json\/wp\/v2\/types\/post"}],"author":[{"embeddable":true,"href":"https:\/\/www.europesays.com\/fr\/wp-json\/wp\/v2\/users\/2"}],"replies":[{"embeddable":true,"href":"https:\/\/www.europesays.com\/fr\/wp-json\/wp\/v2\/comments?post=326127"}],"version-history":[{"count":0,"href":"https:\/\/www.europesays.com\/fr\/wp-json\/wp\/v2\/posts\/326127\/revisions"}],"wp:featuredmedia":[{"embeddable":true,"href":"https:\/\/www.europesays.com\/fr\/wp-json\/wp\/v2\/media\/326128"}],"wp:attachment":[{"href":"https:\/\/www.europesays.com\/fr\/wp-json\/wp\/v2\/media?parent=326127"}],"wp:term":[{"taxonomy":"category","embeddable":true,"href":"https:\/\/www.europesays.com\/fr\/wp-json\/wp\/v2\/categories?post=326127"},{"taxonomy":"post_tag","embeddable":true,"href":"https:\/\/www.europesays.com\/fr\/wp-json\/wp\/v2\/tags?post=326127"}],"curies":[{"name":"wp","href":"https:\/\/api.w.org\/{rel}","templated":true}]}}