{"id":326133,"date":"2025-08-18T03:10:28","date_gmt":"2025-08-18T03:10:28","guid":{"rendered":"https:\/\/www.europesays.com\/fr\/326133\/"},"modified":"2025-08-18T03:10:28","modified_gmt":"2025-08-18T03:10:28","slug":"on-va-retenir-le-coeur-des-joueurs-le-stade-brestois-lance-sa-saison-par-un-match-nul-fou-face-a-lille","status":"publish","type":"post","link":"https:\/\/www.europesays.com\/fr\/326133\/","title":{"rendered":"\u00ab\u00a0On va retenir le c\u0153ur des joueurs\u00a0\u00bb\u00a0: le Stade Brestois lance sa saison par un match nul fou face \u00e0 Lille"},"content":{"rendered":"<p>Il faisait inhabituellement tr\u00e8s chaud \u00e0 Brest, ce dimanche 17 ao\u00fbt 2025, et il a fallu que ces Brestois-l\u00e0 viennent encore rajouter quelques degr\u00e9s au thermom\u00e8tre, au prix d\u2019<a href=\"https:\/\/www.letelegramme.fr\/sports\/football\/stade-brestois\/brest-lille-le-resume-dun-match-nul-completement-fou-marque-par-la-premiere-polemique-de-la-saison-6872558.php\" target=\"_blank\" rel=\"noopener\">un sc\u00e9nario d\u00e9j\u00e0 dingue<\/a>, o\u00f9 ils ont \u00e9t\u00e9 men\u00e9s tout du long.<\/p>\n<p>Ce match nul (3-3) n\u2019est pas une victoire, mais cela y ressemblait beaucoup. \u00ab Je vais retenir le c\u0153ur de mes joueurs \u00bb, expliquait \u00c9ric Roy, marqu\u00e9 apr\u00e8s ce match \u00e0 rebondissements.<\/p>\n<p>L\u2019atmosph\u00e8re s\u2019\u00e9tait pourtant subitement refroidie, \u00e0 deux reprises, <a href=\"https:\/\/www.letelegramme.fr\/sports\/football\/stade-brestois\/direct-brest-lille-suivez-le-match-de-la-premiere-journee-de-ligue-1-6866881.php\" target=\"_blank\" rel=\"noopener\">quand Lille menait 2-0<\/a> (Giroud, 11 ; Haraldsson, 26\u2019), puis 3-2 (Mukau, 67\u2019), gr\u00e2ce \u00e0 trois offrandes de la d\u00e9fense finist\u00e9rienne, visiblement pas encore gu\u00e9rie d\u2019une saison derni\u00e8re o\u00f9 elle avait \u00e9t\u00e9 transperc\u00e9e 59 fois (4e pire d\u00e9fense). \u00ab Ce sont des cadeaux \u00bb, pestait l\u2019entra\u00eeneur du SB29. <\/p>\n<p>Doumbia, d\u00e9j\u00e0 influent<\/p>\n<p>Mais ces Finist\u00e9riens-l\u00e0 ont toujours beaucoup de ressources mentales et surtout beaucoup de qualit\u00e9s offensives. Ludovic Ajorque n\u2019\u00e9tait peut-\u00eatre pas dans un tr\u00e8s grand jour, mais <a href=\"https:\/\/www.letelegramme.fr\/sports\/football\/stade-brestois\/brest-lille-doumbia-efficace-del-castillo-juste-les-notes-des-brestois-apres-le-spectaculaire-match-nul-6872575.php\" target=\"_blank\" rel=\"noopener\">Mama Bald\u00e9, Romain Del Castillo, et Kamory Doumbia<\/a> se sont charg\u00e9s de donner le tournis \u00e0 cette faible d\u00e9fense lilloise. Le Malien \u00e9tait attendu au tournant, apr\u00e8s un dernier exercice d\u00e9cevant, et il a r\u00e9pondu d\u00e8s ce premier match par un doubl\u00e9 (voir ci-contre). Son premier but n\u2019\u00e9tait pas le plus compliqu\u00e9 \u00e0 mettre (34\u2019). Au contraire du second, un chef d\u2019\u0153uvre d\u2019enroul\u00e9 en pleine lucarne (51\u2019).<\/p>\n<p><img decoding=\"async\" src=\"https:\/\/www.europesays.com\/fr\/wp-content\/uploads\/2025\/08\/68a23efe2f1f6863730997b0.1.jpeg\" width=\"480\" height=\"300\" class=\"web_golden_m\" loading=\"lazy\" alt=\"Kamory Doumbia, f\u00e9licit\u00e9 par Ludovic Ajorque, a inscrit un doubl\u00e9.\"\/>Kamory Doumbia, f\u00e9licit\u00e9 par Ludovic Ajorque, a inscrit un doubl\u00e9. (Photo Jean-Michel Louarn)<\/p>\n<p>Un instant, on s\u2019\u00a0est mis \u00e0 repenser \u00e0 cette prestation de l\u2019hiver 2023, face \u00e0 Lorient, o\u00f9 il avait marqu\u00e9 <a href=\"https:\/\/www.letelegramme.fr\/sports\/football\/stade-brestois\/un-quatruple-en-une-mi-temps-sensationnel-kamory-doumbia-6493545.php\" target=\"_blank\" rel=\"noopener\">un quadrupl\u00e9 m\u00e9morable<\/a> en une mi-temps. Le milieu de terrain n\u2019a finalement pas r\u00e9\u00e9dit\u00e9 cet exploit, mais ces deux r\u00e9alisations ont d\u00e9j\u00e0 permis \u00e0 Brest de se remettre la t\u00eate \u00e0 l\u2019endroit dans un match tr\u00e8s mal embarqu\u00e9.<\/p>\n<p>Un but d\u2019attaquant pour Le Cardinal<\/p>\n<p>Celui-ci a de nouveau bascul\u00e9, du c\u00f4t\u00e9 lillois encore, apr\u00e8s un imbroglio entre le corps arbitral et les joueurs bretons. Ces derniers <a href=\"https:\/\/www.letelegramme.fr\/sports\/football\/stade-brestois\/brest-lille-jai-du-mal-a-comprendre-lincomprehension-brestoise-autour-du-troisieme-but-lillois-6872646.php\" target=\"_blank\" rel=\"noopener\">se sont arr\u00eat\u00e9s de jouer,<\/a> car l\u2019arbitre de touche avait lev\u00e9 son drapeau, pensant que le corner d\u2019Haraldsson avait franchi les limites du terrain. Sauf que le coup de sifflet de l\u2019arbitre central fait foi, ce que Mukau \u00e9tait le seul \u00e0 comprendre (3-2, 67\u2019). Ce but \u00e9tait \u00e9videmment valid\u00e9 et \u00e0 20 minutes de la fin, il aurait pu d\u00e9finitivement mettre le Stade Brestois hors de port\u00e9e. C\u2019est mal conna\u00eetre ces joueurs-l\u00e0, qui sont revenus, encore une fois, huit minutes plus tard.<\/p>\n<p>La lumi\u00e8re est cette fois venue de Julien Le Cardinal, <a href=\"https:\/\/www.letelegramme.fr\/sports\/football\/stade-brestois\/le-moment-ne-pouvait-pas-etre-mieux-choisi-la-folle-soiree-de-julien-le-cardinal-contre-le-psv-en-images-6762866.php\" target=\"_blank\" rel=\"noopener\">h\u00e9ros du PSV,<\/a> et d\u00e9sormais h\u00e9ros de Lille. Le Breton a pourtant tr\u00e8s mal commenc\u00e9 son match en \u00e9tant trop passif devant Giroud (1-0, 11\u2018). Il aurait aussi tr\u00e8s bien pu mal le terminer, avec ce marquage l\u00e2che, et il n\u2019a d\u00fb son salut qu\u2019\u00e0 Radoslaw Majecki (90\u2019+ 3).<\/p>\n<p>Mais entre-temps, le Briochin avait inscrit un but digne d\u2019un attaquant. Trouv\u00e9 par Lala, il s\u2019\u00e9tait emmen\u00e9 le ballon, avant de le reprendre d\u2019une sublime demi-vol\u00e9e (3-3, 75\u2019). La tribune Kemper et tout le stade se sont alors mis \u00e0 gronder et \u00e0 soupirer de d\u00e9pit quand Brest ratait l\u2019occasion de passer devant. Il y en a eu au moins une, d\u2019ailleurs, par Romain Del Castillo, dont la frappe enroul\u00e9e \u00e9tait repouss\u00e9e par le gardien adverse. Brest aurait donc tr\u00e8s bien pu gagner ce match et il aurait tr\u00e8s bien pu le perdre, aussi. Alors, vive le nul !<\/p>\n","protected":false},"excerpt":{"rendered":"Il faisait inhabituellement tr\u00e8s chaud \u00e0 Brest, ce dimanche 17 ao\u00fbt 2025, et il a fallu que ces&hellip;\n","protected":false},"author":2,"featured_media":326134,"comment_status":"","ping_status":"","sticky":false,"template":"","format":"standard","meta":{"footnotes":""},"categories":[2815],"tags":[1111,11,3450,1777,674,63,1011,27,811,66,1307,12,25,60,4449,2955],"class_list":{"0":"post-326133","1":"post","2":"type-post","3":"status-publish","4":"format-standard","5":"has-post-thumbnail","7":"category-lille","8":"tag-actu","9":"tag-actualites","10":"tag-brest","11":"tag-eu","12":"tag-europe","13":"tag-football","14":"tag-fr","15":"tag-france","16":"tag-hauts-de-france","17":"tag-ligue-1","18":"tag-lille","19":"tag-news","20":"tag-republique-francaise","21":"tag-sports","22":"tag-stade-brestois","23":"tag-videos"},"share_on_mastodon":{"url":"https:\/\/pubeurope.com\/@fr\/115047577955435262","error":""},"_links":{"self":[{"href":"https:\/\/www.europesays.com\/fr\/wp-json\/wp\/v2\/posts\/326133","targetHints":{"allow":["GET"]}}],"collection":[{"href":"https:\/\/www.europesays.com\/fr\/wp-json\/wp\/v2\/posts"}],"about":[{"href":"https:\/\/www.europesays.com\/fr\/wp-json\/wp\/v2\/types\/post"}],"author":[{"embeddable":true,"href":"https:\/\/www.europesays.com\/fr\/wp-json\/wp\/v2\/users\/2"}],"replies":[{"embeddable":true,"href":"https:\/\/www.europesays.com\/fr\/wp-json\/wp\/v2\/comments?post=326133"}],"version-history":[{"count":0,"href":"https:\/\/www.europesays.com\/fr\/wp-json\/wp\/v2\/posts\/326133\/revisions"}],"wp:featuredmedia":[{"embeddable":true,"href":"https:\/\/www.europesays.com\/fr\/wp-json\/wp\/v2\/media\/326134"}],"wp:attachment":[{"href":"https:\/\/www.europesays.com\/fr\/wp-json\/wp\/v2\/media?parent=326133"}],"wp:term":[{"taxonomy":"category","embeddable":true,"href":"https:\/\/www.europesays.com\/fr\/wp-json\/wp\/v2\/categories?post=326133"},{"taxonomy":"post_tag","embeddable":true,"href":"https:\/\/www.europesays.com\/fr\/wp-json\/wp\/v2\/tags?post=326133"}],"curies":[{"name":"wp","href":"https:\/\/api.w.org\/{rel}","templated":true}]}}