{"id":326135,"date":"2025-08-18T03:12:13","date_gmt":"2025-08-18T03:12:13","guid":{"rendered":"https:\/\/www.europesays.com\/fr\/326135\/"},"modified":"2025-08-18T03:12:13","modified_gmt":"2025-08-18T03:12:13","slug":"clap-de-fin-pour-le-beach-soccer-week-au-prado","status":"publish","type":"post","link":"https:\/\/www.europesays.com\/fr\/326135\/","title":{"rendered":"clap de fin pour le Beach Soccer Week au Prado"},"content":{"rendered":"\n<p>S\u2019il vit dans l\u2019ombre du football, le beach-soccer arrive par moments \u00e0 se frayer un chemin vers la lumi\u00e8re. Et le Beach Soccer Week est sans aucun doute devenu le projecteur principal de la discipline dans la cit\u00e9 phoc\u00e9enne.<\/p>\n<p>\u00ab\u00a0Je ne cesse de m\u2019\u00e9merveiller, ann\u00e9e apr\u00e8s ann\u00e9e, et cette 11e\u00a0\u00e9dition confirme toutes mes attentes. C\u2019est un v\u00e9ritable plaisir de se retrouver sur les plages du Prado pour une semaine d\u00e9di\u00e9e \u00e0 notre sport\u00a0\u00bb, se r\u00e9jouit G\u00e9rald Guidarini, pr\u00e9sident du Marseille Beach Team et fondateur de cet \u00e9v\u00e9nement labellis\u00e9 dans le programme de l\u2019\u00c9t\u00e9 Marseillais.<\/p>\n<p>Preuve qu\u2019il fait \u00ab\u00a0partie int\u00e9grante du paysage sportif marseillais\u00a0\u00bb, selon les mots du dirigeant, qui a comment\u00e9 toutes les finales, dimanche. En commen\u00e7ant par celles des enfants, en allant des U8 aux U14.<\/p>\n<p> Compl\u00e9mentaire du football traditionnel\n              <\/p>\n<p>\u00ab\u00a0Personne ne misait dessus au d\u00e9part, mais le beach-soccer est d\u00e9sormais pris au s\u00e9rieux chez les jeunes\u00a0\u00bb, souligne Mehdi Agribi, co-responsable du football \u00e0 l\u2019U.S. 1er Canton dans le 4e arrondissement de Marseille.<\/p>\n<p>Ses U14 se sont impos\u00e9s en finale, dimanche, apr\u00e8s avoir inscrit pas moins de 27 buts en quatre matches. Des petits prodiges du ballon rond qui, pour la grande majorit\u00e9, \u00e9voluent toute l\u2019ann\u00e9e sur les pelouses. Comme leurs a\u00een\u00e9s d\u2019ailleurs. <\/p>\n<p>\u00ab\u00a0Le beach-soccer est un excellent moyen de pr\u00e9parer une saison en travaillant le corps et les appels \u00e0 blessures notamment\u00a0\u00bb, estime Sami Ousfane, membre de l\u2019\u00e9quipe de France de beach-soccer et capitaine du Marseille Beach Team, qui a r\u00e9alis\u00e9 le doubl\u00e9 chez les seniors masculins et f\u00e9minins.<\/p>\n<p>Le d\u00e9fenseur marseillais, \u00e2g\u00e9 de 39 ans, pass\u00e9 par l\u2019USM Endoume Catalans, \u00e9volue toujours dans le football \u00e0 onze avec le SC Toulon en National\u00a02. Preuve que le beach-soccer agit comme un \u00e9lixir.<\/p>\n","protected":false},"excerpt":{"rendered":"S\u2019il vit dans l\u2019ombre du football, le beach-soccer arrive par moments \u00e0 se frayer un chemin vers la&hellip;\n","protected":false},"author":2,"featured_media":326136,"comment_status":"","ping_status":"","sticky":false,"template":"","format":"standard","meta":{"footnotes":""},"categories":[2814],"tags":[1111,11,1777,674,3390,1011,27,884,12,882,25],"class_list":{"0":"post-326135","1":"post","2":"type-post","3":"status-publish","4":"format-standard","5":"has-post-thumbnail","7":"category-marseille","8":"tag-actu","9":"tag-actualites","10":"tag-eu","11":"tag-europe","12":"tag-finales","13":"tag-fr","14":"tag-france","15":"tag-marseille","16":"tag-news","17":"tag-provence-alpes-cote-dazur","18":"tag-republique-francaise"},"share_on_mastodon":{"url":"https:\/\/pubeurope.com\/@fr\/115047585805239534","error":""},"_links":{"self":[{"href":"https:\/\/www.europesays.com\/fr\/wp-json\/wp\/v2\/posts\/326135","targetHints":{"allow":["GET"]}}],"collection":[{"href":"https:\/\/www.europesays.com\/fr\/wp-json\/wp\/v2\/posts"}],"about":[{"href":"https:\/\/www.europesays.com\/fr\/wp-json\/wp\/v2\/types\/post"}],"author":[{"embeddable":true,"href":"https:\/\/www.europesays.com\/fr\/wp-json\/wp\/v2\/users\/2"}],"replies":[{"embeddable":true,"href":"https:\/\/www.europesays.com\/fr\/wp-json\/wp\/v2\/comments?post=326135"}],"version-history":[{"count":0,"href":"https:\/\/www.europesays.com\/fr\/wp-json\/wp\/v2\/posts\/326135\/revisions"}],"wp:featuredmedia":[{"embeddable":true,"href":"https:\/\/www.europesays.com\/fr\/wp-json\/wp\/v2\/media\/326136"}],"wp:attachment":[{"href":"https:\/\/www.europesays.com\/fr\/wp-json\/wp\/v2\/media?parent=326135"}],"wp:term":[{"taxonomy":"category","embeddable":true,"href":"https:\/\/www.europesays.com\/fr\/wp-json\/wp\/v2\/categories?post=326135"},{"taxonomy":"post_tag","embeddable":true,"href":"https:\/\/www.europesays.com\/fr\/wp-json\/wp\/v2\/tags?post=326135"}],"curies":[{"name":"wp","href":"https:\/\/api.w.org\/{rel}","templated":true}]}}