{"id":326137,"date":"2025-08-18T03:13:14","date_gmt":"2025-08-18T03:13:14","guid":{"rendered":"https:\/\/www.europesays.com\/fr\/326137\/"},"modified":"2025-08-18T03:13:14","modified_gmt":"2025-08-18T03:13:14","slug":"pres-de-lyon-un-jeune-conducteur-perd-la-vie-lors-dune-sortie-de-route-dans-lain-2","status":"publish","type":"post","link":"https:\/\/www.europesays.com\/fr\/326137\/","title":{"rendered":"Pr\u00e8s de Lyon : un jeune conducteur perd la vie lors d&rsquo;une sortie de route dans l&rsquo;Ain"},"content":{"rendered":"<p>Un dramatique accident s&rsquo;est produit vendredi 15 ao\u00fbt en fin de soir\u00e9e sur la commune de Versailleux, dans l&rsquo;Ain et pr\u00e8s de Lyon. Un jeune homme de 24 ans, originaire de Villars-les-Dombes, est d\u00e9c\u00e9d\u00e9 \u00e0 la suite d&rsquo;une sortie de route sur la D904.<\/p>\n<p>Terrible accident de la circulation dans l&rsquo;Ain et pr\u00e8s de Lyon.<\/p>\n<p>Un jeune homme de 24 ans a fait une sortie de route mortelle sur la D904 dans la commune de <b>Versailleux<\/b>, au nord-ouest de <b>Meximieux<\/b>.<\/p>\n<p>Il \u00e9tait un peu plus de 23h30 vendredi 15 ao\u00fbt lorsque les secours ont \u00e9t\u00e9 alert\u00e9s, comme l&rsquo;indiquent nos confr\u00e8res du <a class=\"url\" href=\"https:\/\/c.leprogres.fr\/faits-divers-justice\/2025\/08\/16\/sortie-de-route-a-versailleux-le-conducteur-age-de-24-ans-n-a-pas-survecu\" target=\"_blank\" rel=\"noopener\">Progr\u00e8s<\/a>.\u00a0<\/p>\n<p>Selon les premi\u00e8res constatations, la victime aurait perdu le contr\u00f4le de son v\u00e9hicule \u00e0 la sortie d&rsquo;une longue courbe, avant de percuter la glissi\u00e8re de s\u00e9curit\u00e9.\u00a0<\/p>\n<p>La victime d\u00e9c\u00e9d\u00e9e \u00e0 l&rsquo;h\u00f4pital<\/p>\n<p>\u00c0 leur arriv\u00e9e, les pompiers ont trouv\u00e9 le jeune homme en arr\u00eat cardio-respiratoire.\u00a0<\/p>\n<p>Pris en charge et transport\u00e9 d&rsquo;urgence \u00e0 l&rsquo;h\u00f4pital, il est d\u00e9c\u00e9d\u00e9 peu apr\u00e8s son arriv\u00e9e.<\/p>\n<p>31e d\u00e9c\u00e8s sur les routes du d\u00e9partement de l&rsquo;Ain en 2025<\/p>\n<p>Une enqu\u00eate de gendarmerie est en cours pour d\u00e9terminer les circonstances exactes de l&rsquo;accident, li\u00e9 a priori \u00e0 un d\u00e9faut de ma\u00eetrise.\u00a0<\/p>\n<p>Il s&rsquo;agit du 31e d\u00e9c\u00e8s enregistr\u00e9 cette ann\u00e9e sur les routes du d\u00e9partement.\u00a0<\/p>\n<p>Le jeune homme, p\u00e8re d&rsquo;un enfant depuis quelques mois, laisse derri\u00e8re lui une famille endeuill\u00e9e.<\/p>\n<p><img loading=\"lazy\" decoding=\"async\" src=\"https:\/\/www.europesays.com\/fr\/wp-content\/uploads\/2025\/08\/1755486794_201_img\" width=\"350\" height=\"200\" border=\"0\" title=\"Une voiture de la police nationale\"\/><\/p>\n<p>\u25baFaits divers<\/p>\n<p style=\"font-size: 22px;\"><b>Un garage automobile attaqu\u00e9 \u00e0 la voiture b\u00e9lier au nord de Lyon pr\u00e8s de l&rsquo;Ain<\/b><\/p>\n<p>Un garage automobile situ\u00e9 aux Ch\u00e8res, au nord&#8230;<\/p>\n<p><\/p>\n","protected":false},"excerpt":{"rendered":"Un dramatique accident s&rsquo;est produit vendredi 15 ao\u00fbt en fin de soir\u00e9e sur la commune de Versailleux, dans&hellip;\n","protected":false},"author":2,"featured_media":325189,"comment_status":"","ping_status":"","sticky":false,"template":"","format":"standard","meta":{"footnotes":""},"categories":[1889],"tags":[1111,11,2738,2430,1777,674,1011,27,2428,46221,12,25,9844,46220],"class_list":{"0":"post-326137","1":"post","2":"type-post","3":"status-publish","4":"format-standard","5":"has-post-thumbnail","7":"category-lyon","8":"tag-actu","9":"tag-actualites","10":"tag-ain","11":"tag-auvergne-rhone-alpes","12":"tag-eu","13":"tag-europe","14":"tag-fr","15":"tag-france","16":"tag-lyon","17":"tag-meximieux","18":"tag-news","19":"tag-republique-francaise","20":"tag-rhne","21":"tag-versailleux"},"share_on_mastodon":{"url":"https:\/\/pubeurope.com\/@fr\/115047589820997840","error":""},"_links":{"self":[{"href":"https:\/\/www.europesays.com\/fr\/wp-json\/wp\/v2\/posts\/326137","targetHints":{"allow":["GET"]}}],"collection":[{"href":"https:\/\/www.europesays.com\/fr\/wp-json\/wp\/v2\/posts"}],"about":[{"href":"https:\/\/www.europesays.com\/fr\/wp-json\/wp\/v2\/types\/post"}],"author":[{"embeddable":true,"href":"https:\/\/www.europesays.com\/fr\/wp-json\/wp\/v2\/users\/2"}],"replies":[{"embeddable":true,"href":"https:\/\/www.europesays.com\/fr\/wp-json\/wp\/v2\/comments?post=326137"}],"version-history":[{"count":0,"href":"https:\/\/www.europesays.com\/fr\/wp-json\/wp\/v2\/posts\/326137\/revisions"}],"wp:featuredmedia":[{"embeddable":true,"href":"https:\/\/www.europesays.com\/fr\/wp-json\/wp\/v2\/media\/325189"}],"wp:attachment":[{"href":"https:\/\/www.europesays.com\/fr\/wp-json\/wp\/v2\/media?parent=326137"}],"wp:term":[{"taxonomy":"category","embeddable":true,"href":"https:\/\/www.europesays.com\/fr\/wp-json\/wp\/v2\/categories?post=326137"},{"taxonomy":"post_tag","embeddable":true,"href":"https:\/\/www.europesays.com\/fr\/wp-json\/wp\/v2\/tags?post=326137"}],"curies":[{"name":"wp","href":"https:\/\/api.w.org\/{rel}","templated":true}]}}