{"id":326144,"date":"2025-08-18T03:18:26","date_gmt":"2025-08-18T03:18:26","guid":{"rendered":"https:\/\/www.europesays.com\/fr\/326144\/"},"modified":"2025-08-18T03:18:26","modified_gmt":"2025-08-18T03:18:26","slug":"le-choix-le-plus-difficile-pourquoi-nadir-hifi-a-t-il-ete-ecarte-du-groupe-france-pour-leurobasket","status":"publish","type":"post","link":"https:\/\/www.europesays.com\/fr\/326144\/","title":{"rendered":"\u00ab\u00a0Le choix le plus difficile\u00a0\u00bb\u00a0: pourquoi Nadir Hifi a-t-il \u00e9t\u00e9 \u00e9cart\u00e9 du groupe France pour l\u2019EuroBasket\u00a0?"},"content":{"rendered":"<p class=\"paragraph text_align_left lp-f-body-02\"><a href=\"https:\/\/www.leparisien.fr\/sports\/basket\/basket-le-parisien-nadir-hifi-elu-meilleur-espoir-de-leuroligue-15-04-2025-AKA27XJZAFGCDMERPMW4WIU5PM.php\" target=\"_blank\" rel=\"noopener\">Le meilleur jeune de l\u2019Euroligue<\/a> ne participera pas \u00e0 l\u2019EuroBasket avec le groupe France. <a href=\"https:\/\/www.leparisien.fr\/sports\/basket\/france-grande-bretagne-pourquoi-nadir-hifi-talent-pourtant-unique-nest-pas-encore-certain-detre-a-leuro-08-08-2025-6AN7XFEBXVALFKVKICZYCKSG3I.php\" target=\"_blank\" rel=\"noopener\">Nadir Hifi<\/a>, auteur d\u2019une saison exceptionnelle sous les couleurs du Paris Basketball, <a href=\"https:\/\/www.leparisien.fr\/sports\/basket\/basket-nadir-hifi-ecarte-de-la-liste-definitive-des-bleus-pour-leuro-17-08-2025-YMWIJNBY3NHURJBQWFXZQ2KVI4.php\" target=\"_self\" rel=\"noopener\">a \u00e9t\u00e9 \u00e9cart\u00e9 de la liste finale d\u00e9voil\u00e9e ce dimanche<\/a> matin par le s\u00e9lectionneur Fr\u00e9d\u00e9ric Fauthoux.<\/p>\n<p class=\"paragraph text_align_left lp-f-body-02\">Malgr\u00e9 un exercice couronn\u00e9 de succ\u00e8s et ses glorieux \u00e9tats de service (champion de France, meilleur marqueur de Betclic \u00c9lite), \u00ab la Rising Star \u00bb du basket europ\u00e9en n\u2019a pas su convaincre le technicien landais, qui s\u2019envolera donc pour la Pologne avec quatre meneurs-arri\u00e8res : <a href=\"https:\/\/www.leparisien.fr\/jo-paris-2024\/basketball\/jo-paris-2024-basket-matthew-strazel-le-shoot-de-sa-vie-a-change-le-destin-des-bleus-il-nous-a-sauves-30-07-2024-FYFM35UQKJFWDFOXQGKQIUDDTQ.php\" target=\"_blank\" rel=\"noopener\">Matthew Strazel<\/a>, Th\u00e9o Maledon, \u00c9lie Okobo et Sylvain Francisco. Un pool de joueurs aux caract\u00e9ristiques diff\u00e9rentes qui a pouss\u00e9 Fauthoux \u00e0 mettre de c\u00f4t\u00e9 Hifi, sacrifi\u00e9 sur l\u2019autel de la compl\u00e9mentarit\u00e9.<\/p>\n<p>\u00ab Il nous fallait quelque chose de diff\u00e9rent \u00bb<\/p>\n<p class=\"paragraph text_align_left lp-f-body-02\">\u00ab Ne pas prendre Nadir, \u00e7a a \u00e9t\u00e9 le choix le plus difficile \u00bb, a confi\u00e9 le s\u00e9lectionneur face \u00e0 la presse dans la foul\u00e9e de l\u2019annonce. \u00ab Il est comp\u00e9titif, il l\u2019a montr\u00e9 toute la saison avec Paris. Durant la pr\u00e9paration, il a \u00e9t\u00e9 tr\u00e8s bon <a href=\"https:\/\/www.leparisien.fr\/sports\/basket\/france-montenegro-81-75-premier-match-de-preparation-premiere-victoire-pour-les-bleus-04-08-2025-TFMP5XRX5VGBROUWALQVNTGYIQ.php\" target=\"_blank\" rel=\"noopener\">contre le Mont\u00e9n\u00e9gro <\/a>(81-75, le 4 ao\u00fbt) et <a href=\"https:\/\/www.leparisien.fr\/sports\/basket\/espagne-france-67-75-les-bleus-du-basket-soffrent-leur-bete-noire-en-match-de-preparation-14-08-2025-JUERQRI5Z5HLJDWEJRQO2Y37DE.php\" target=\"_blank\" rel=\"noopener\">en Espagne<\/a> (67-75, le 14 ao\u00fbt) mais entre les 3-4 ext\u00e9rieurs qui \u00e9taient en concurrence, il nous fallait quelque chose de diff\u00e9rent \u00bb, s\u2019est-il justifi\u00e9.<\/p>\n<p class=\"paragraph text_align_left lp-f-body-02\">Pas une question de niveau donc, mais bien de profil, dans un secteur de jeu o\u00f9 la concurrence est d\u00e9mentielle. \u00ab Matthew (Strazel) et Th\u00e9o (Maledon) sont deux purs meneurs \u00bb, a expliqu\u00e9 l\u2019ancien coach de la JL Bourg. \u00ab Ce sont des organisateurs de jeu, que ce soit par la passe ou par la voix, ils fluidifient tout. Elie (Okobo) a un profil plus percutant. \u00bb<\/p>\n<p class=\"paragraph text_align_left lp-f-body-02\">Dernier \u00e9l\u00e9ment en concurrence avec le prodige parisien, <a href=\"https:\/\/www.leparisien.fr\/sports\/basket\/quand-jetais-a-paris-en-2018-on-parlait-deja-deuroligue-sylvain-francisco-revient-chez-lui-avec-kaunas-13-11-2024-OQG2OEHTLNFWJLSY6FXJEQOPNI.php\" target=\"_blank\" rel=\"noopener\">Sylvain Francisco<\/a> lui a \u00e9t\u00e9 pr\u00e9f\u00e9r\u00e9 pour son \u00ab profil diff\u00e9rent \u00bb de d\u00e9tonateur. \u00ab Il peut faire la diff\u00e9rence tr\u00e8s t\u00f4t, tr\u00e8s vite et tout seul \u00bb.<\/p>\n<p>Francisco a valid\u00e9 son ticket contre l\u2019Espagne<\/p>\n<p class=\"paragraph text_align_left lp-f-body-02\">Moins connu du grand public, le natif de Cr\u00e9teil, qui \u00e9volue au Zalgiris Kaunas (Lituanie) depuis une saison, a \u00e9galement profit\u00e9 de la dynamique positive cr\u00e9\u00e9e sur les matchs de pr\u00e9paration, en particulier lors de <a href=\"https:\/\/www.leparisien.fr\/sports\/basket\/cest-chouette-de-voir-les-pepites-emerger-bercy-transcende-les-bleus-vainqueurs-de-lespagne-78-73-16-08-2025-NPBYGWQW65E77B5WNJKCWJN36Q.php\" target=\"_blank\" rel=\"noopener\">la double confrontation face \u00e0 l\u2019Espagne<\/a>. \u00ab \u00c7a a beaucoup compt\u00e9 dans le choix, on ne va pas se mentir \u00bb, n\u2019a pas cach\u00e9 Fauthoux, conquis par les excellentes prestations cr\u00e9atives du meneur de 27 ans face \u00e0 la Roja.<\/p>\n<p class=\"paragraph text_align_left lp-f-body-02\">\u00ab Il nous faut des joueurs capables de changer un match de plusieurs fa\u00e7ons \u00bb, a r\u00e9v\u00e9l\u00e9 le coach. \u00ab C\u2019est ce que Sylvain a fait, notamment par sa capacit\u00e9 \u00e0 avancer apr\u00e8s \u00e9crans, ou tout seul. Il l\u2019a hyper bien fait sur les deux matchs. \u00bb<\/p>\n<p class=\"paragraph text_align_left lp-f-body-02\">Logiquement d\u00e9\u00e7u de passer \u00e0 c\u00f4t\u00e9 de l\u2019Euro apr\u00e8s avoir d\u00e9j\u00e0 \u00e9t\u00e9 <a href=\"https:\/\/www.leparisien.fr\/jo-paris-2024\/basketball\/jo-paris-2024-basket-une-horreur-comment-le-staff-des-bleus-annonce-aux-joueurs-quils-ne-feront-pas-les-jeux-06-07-2024-GFNQM44TVVGTLNNRZSRHZ5GWEU.php\" target=\"_blank\" rel=\"noopener\">coup\u00e9 par Vincent Collet juste avant le d\u00e9but des JO de Paris 2024<\/a> l\u2019an dernier, Nadir Hifi a tout de m\u00eame encourag\u00e9 ses \u00ab fr\u00e8res \u00bb \u00e0 aller \u00ab chercher l\u2019or \u00bb, via un post sur son compte X.<\/p>\n<p class=\"paragraph text_align_left lp-f-body-02\">Au sein du groupe France, les joueurs compatissaient ce dimanche avec la peine du crack du Paris Basketball, y compris Francisco. \u00ab \u00c9videmment, personne n\u2019a envie d\u2019\u00eatre dans sa position, c\u2019est dur \u00bb, a-t-il confi\u00e9 aux m\u00e9dias.<\/p>\n<p class=\"paragraph text_align_left lp-f-body-02\">\u00ab Je sais que Nadir, \u00e7a va le remotiver, il va faire une grosse saison. Il est pass\u00e9 par tellement de choses que \u00e7a ne doit pas l\u2019atteindre. On va se parler, je le connais bien, on a une relation en dehors du basket. \u00bb Charge d\u00e9sormais au \u00ab prince de Paname \u00bb de rebondir pour, enfin, graver en lettres d\u2019or son nom dans l\u2019histoire des Bleus.<\/p>\n","protected":false},"excerpt":{"rendered":"Le meilleur jeune de l\u2019Euroligue ne participera pas \u00e0 l\u2019EuroBasket avec le groupe France. Nadir Hifi, auteur d\u2019une&hellip;\n","protected":false},"author":2,"featured_media":326145,"comment_status":"","ping_status":"","sticky":false,"template":"","format":"standard","meta":{"footnotes":""},"categories":[1888],"tags":[1111,1928,11,1927,1465,1777,674,1011,27,12,1926,626,1925,25,60],"class_list":{"0":"post-326144","1":"post","2":"type-post","3":"status-publish","4":"format-standard","5":"has-post-thumbnail","7":"category-paris","8":"tag-actu","9":"tag-actu-paris","10":"tag-actualites","11":"tag-actualites-paris","12":"tag-basket","13":"tag-eu","14":"tag-europe","15":"tag-fr","16":"tag-france","17":"tag-news","18":"tag-news-paris","19":"tag-paris","20":"tag-paris-news","21":"tag-republique-francaise","22":"tag-sports"},"share_on_mastodon":{"url":"https:\/\/pubeurope.com\/@fr\/115047609405626456","error":""},"_links":{"self":[{"href":"https:\/\/www.europesays.com\/fr\/wp-json\/wp\/v2\/posts\/326144","targetHints":{"allow":["GET"]}}],"collection":[{"href":"https:\/\/www.europesays.com\/fr\/wp-json\/wp\/v2\/posts"}],"about":[{"href":"https:\/\/www.europesays.com\/fr\/wp-json\/wp\/v2\/types\/post"}],"author":[{"embeddable":true,"href":"https:\/\/www.europesays.com\/fr\/wp-json\/wp\/v2\/users\/2"}],"replies":[{"embeddable":true,"href":"https:\/\/www.europesays.com\/fr\/wp-json\/wp\/v2\/comments?post=326144"}],"version-history":[{"count":0,"href":"https:\/\/www.europesays.com\/fr\/wp-json\/wp\/v2\/posts\/326144\/revisions"}],"wp:featuredmedia":[{"embeddable":true,"href":"https:\/\/www.europesays.com\/fr\/wp-json\/wp\/v2\/media\/326145"}],"wp:attachment":[{"href":"https:\/\/www.europesays.com\/fr\/wp-json\/wp\/v2\/media?parent=326144"}],"wp:term":[{"taxonomy":"category","embeddable":true,"href":"https:\/\/www.europesays.com\/fr\/wp-json\/wp\/v2\/categories?post=326144"},{"taxonomy":"post_tag","embeddable":true,"href":"https:\/\/www.europesays.com\/fr\/wp-json\/wp\/v2\/tags?post=326144"}],"curies":[{"name":"wp","href":"https:\/\/api.w.org\/{rel}","templated":true}]}}