{"id":326156,"date":"2025-08-18T03:24:13","date_gmt":"2025-08-18T03:24:13","guid":{"rendered":"https:\/\/www.europesays.com\/fr\/326156\/"},"modified":"2025-08-18T03:24:13","modified_gmt":"2025-08-18T03:24:13","slug":"sur-la-trace-des-portes-disparus-au-royaume-uni","status":"publish","type":"post","link":"https:\/\/www.europesays.com\/fr\/326156\/","title":{"rendered":"sur la trace des port\u00e9s disparus au Royaume-Uni"},"content":{"rendered":"\n<p>En f\u00e9vrier 2020, Paul\u00a0Parsons a envoy\u00e9 un courriel \u00e0 son cousin Lloyd\u00a0Walford pour lui proposer de se voir dans les prochains mois. Les deux hommes \u00e9taient proches depuis l\u2019enfance, ils n\u2019avaient que dix-huit mois de diff\u00e9rence, et se retrouvaient g\u00e9n\u00e9ralement lors des f\u00eates de famille. Les anniversaires, No\u00ebl, parfois des vacances \u00e0 l\u2019\u00e9tranger. Les soir\u00e9es sans souci au pub, qu\u2019ils passaient scotch\u00e9s \u00e0 la table de billard. Lloyd \u00e9tait un compagnon agr\u00e9able, simple, mais aussi capable de surprendre. Paul s\u2019\u00e9merveillait souvent des connaissances encyclop\u00e9diques de son cousin dans des domaines comme l\u2019histoire antique et l\u2019astronomie.<\/p>\n<p>Les Parsons venaient du Buckinghamshire [en p\u00e9riph\u00e9rie de la capitale], tandis que les Walford repr\u00e9sentaient la branche londonienne de la famille. \u201cC\u2019\u00e9tait mon pr\u00e9f\u00e9r\u00e9\u201d, nous a expliqu\u00e9 Paul, ing\u00e9nieur informaticien d\u2019une soixantaine d\u2019ann\u00e9es, qui s\u2019exprime d\u2019une voix douce, quand nous nous sommes entretenus \u00e0 la mi-mai. \u201cIl \u00e9tait honn\u00eate, dr\u00f4le. Le genre de personne qu\u2019on est heureux de conna\u00eetre.\u201d<\/p>\n<p>Au fil des d\u00e9cennies, ils se sont \u00e9loign\u00e9s l\u2019un de l\u2019autre. Lloyd a trouv\u00e9 un travail \u00e0 la t\u00e9l\u00e9vision avant de suivre ses parents dans le sud-ouest de l\u2019Angleterre, et a fini par s\u2019installer \u00e0 Barnstaple, une jolie bourgade de 31\u00a0000\u00a0habitants au bord d\u2019<\/p>\n<p>                                     <strong class=\"paywall-title\">Cet article est r\u00e9serv\u00e9 aux\u00a0abonn\u00e9s.<\/strong>   <\/p>\n<p class=\"paywall-text\">Profitez de\u00a0l\u2019offre sp\u00e9ciale num\u00e9rique pour acc\u00e9der \u00e0\u00a0l\u2019int\u00e9gralit\u00e9 de\u00a0nos contenus en\u00a0illimit\u00e9.<\/p>\n<p class=\"article-authors\">                         <a href=\"https:\/\/www.courrierinternational.com\/auteur\/francisco-garcia\" rel=\"nofollow noopener\" target=\"_blank\">Francisco Garcia <\/a>    <\/p>\n<p class=\"article-vo\"><a href=\"https:\/\/observer.co.uk\/news\/national\/article\/someone-goes-missing-in-britain-ever-90-seconds-how-can-it-be-so-easy-to-disappear\" rel=\"noopener nofollow\" target=\"_blank\">Lire l\u2019article original<\/a><\/p>\n<p>Source de l\u2019article<\/p>\n<p>   <img decoding=\"async\" class=\"source-logo\" src=\"https:\/\/www.europesays.com\/fr\/wp-content\/uploads\/2025\/08\/b083f27_1692975311840-o.jpg\"  alt=\"Logo\" loading=\"lazy\" width=\"32\" height=\"32\"\/>  The Observer  (Londres)       <\/p>\n<p>Humaniste et proeurop\u00e9en, l\u2019hebdomadaire trouve gr\u00e2ce aux yeux des \u00e9lecteurs travaillistes, en particulier parmi la classe moyenne sup\u00e9rieure.<\/p>\n<p>Fond\u00e9 en 1791, avec la promesse de n\u2019\u00eatre influenc\u00e9 \u201cni par les pr\u00e9jug\u00e9s, ni par aucun parti\u201d, The Observer est le plus ancien journal dominical encore en circulation au Royaume-Uni. Parmi ses objectifs, d\u00e9finis en 1959\u00a0<a href=\"https:\/\/observer.co.uk\/opinion-and-ideas\/letters\/article\/a-note-from-james-harding-observer\" class=\"link\" affiliate=\"false\" rel=\"nofollow noopener\" target=\"_blank\">par son propri\u00e9taire et directeur de la r\u00e9daction David Astor<\/a>\u00a0: \u201cTraiter ses adversaires avec respect, s\u2019opposer \u00e0 ceux qui promeuvent la haine, mais de mani\u00e8re non-violente. Essayer de comprendre les gens et d\u2019expliquer qui ils sont les uns aux autres. Pratiquer l\u2019autocritique &#8211; en tant que progressistes, qu\u2019internationalistes et que journalistes &#8211; sans se retenir de critiquer les autres.\u201d De mani\u00e8re g\u00e9n\u00e9rale, poursuivait-il avec une note d\u2019humour\u00a0: \u201cFaire l\u2019inverse que ce que Hitler aurait voulu.\u201d<\/p>\n<p>Int\u00e9gr\u00e9 au m\u00eame groupe que le quotidien de gauche The Guardian en 1993, l\u2019hebdomadaire a \u00e9t\u00e9 repris fin 2024, en d\u00e9pit d\u2019une vive contestation en interne, par le m\u00e9dia en ligne Tortoise Media. Des craintes se sont alors fait jour quant \u00e0 la p\u00e9rennit\u00e9 de l\u2019\u00e9dition papier.<\/p>\n<p>Rel\u00e9gu\u00e9 au rang de simple onglet du site internet de The Guardian, The Observer obtient sa propre plateforme num\u00e9rique dans le sillage du rachat en avril 2025..<\/p>\n<p>      <a href=\"https:\/\/www.courrierinternational.com\/notule-source\/the-observer\" class=\"source-link\" rel=\"nofollow noopener\" target=\"_blank\">Lire la suite<\/a>                 <\/p>\n<p>Nos services<\/p>\n","protected":false},"excerpt":{"rendered":"En f\u00e9vrier 2020, Paul\u00a0Parsons a envoy\u00e9 un courriel \u00e0 son cousin Lloyd\u00a0Walford pour lui proposer de se voir&hellip;\n","protected":false},"author":2,"featured_media":326157,"comment_status":"","ping_status":"","sticky":false,"template":"","format":"standard","meta":{"footnotes":""},"categories":[1588],"tags":[11,17346,1777,674,12,473,1853,1857,1851,1850,1852],"class_list":{"0":"post-326156","1":"post","2":"type-post","3":"status-publish","4":"format-standard","5":"has-post-thumbnail","7":"category-royaume-uni","8":"tag-actualites","9":"tag-enquu00eates","10":"tag-eu","11":"tag-europe","12":"tag-news","13":"tag-royaume-uni","14":"tag-royaume-uni-de-grande-bretagne-et-dirlande-du-nord","15":"tag-sociu00e9tu00e9","16":"tag-uk","17":"tag-united-kingdom","18":"tag-united-kingdom-of-great-britain-and-northern-ireland"},"share_on_mastodon":{"url":"https:\/\/pubeurope.com\/@fr\/115047633035392288","error":""},"_links":{"self":[{"href":"https:\/\/www.europesays.com\/fr\/wp-json\/wp\/v2\/posts\/326156","targetHints":{"allow":["GET"]}}],"collection":[{"href":"https:\/\/www.europesays.com\/fr\/wp-json\/wp\/v2\/posts"}],"about":[{"href":"https:\/\/www.europesays.com\/fr\/wp-json\/wp\/v2\/types\/post"}],"author":[{"embeddable":true,"href":"https:\/\/www.europesays.com\/fr\/wp-json\/wp\/v2\/users\/2"}],"replies":[{"embeddable":true,"href":"https:\/\/www.europesays.com\/fr\/wp-json\/wp\/v2\/comments?post=326156"}],"version-history":[{"count":0,"href":"https:\/\/www.europesays.com\/fr\/wp-json\/wp\/v2\/posts\/326156\/revisions"}],"wp:featuredmedia":[{"embeddable":true,"href":"https:\/\/www.europesays.com\/fr\/wp-json\/wp\/v2\/media\/326157"}],"wp:attachment":[{"href":"https:\/\/www.europesays.com\/fr\/wp-json\/wp\/v2\/media?parent=326156"}],"wp:term":[{"taxonomy":"category","embeddable":true,"href":"https:\/\/www.europesays.com\/fr\/wp-json\/wp\/v2\/categories?post=326156"},{"taxonomy":"post_tag","embeddable":true,"href":"https:\/\/www.europesays.com\/fr\/wp-json\/wp\/v2\/tags?post=326156"}],"curies":[{"name":"wp","href":"https:\/\/api.w.org\/{rel}","templated":true}]}}