{"id":326172,"date":"2025-08-18T03:32:18","date_gmt":"2025-08-18T03:32:18","guid":{"rendered":"https:\/\/www.europesays.com\/fr\/326172\/"},"modified":"2025-08-18T03:32:18","modified_gmt":"2025-08-18T03:32:18","slug":"il-y-a-de-la-magie-dans-lair-le-duo-canadien-en-demi-finale","status":"publish","type":"post","link":"https:\/\/www.europesays.com\/fr\/326172\/","title":{"rendered":"\u00ab\u00a0Il y a de la magie dans l\u2019air\u00a0\u00bb | Le duo canadien en demi-finale"},"content":{"rendered":"<p class=\"lead textModule textModule--type-lead \" style=\"\">Lorsque les Canadiennes Melissa Humana-Paredes et Brandie Wilkerson ont \u00e9t\u00e9 pr\u00e9sent\u00e9es \u00e0 la foule montr\u00e9alaise avant leur match de quart de finale contre Thamela Coradello et Victoria Lopes, samedi, les deux Br\u00e9siliennes se sont \u00e9chang\u00e9 un long regard. Impressionn\u00e9es et intimid\u00e9es par le rugissement de la foule, les deux joueuses ont mis leurs mains sur leurs hanches avant de baisser les \u00e9paules.<\/p>\n<p>                    Publi\u00e9 hier \u00e0 21\u00a0h\u00a024<\/p>\n<p>    <a class=\"print\" href=\"https:\/\/www.lapresse.ca\/sports\/2025-08-16\/il-y-a-de-la-magie-dans-l-air\/javascript:window.print();\" title=\"Imprimer la page\" rel=\"nofollow noopener\" target=\"_blank\"><\/p>\n<p>        <img loading=\"lazy\" decoding=\"async\" width=\"16\" height=\"18\" src=\"https:\/\/www.europesays.com\/fr\/wp-content\/uploads\/2025\/04\/share-icon.png\" alt=\"Partager\"\/><\/p>\n<p class=\"paragraph textModule textModule--type-paragraph \" style=\"\">C\u2019\u00e9tait, \u00e0 ce moment pr\u00e9cis, le d\u00e9but de la fin pour le meilleur duo au classement mondial de volleyball de plage. Les Canadiennes les ont battues en deux manches de 21-10 et 21-19 pour assurer leur place en demi-finale.<\/p>\n<p class=\"paragraph textModule textModule--type-paragraph \" style=\"\">\u00ab\u00a0On le voit dans le visage de nos adversaires, a confirm\u00e9 Wilkerson au terme de la rencontre. Elles sont comme t\u00e9tanis\u00e9es et presque d\u00e9rout\u00e9es par toute la vague d\u2019amour que l\u2019on re\u00e7oit.\u00a0\u00bb<\/p>\n<p class=\"paragraph textModule textModule--type-paragraph \" style=\"\">L\u2019animatrice de foule au circuit Gilles-Villeneuve a eu du mal \u00e0 faire taire les partisans en d\u00e9but de rencontre. Si bien que le Canada a repris le service du Br\u00e9sil sur le premier point.<\/p>\n<p class=\"epigraph textModule textModule--type-epigraph \" style=\"\">La suite fut presque une balade dans le parc, ou sur la plage, pour les Canadiennes. Elles ont accus\u00e9 du retard une seule fois dans la manche, \u00e0 3-2, avant de prendre leur \u00e9lan pour de bon. La premi\u00e8re manche s\u2019est conclue en seulement 15\u00a0minutes.<\/p>\n<p class=\"paragraph textModule textModule--type-paragraph \" style=\"\">\u00ab\u00a0\u00c7a a pris beaucoup de patience, une bonne ex\u00e9cution et une bonne d\u00e9fense contre la pression qu\u2019elles mettaient sur nous au service. Notre plan de match \u00e9tait relativement simple, nous ne voulions pas en faire trop\u00a0\u00bb, a r\u00e9sum\u00e9 Humana-Paredes devant une meute de partisans qui attendaient impatiemment que l\u2019entrevue se termine pour pouvoir faire signer ballons et drapeaux canadiens.<\/p>\n<p>                                        <img decoding=\"async\" src=\"https:\/\/www.europesays.com\/fr\/wp-content\/uploads\/2025\/08\/d3d81a0373c43a82aa6dd040494acf10.jpg\" alt=\"\" class=\"photoModule__visual\" itemprop=\"contentUrl url\"\/><\/p>\n<p class=\"credit photoModule__caption photoModule__caption--credit\" style=\"\">\n                    PHOTO MARTIN CHAMBERLAND, LA PRESSE\n                <\/p>\n<p class=\"description photoModule__caption photoModule__caption--description\" style=\"\">\n                    Brandie Wilkerson au filet\n                <\/p>\n<p class=\"paragraph textModule textModule--type-paragraph \" style=\"\">\u00c9tonnamment, la meilleure \u00e9quipe sur la plan\u00e8te n\u2019a jamais trouv\u00e9 le moyen de s\u2019adapter en premi\u00e8re manche. Comme si elles avaient \u00e9t\u00e9 secou\u00e9es par l\u2019aplomb des championnes du tournoi en 2023.<\/p>\n<p class=\"paragraph textModule textModule--type-paragraph \" style=\"\">\u00ab\u00a0Je pense vraiment qu\u2019elles ont jou\u00e9 au meilleur de leurs capacit\u00e9s, a expliqu\u00e9 Wilkerson. On savait que contre une \u00e9quipe qui excelle autant cette saison, il fallait \u00e0 tout prix bien commencer notre match. On voulait donner le ton et prendre le contr\u00f4le rapidement.\u00a0\u00bb<\/p>\n<p>                    L\u2019\u00e9toile inattendue<\/p>\n<p class=\"paragraph textModule textModule--type-paragraph \" style=\"\">Les Br\u00e9siliennes ont offert une meilleure opposition en deuxi\u00e8me manche. Elles se sont cependant but\u00e9es \u00e0 une \u00e9quipe simplement mieux organis\u00e9e et plus d\u00e9termin\u00e9e.<\/p>\n<p class=\"epigraph textModule textModule--type-epigraph \" style=\"\">Sur les attaques, les blocs et les services, les m\u00e9daill\u00e9es d\u2019argent aux derniers Jeux olympiques n\u2019ont rien laiss\u00e9 \u00e0 leurs adversaires. Elles ont eu l\u2019avantage dans toutes les cat\u00e9gories statistiques.<\/p>\n<p class=\"paragraph textModule textModule--type-paragraph \" style=\"\">\u00ab\u00a0Nous avons fait de superbes r\u00e9cup\u00e9rations, on a bien frapp\u00e9 le ballon et on a touch\u00e9 nos cibles\u00a0\u00bb, a t\u00e9moign\u00e9 Wilkerson.<\/p>\n<p class=\"paragraph textModule textModule--type-paragraph \" style=\"\">Et si Wilkerson a brill\u00e9 pendant la phase de groupe, Humana-Paredes a pris toute la place dans ce match sans lendemain. Habituellement une r\u00e9f\u00e9rence en d\u00e9fense, l\u2019Ontarienne de 32\u00a0ans pointait au quatri\u00e8me rang pour les r\u00e9cup\u00e9rations depuis le d\u00e9but du tournoi. N\u00e9anmoins, c\u2019est en attaque qu\u2019elle s\u2019est illustr\u00e9e. Avec trois as et de nombreuses touches gagnantes au filet, Humana-Paredes a propuls\u00e9 son \u00e9quipe \u00e0 l\u2019\u00e9tape suivante.<\/p>\n<p class=\"paragraph textModule textModule--type-paragraph \" style=\"\">\u00ab\u00a0Absolument\u00a0\u00bb, a lanc\u00e9 sa partenaire lorsqu\u2019on a fait la remarque au duo.<\/p>\n<p class=\"paragraph textModule textModule--type-paragraph \" style=\"\">\u00ab\u00a0Mais non, c\u2019est Brandie qui bloque les attaques au filet\u00a0\u00bb, a toutefois r\u00e9pondu Humana-Paredes, visiblement peu habitu\u00e9e de recevoir des compliments pour son rendement dans cette phase du jeu.<\/p>\n<p>                                        <img decoding=\"async\" src=\"https:\/\/www.europesays.com\/fr\/wp-content\/uploads\/2025\/08\/0f333803902f31cfb734c008a4115617.jpg\" alt=\"\" class=\"photoModule__visual\" itemprop=\"contentUrl url\"\/><\/p>\n<p class=\"credit photoModule__caption photoModule__caption--credit\" style=\"\">\n                    PHOTO MARTIN CHAMBERLAND, ARCHIVES LA PRESSE\n                <\/p>\n<p class=\"description photoModule__caption photoModule__caption--description\" style=\"\">\n                    Melissa Humana-Paredes\n                <\/p>\n<p class=\"paragraph textModule textModule--type-paragraph \" style=\"\">Puis Wilkerson lui a fait entendre raison\u00a0: \u00ab\u00a0On parle de tes coups gagnants au filet, pas de tes blocs\u00a0! Je ne sais pas pourquoi elle ne comprend pas, elle \u00e9tait incroyable.\u00a0\u00bb<\/p>\n<p class=\"paragraph textModule textModule--type-paragraph \" style=\"\">Enfin, Humana-Paredes a sugg\u00e9r\u00e9 que sa performance \u00e9tait attribuable au placement de balle de sa partenaire. \u00ab\u00a0Brandie m\u2019a tellement bien assist\u00e9e, j\u2019avais de super bons angles d\u2019attaque et je pense que cette partie s\u2019est d\u00e9roul\u00e9e diff\u00e9remment. Je sentais mieux mes coups, je me sentais plus offensive et elles jouaient pour que j\u2019attaque, alors rapidement j\u2019ai d\u00fb m\u2019ajuster dans le match.\u00a0\u00bb<\/p>\n<p>                    Une semaine concluante<\/p>\n<p class=\"paragraph textModule textModule--type-paragraph \" style=\"\">Les Canadiennes affronteront les Br\u00e9siliennes Duda Lisboa et Ana Patricia Ramos en demi-finale, dimanche. Le m\u00eame duo qui les avait battues en finale des Jeux de Paris il y a un an.<\/p>\n<p>                                        <img decoding=\"async\" src=\"https:\/\/www.europesays.com\/fr\/wp-content\/uploads\/2025\/08\/e9ed59658f9d3317a8de5d1703fc5b18.jpg\" alt=\"\" class=\"photoModule__visual\" itemprop=\"contentUrl url\"\/><\/p>\n<p class=\"credit photoModule__caption photoModule__caption--credit\" style=\"\">\n                    PHOTO ADRIAN WYLD, ARCHIVES LA PRESSE CANADIENNE\n                <\/p>\n<p class=\"description photoModule__caption photoModule__caption--description\" style=\"\">\n                    Le 9 ao\u00fbt 2024, les Canadiennes ont perdu le match de la m\u00e9daille d\u2019or contre les Br\u00e9siliennes Lisboa et Ramos aux Jeux olympiques de Paris.\n                <\/p>\n<p class=\"paragraph textModule textModule--type-paragraph \" style=\"\">Peu importe le r\u00e9sultat de cette demi-finale, les Ontariennes sont assur\u00e9es d\u2019obtenir leur meilleur r\u00e9sultat de la saison. Elles ont pris le cinqui\u00e8me rang trois fois en 2025.<\/p>\n<p class=\"quoteText\" style=\"\">On s\u2019est abandonn\u00e9es ce soir et \u00e7a a fait du bien de jouer comme \u00e7a. On ne peut jamais baisser notre garde. M\u00eame si tu penses que c\u2019est dans la poche, tu dois toujours continuer \u00e0 pousser.<\/p>\n<p class=\"quoteSource\" style=\"\">\n            Melissa Humana-Paredes\n        <\/p>\n<p class=\"paragraph textModule textModule--type-paragraph \" style=\"\">Le duo revendique une fiche parfaite de quatre victoires en autant de matchs depuis le d\u00e9but du tournoi.<\/p>\n<p class=\"paragraph textModule textModule--type-paragraph \" style=\"\">Et comme c\u2019est le cas depuis jeudi, les deux joueuses commencent et terminent chacune de leurs entrevues en rappelant que les cris, les encouragements et les applaudissements importent plus qu\u2019il n\u2019y para\u00eet. \u00ab\u00a0C\u2019est la foule canadienne. On ne peut pas l\u2019ignorer. On ne joue pas seulement pour nous, mais pour tout le monde dans les gradins.\u00a0\u00bb<\/p>\n<p class=\"paragraph textModule textModule--type-paragraph \" style=\"\">Humana-Paredes a conclu l\u2019entrevue d\u2019apr\u00e8s-match en affirmant qu\u2019elles \u00ab\u00a0attendaient \u00e7a depuis le d\u00e9but de l\u2019ann\u00e9e\u00a0\u00bb. Cependant, on ne sait toujours pas si elle parlait de l\u2019occasion de se battre pour une m\u00e9daille ou de jouer devant parents, amis et compatriotes. Au fond, c\u2019est peut-\u00eatre un peu des deux.<\/p>\n","protected":false},"excerpt":{"rendered":"Lorsque les Canadiennes Melissa Humana-Paredes et Brandie Wilkerson ont \u00e9t\u00e9 pr\u00e9sent\u00e9es \u00e0 la foule montr\u00e9alaise avant leur match&hellip;\n","protected":false},"author":2,"featured_media":326173,"comment_status":"","ping_status":"","sticky":false,"template":"","format":"standard","meta":{"footnotes":""},"categories":[1417],"tags":[1011,27,60,1470,1469],"class_list":{"0":"post-326172","1":"post","2":"type-post","3":"status-publish","4":"format-standard","5":"has-post-thumbnail","7":"category-volley","8":"tag-fr","9":"tag-france","10":"tag-sports","11":"tag-volley","12":"tag-volleyball"},"share_on_mastodon":{"url":"https:\/\/pubeurope.com\/@fr\/115047664529541724","error":""},"_links":{"self":[{"href":"https:\/\/www.europesays.com\/fr\/wp-json\/wp\/v2\/posts\/326172","targetHints":{"allow":["GET"]}}],"collection":[{"href":"https:\/\/www.europesays.com\/fr\/wp-json\/wp\/v2\/posts"}],"about":[{"href":"https:\/\/www.europesays.com\/fr\/wp-json\/wp\/v2\/types\/post"}],"author":[{"embeddable":true,"href":"https:\/\/www.europesays.com\/fr\/wp-json\/wp\/v2\/users\/2"}],"replies":[{"embeddable":true,"href":"https:\/\/www.europesays.com\/fr\/wp-json\/wp\/v2\/comments?post=326172"}],"version-history":[{"count":0,"href":"https:\/\/www.europesays.com\/fr\/wp-json\/wp\/v2\/posts\/326172\/revisions"}],"wp:featuredmedia":[{"embeddable":true,"href":"https:\/\/www.europesays.com\/fr\/wp-json\/wp\/v2\/media\/326173"}],"wp:attachment":[{"href":"https:\/\/www.europesays.com\/fr\/wp-json\/wp\/v2\/media?parent=326172"}],"wp:term":[{"taxonomy":"category","embeddable":true,"href":"https:\/\/www.europesays.com\/fr\/wp-json\/wp\/v2\/categories?post=326172"},{"taxonomy":"post_tag","embeddable":true,"href":"https:\/\/www.europesays.com\/fr\/wp-json\/wp\/v2\/tags?post=326172"}],"curies":[{"name":"wp","href":"https:\/\/api.w.org\/{rel}","templated":true}]}}