{"id":326174,"date":"2025-08-18T03:33:15","date_gmt":"2025-08-18T03:33:15","guid":{"rendered":"https:\/\/www.europesays.com\/fr\/326174\/"},"modified":"2025-08-18T03:33:15","modified_gmt":"2025-08-18T03:33:15","slug":"transferts-exclu-midol-a-la-recherche-dun-joker-medical-le-stade-francais-lorgne-eddy-ben-arous","status":"publish","type":"post","link":"https:\/\/www.europesays.com\/fr\/326174\/","title":{"rendered":"Transferts. Exclu Midol. \u00c0 la recherche d&rsquo;un joker m\u00e9dical, le Stade fran\u00e7ais lorgne Eddy Ben Arous"},"content":{"rendered":"<p>\n                En qu\u00eate d\u2019un nouveau d\u00e9fi apr\u00e8s la fin de son aventure au Racing 92, Eddy Ben Arous pourrait bien rester \u00e0 Paris. Le Stade Fran\u00e7ais a entam\u00e9 des discussions pour enr\u00f4ler le pilier gauche en tant que joker m\u00e9dical.\n            <\/p>\n<p>Le pilier gauche Eddy Ben Arous (35 ans le 25 ao\u00fbt prochain), sans club depuis le 1er juillet apr\u00e8s la non-reconduction de son contrat par son club de toujours, le Racing 92, pourrait rebondir \u00e0 Paris.<\/p>\n<p>Son CV a circul\u00e9 dans de nombreux clubs de Top 14 et de Pro D2. Dans un premier temps, Ben Arous s\u2019\u00e9tait montr\u00e9 int\u00e9ress\u00e9 par un d\u00e9part aux \u00c9tats-Unis, o\u00f9 il avait nou\u00e9 des contacts avec la franchise des Nola Gold Rugby, bas\u00e9e \u00e0 La Nouvelle-Orl\u00e9ans et entra\u00een\u00e9e par Nicolas Godignon. L\u2019\u00e9quipe comptait l\u2019an pass\u00e9 dans ses rangs les Fran\u00e7ais Xavier Mignot et Kellian Galletier. Mais confront\u00e9e \u00e0 de graves difficult\u00e9s financi\u00e8res, la franchise a annonc\u00e9 la mise en \u00ab\u00a0stand by\u00a0\u00bb\u00a0de son \u00e9quipe professionnelle pour la saison 2026 et a stopp\u00e9 les discussions avec l\u2019entourage du pilier international (22 s\u00e9lections).<\/p>\n<p>Abramishvili touch\u00e9<\/p>\n<p>Du c\u00f4t\u00e9 du Stade Fran\u00e7ais, la blessure du pilier gauche g\u00e9orgien Sergo Abramashvili (21 ans), survenue en fin de saison derni\u00e8re et victime depuis de douleurs cervicales et indisponible pour plusieurs mois, probablement jusqu\u2019en novembre. L\u2019entra\u00eeneur principal des Parisiens, Paul Gustard, a alors \u00e9tudi\u00e9 plusieurs pistes pour recruter un joker m\u00e9dical. Le profil d\u2019Eddy Ben Arous lui pla\u00eet particuli\u00e8rement.<\/p>\n<p>Selon nos informations, Paris a pris contact avec le joueur ces derniers jours. Pour l\u2019instant, le Stade Fran\u00e7ais ne lui propose qu\u2019un contrat de joker m\u00e9dical, tandis que le joueur souhaiterait un engagement au moins pour l\u2019ensemble de la saison. Les deux parties doivent reprendre les discussions cette semaine afin de tenter de trouver un accord. \u00ab\u00a0Nous avons plusieurs options sur la table, mais son profil revanchard pla\u00eet au staff\u00a0\u00bb, nous a confi\u00e9 un dirigeant parisien. Le dossier devrait se d\u00e9canter dans les prochains jours.<\/p>\n","protected":false},"excerpt":{"rendered":"En qu\u00eate d\u2019un nouveau d\u00e9fi apr\u00e8s la fin de son aventure au Racing 92, Eddy Ben Arous pourrait&hellip;\n","protected":false},"author":2,"featured_media":326175,"comment_status":"","ping_status":"","sticky":false,"template":"","format":"standard","meta":{"footnotes":""},"categories":[1416],"tags":[1011,27,479,1468,60],"class_list":{"0":"post-326174","1":"post","2":"type-post","3":"status-publish","4":"format-standard","5":"has-post-thumbnail","7":"category-rugby","8":"tag-fr","9":"tag-france","10":"tag-rugby","11":"tag-rugby-football","12":"tag-sports"},"share_on_mastodon":{"url":"https:\/\/pubeurope.com\/@fr\/115047668329873872","error":""},"_links":{"self":[{"href":"https:\/\/www.europesays.com\/fr\/wp-json\/wp\/v2\/posts\/326174","targetHints":{"allow":["GET"]}}],"collection":[{"href":"https:\/\/www.europesays.com\/fr\/wp-json\/wp\/v2\/posts"}],"about":[{"href":"https:\/\/www.europesays.com\/fr\/wp-json\/wp\/v2\/types\/post"}],"author":[{"embeddable":true,"href":"https:\/\/www.europesays.com\/fr\/wp-json\/wp\/v2\/users\/2"}],"replies":[{"embeddable":true,"href":"https:\/\/www.europesays.com\/fr\/wp-json\/wp\/v2\/comments?post=326174"}],"version-history":[{"count":0,"href":"https:\/\/www.europesays.com\/fr\/wp-json\/wp\/v2\/posts\/326174\/revisions"}],"wp:featuredmedia":[{"embeddable":true,"href":"https:\/\/www.europesays.com\/fr\/wp-json\/wp\/v2\/media\/326175"}],"wp:attachment":[{"href":"https:\/\/www.europesays.com\/fr\/wp-json\/wp\/v2\/media?parent=326174"}],"wp:term":[{"taxonomy":"category","embeddable":true,"href":"https:\/\/www.europesays.com\/fr\/wp-json\/wp\/v2\/categories?post=326174"},{"taxonomy":"post_tag","embeddable":true,"href":"https:\/\/www.europesays.com\/fr\/wp-json\/wp\/v2\/tags?post=326174"}],"curies":[{"name":"wp","href":"https:\/\/api.w.org\/{rel}","templated":true}]}}