{"id":326182,"date":"2025-08-18T03:38:11","date_gmt":"2025-08-18T03:38:11","guid":{"rendered":"https:\/\/www.europesays.com\/fr\/326182\/"},"modified":"2025-08-18T03:38:11","modified_gmt":"2025-08-18T03:38:11","slug":"cousin-de-lenny-martinez-axel-habert-simpose-en-costaud-sur-la-ronde-finisterienne-a-huelgoat","status":"publish","type":"post","link":"https:\/\/www.europesays.com\/fr\/326182\/","title":{"rendered":"Cousin de Lenny Martinez, Axel Habert s\u2019impose en costaud sur la Ronde Finist\u00e9rienne \u00e0 Huelgoat"},"content":{"rendered":"<p>Le plus fort du jour s\u2019est impos\u00e9 au sommet de la c\u00f4te de Huelgoat. Parti d\u2019abord en solitaire pendant 35 km avant d\u2019\u00eatre rejoint, Axel Habert est ensuite ressorti \u00e0 8 km de l\u2019arriv\u00e9e pour rejoindre Rapha\u00ebl Glot (ES Torigni) qui, pour sa part, s\u2019en allait en solitaire chercher le maillot jaune de <a href=\"https:\/\/www.letelegramme.fr\/sports\/cyclisme\/ronde-finisterienne-vers-une-belle-finale-a-huelgoat-et-une-victoire-de-theo-le-roux-6871988.php\" rel=\"nofollow noopener\" target=\"_blank\">la Ronde Finist\u00e9rienne<\/a> apr\u00e8s avoir pi\u00e9g\u00e9 le leader Th\u00e9o Le Roux (Team Adris). \u00ab\u00a0On a bien roul\u00e9 \u00e0 deux, on se conna\u00eet et on savait qu\u2019ensemble on pouvait aller au bout\u00a0\u00bb, commentait Glot, bien content de trouver un solide rouleur pour l\u2019aider \u00e0 remporter la Ronde. Habert se montrait ensuite le plus fort au sommet du raidar d\u2019arriv\u00e9e pour s\u2019imposer.<\/p>\n<p>Une famille de cyclistes<\/p>\n<p>Axel Habert, lui, \u00e9tait enchant\u00e9 de gagner en Bretagne. \u00ab\u00a0Je suis en vacances \u00e0 Clohars-Carno\u00ebt chez mes amis les fr\u00e8res Horny. Dans ma famille, ils vont \u00eatre contents\u00a0\u00bb, souriait le coureur de Nevers, qui n\u2019est autre que le fils de Marina Martinez, soeur des anciens pros Miguel et Yannick. \u00ab\u00a0C\u2019est s\u00fbr, on forme une famille de cyclistes avec mon grand-p\u00e8re Mariano et <a href=\"https:\/\/www.letelegramme.fr\/partenaires\/sports\/cyclisme\/coureur\/157681\/lenny-martinez\" rel=\"nofollow noopener\" target=\"_blank\">mon cousin Lenny<\/a>. J\u2019ai commenc\u00e9 \u00e0 12 ans avec les conseils de mon oncle Yannick, qui court d\u2019ailleurs dans mon club de Nationale 2.\u00a0\u00bb<\/p>\n<p>Axel Habert se dit moins bon grimpeur que son grand-p\u00e8re ou son cousin. \u00ab\u00a0Je suis plus rouleur m\u00eame si j\u2019ai fait cette ann\u00e9e 4e du Tour du Beaujolais. J\u2019ai aussi gagn\u00e9 une \u00e9tape au Circuit de Sa\u00f4ne-et-Loire\u00a0\u00bb, d\u00e9taille le coureur de 27 ans qui s\u2019\u00e9panouit entre sa passion du v\u00e9lo et sa vie professionnelle. \u00ab\u00a0Je travaille en chef de projet informatique pour la SNCF\u00a0\u00bb, ajoute celui qui sera \u00e9galement, ce lundi sur la course \u00e9lites du Pertre.<\/p>\n<p class=\"titre-tech\">La fiche technique<\/p>\n<p class=\"tech\"><strong class=\"tech\">Huelgoat (Elite-Open). <\/strong>1. Axel Habert (Team Atria Expert Montlu\u00e7on)\u00a0; 2. R. Glot (ES Torigni)\u00a0; 3. J. Le Her (Sportbreizh)\u00a0; 4. L. Cogen (TC Granit Rose)\u00a0; 5. S. Horny (CR4C Roanne)\u00a0; 6. E. Gouzouguen (Morlaix CP)\u00a0; 7. E. Kerjean (MCP)\u00a0; 8. A. Laurent (TP Briec)\u00a0; 9. A. Malgorn (MCP)\u00a0; 10. M. Rio (TPB)\u00a0; 11. N. David (CC Ergu\u00e9-Gab\u00e9ric)\u00a0; 12. M. Bourhis (TPB)\u00a0; 13. G. Costiou (TPB)\u00a0; 14. C. Patoux (EST)\u00a0; 15. T. Klewais (La Roche-sur-Yon VC).<\/p>\n<p class=\"tech\"><strong class=\"tech\">Ronde Finist\u00e9rienne (classement final). <\/strong>1. Rapha\u00ebl Glot (ES Torigni) 293 points\u00a0; 2. A. Laurent (Team pays de Briec) 252 points\u00a0; 3. T. Le Roux (Team Adris &#8211; La Cr\u00eape de Broc\u00e9liande) 251 ponts\u00a0; 4. M. Rio (TP Briec)\u00a0; 5. H. Tanguy (Plouay CC).<\/p>\n","protected":false},"excerpt":{"rendered":"Le plus fort du jour s\u2019est impos\u00e9 au sommet de la c\u00f4te de Huelgoat. Parti d\u2019abord en solitaire&hellip;\n","protected":false},"author":2,"featured_media":326183,"comment_status":"","ping_status":"","sticky":false,"template":"","format":"standard","meta":{"footnotes":""},"categories":[1411],"tags":[1154,207,1011,27,60],"class_list":{"0":"post-326182","1":"post","2":"type-post","3":"status-publish","4":"format-standard","5":"has-post-thumbnail","7":"category-cyclisme","8":"tag-cycling","9":"tag-cyclisme","10":"tag-fr","11":"tag-france","12":"tag-sports"},"share_on_mastodon":{"url":"https:\/\/pubeurope.com\/@fr\/115047688083639142","error":""},"_links":{"self":[{"href":"https:\/\/www.europesays.com\/fr\/wp-json\/wp\/v2\/posts\/326182","targetHints":{"allow":["GET"]}}],"collection":[{"href":"https:\/\/www.europesays.com\/fr\/wp-json\/wp\/v2\/posts"}],"about":[{"href":"https:\/\/www.europesays.com\/fr\/wp-json\/wp\/v2\/types\/post"}],"author":[{"embeddable":true,"href":"https:\/\/www.europesays.com\/fr\/wp-json\/wp\/v2\/users\/2"}],"replies":[{"embeddable":true,"href":"https:\/\/www.europesays.com\/fr\/wp-json\/wp\/v2\/comments?post=326182"}],"version-history":[{"count":0,"href":"https:\/\/www.europesays.com\/fr\/wp-json\/wp\/v2\/posts\/326182\/revisions"}],"wp:featuredmedia":[{"embeddable":true,"href":"https:\/\/www.europesays.com\/fr\/wp-json\/wp\/v2\/media\/326183"}],"wp:attachment":[{"href":"https:\/\/www.europesays.com\/fr\/wp-json\/wp\/v2\/media?parent=326182"}],"wp:term":[{"taxonomy":"category","embeddable":true,"href":"https:\/\/www.europesays.com\/fr\/wp-json\/wp\/v2\/categories?post=326182"},{"taxonomy":"post_tag","embeddable":true,"href":"https:\/\/www.europesays.com\/fr\/wp-json\/wp\/v2\/tags?post=326182"}],"curies":[{"name":"wp","href":"https:\/\/api.w.org\/{rel}","templated":true}]}}