{"id":326184,"date":"2025-08-18T03:39:10","date_gmt":"2025-08-18T03:39:10","guid":{"rendered":"https:\/\/www.europesays.com\/fr\/326184\/"},"modified":"2025-08-18T03:39:10","modified_gmt":"2025-08-18T03:39:10","slug":"lequipe-type-de-l1-1ere-journee-maxifoot","status":"publish","type":"post","link":"https:\/\/www.europesays.com\/fr\/326184\/","title":{"rendered":"L&#039;\u00e9quipe type de L1 &#8211; 1\u00e8re journ\u00e9e &#8211; Maxifoot"},"content":{"rendered":"<ol>\n<li><a href=\"https:\/\/news.google.com\/rss\/articles\/CBMiXEFVX3lxTE9QNS1pdFhtOFhTTnU0Z0hEZHRrbnJWSFNhOUxSNlRpbEpWNzJydWRZNmFzbWxWcFJmbUI0UE04bEMwX2lXWExKckFxU2QzZHVyUmNvMHUzbGM3a0dK?oc=5\" target=\"_blank\" rel=\"nofollow noopener\">L&rsquo;\u00e9quipe type de L1 &#8211; 1\u00e8re journ\u00e9e<\/a>&nbsp;&nbsp;Maxifoot<\/li>\n<li><a href=\"https:\/\/news.google.com\/rss\/articles\/CBMiZ0FVX3lxTE9GTnhmUmhoQ3BHTWQ2dGlEcE5kZkI0c3RGbjN4Mkx2cmVKc0plOGFKTGlZakwzc2plSUloTk9aWjdWWVZEVWlOYVVBZEhQa2x4Ml9PdWtaZDN2SzVBSEl5QTJ6OThiaDDSAWdBVV95cUxPRk54ZlJoaENwR01kNnRpRHBOZGZCNHN0Rm4zeDJMdnJlSnNKZThhSkxpWWpMM3NqZUlJaE5PWlo3VllWRFVpTmFVQWRIUGtseDJfT3VrWmQzdks1QUhJeUEyejk4Ymgw?oc=5\" target=\"_blank\" rel=\"nofollow noopener\">Sinayoko ouvre le bal pour Auxerre !<\/a>&nbsp;&nbsp;Mali Actu<\/li>\n<li><a href=\"https:\/\/news.google.com\/rss\/articles\/CBMitgFBVV95cUxOd3dVOEltR2tYUlFyVVRQWG4wUHpWSmduUXp2cmRYT1RoRGNPMGdMLTEwSXhheWc3QXZSb3RoeGFJbWg3OVRtT3BZdV9oSFVmRVNJZFV6TjFDbDk1YXlCajdOaGZvUzdmQzRncEVTRHl5VEFybDRsZG9aeXp5bHhJQTV3UU9Na1MzYTBSS0I0WnpxR2VWZks4eEd3cHhWUUNZODNwV3lyV1ZmVE5Odk1iWTRzakltZw?oc=5\" target=\"_blank\" rel=\"nofollow noopener\">Ligue1 : Premi\u00e8re journ\u00e9e r\u00e9ussie pour Kamory Doumbia et Lassine Sinayoko<\/a>&nbsp;&nbsp;Africa Top Sports<\/li>\n<li><a href=\"https:\/\/news.google.com\/rss\/articles\/CBMipgJBVV95cUxPYUxoUnQtWWVERGRMX3phOGpiNFNMWW9xblVCX0lSelAyYldSVVZacDM4RVNOX29ObktpOXphU244V0Q5ZmlmdU1fQ3JNSXpiUlZZT1IzY1pGV3pMMjBMNzBZZFQ3b1VMcmRlcWRpdDFiSS1oSjVqd0pFZS1yLU54RXlIODR2UnFQNzBZcDA4ZFBodk9lYnBWanFIWFYzcl9zX3psTlZ1eGk5VkI2S2NkZkRtbkVLblFEXzlpQXFPZFptSHYtSktxUl95ZEF3blg5TlJ6WW5meVduN3dEZHJWVmlTWnNJQ2N0T25pTkJ6MWR1TkZTODI5X0pnX2d3T3Ztb05GYlJUWXJIZmp6eUIycDFmUExKOGRxZjY5TVVWYjdGSlJraXc?oc=5\" target=\"_blank\" rel=\"nofollow noopener\">AJA : d\u00e9sormais membre du conseil des sages, Sinayoko veut continuer \u00e0 \u00ab\u00a0prendre du plaisir\u00a0\u00bb \u00e0 Auxerre avec le num\u00e9ro 10<\/a>&nbsp;&nbsp;francebleu.fr<\/li>\n<li><a href=\"https:\/\/news.google.com\/rss\/articles\/CBMif0FVX3lxTE5wcjg0ZUJKX2VKaVBadzVMdWQ4a0RPYXhGeTc1dHpXNUhCRlB1NGRET3p5YVZHX3FTMU0tcUI0Z3NqUkN1VFlYQW93NnNlY0N1eUhabGM1QWtSaW1MRDlXS2RnZ00yQ3dJamh6T0RVMU9EZkFrLXEzWW00a3A0bGfSAX5BVV95cUxQbU5DdXZaUnNpUmRMYmhzMl8tdFBUaF9LQjl6RTdIUzJ6LXdubEpaRHV4SlMwMTdZaWlfSHVyRDNfQWJ1ZHVXZFBnSzZBS1Y0ZE9XLVRQN3JlODRFRjhOWVRfVGJtYVdMdXJ6V2o0QTViT0FrTlpJWkliZDFEamc?oc=5\" target=\"_blank\" rel=\"nofollow noopener\">L1 : le classement des buteurs<\/a>&nbsp;&nbsp;Maxifoot<\/li>\n<\/ol>\n","protected":false},"excerpt":{"rendered":"L&rsquo;\u00e9quipe type de L1 &#8211; 1\u00e8re journ\u00e9e&nbsp;&nbsp;Maxifoot Sinayoko ouvre le bal pour Auxerre !&nbsp;&nbsp;Mali Actu Ligue1 : Premi\u00e8re&hellip;\n","protected":false},"author":2,"featured_media":326185,"comment_status":"","ping_status":"","sticky":false,"template":"","format":"standard","meta":{"footnotes":""},"categories":[1410],"tags":[63,1011,27,60],"class_list":{"0":"post-326184","1":"post","2":"type-post","3":"status-publish","4":"format-standard","5":"has-post-thumbnail","7":"category-football","8":"tag-football","9":"tag-fr","10":"tag-france","11":"tag-sports"},"share_on_mastodon":{"url":"https:\/\/pubeurope.com\/@fr\/115047692137214410","error":""},"_links":{"self":[{"href":"https:\/\/www.europesays.com\/fr\/wp-json\/wp\/v2\/posts\/326184","targetHints":{"allow":["GET"]}}],"collection":[{"href":"https:\/\/www.europesays.com\/fr\/wp-json\/wp\/v2\/posts"}],"about":[{"href":"https:\/\/www.europesays.com\/fr\/wp-json\/wp\/v2\/types\/post"}],"author":[{"embeddable":true,"href":"https:\/\/www.europesays.com\/fr\/wp-json\/wp\/v2\/users\/2"}],"replies":[{"embeddable":true,"href":"https:\/\/www.europesays.com\/fr\/wp-json\/wp\/v2\/comments?post=326184"}],"version-history":[{"count":0,"href":"https:\/\/www.europesays.com\/fr\/wp-json\/wp\/v2\/posts\/326184\/revisions"}],"wp:featuredmedia":[{"embeddable":true,"href":"https:\/\/www.europesays.com\/fr\/wp-json\/wp\/v2\/media\/326185"}],"wp:attachment":[{"href":"https:\/\/www.europesays.com\/fr\/wp-json\/wp\/v2\/media?parent=326184"}],"wp:term":[{"taxonomy":"category","embeddable":true,"href":"https:\/\/www.europesays.com\/fr\/wp-json\/wp\/v2\/categories?post=326184"},{"taxonomy":"post_tag","embeddable":true,"href":"https:\/\/www.europesays.com\/fr\/wp-json\/wp\/v2\/tags?post=326184"}],"curies":[{"name":"wp","href":"https:\/\/api.w.org\/{rel}","templated":true}]}}