{"id":326186,"date":"2025-08-18T03:40:12","date_gmt":"2025-08-18T03:40:12","guid":{"rendered":"https:\/\/www.europesays.com\/fr\/326186\/"},"modified":"2025-08-18T03:40:12","modified_gmt":"2025-08-18T03:40:12","slug":"laetitia-milot-ce-defaut-qui-lui-vaut-de-faire-des-etincelles-avec-badri-son-mari","status":"publish","type":"post","link":"https:\/\/www.europesays.com\/fr\/326186\/","title":{"rendered":"Laetitia Milot : ce d\u00e9faut qui lui vaut de faire des \u00ab\u00a0\u00e9tincelles\u00a0\u00bb avec Badri, son mari"},"content":{"rendered":"<p data-start=\"151\" data-end=\"759\"><a href=\"https:\/\/www.closermag.fr\/people\/pas-honte-de-le-dire-laetitia-milot-transformee-par-la-grossesse-elle-a-pris-beaucoup-de-poids-3571062\" rel=\"nofollow noopener\" target=\"_blank\"><br \/>\nLaetitia Milot<\/a>, r\u00e9v\u00e9l\u00e9e au grand public gr\u00e2ce \u00e0 son r\u00f4le de<br \/>\n<strong>M\u00e9lanie Rinato<\/strong> dans <a href=\"https:\/\/www.closermag.fr\/tv_tele_realite\/plus-belle-la-vie-une-celebre-actrice-de-la-serie-va-se-marier-3551079\" rel=\"nofollow noopener\" target=\"_blank\"><br \/>\nPlus belle la vie<\/a>,<br \/>\ncontinue de <strong>s\u00e9duire<\/strong> les t\u00e9l\u00e9spectateurs. Apr\u00e8s la<br \/>\nfin du feuilleton culte de France 3, la com\u00e9dienne a fait son<br \/>\n<strong>retour remarqu\u00e9<\/strong> dans <a href=\"https:\/\/www.closermag.fr\/people\/pas-la-peine-helena-noguerra-prend-la-mouche-apres-une-question-hors-sujet-sur-fabien-galthie-pas-la-peine-helena-noguerra-prend-la-mouche-apres-une-questio-3569064\" rel=\"nofollow noopener\" target=\"_blank\"><br \/>\nNouveau jour<\/a> sur M6.<br \/>\nUn come-back qui suscite beaucoup <strong>d\u2019enthousiasme<\/strong>.<br \/>\nMais loin de se limiter \u00e0 sa carri\u00e8re d\u2019actrice, elle s\u2019investit<br \/>\n\u00e9galement dans des <strong>causes<\/strong> qui lui tiennent \u00e0 c\u0153ur.<br \/>\nSes combats ? La <strong>lutte contre l\u2019endom\u00e9triose<\/strong> et<br \/>\nles <strong>actions humanitaires<\/strong> en tant qu\u2019ambassadrice<br \/>\nde <strong>l\u2019UNICEF<\/strong>.<\/p>\n<p data-start=\"761\" data-end=\"1259\">Dans une r\u00e9cente interview<br \/>\naccord\u00e9e \u00e0 <a href=\"https:\/\/www.programme-tv.net\/news\/series-tv\/385191-avec-mon-mari-et-mes-proches-ca-fait-des-etincelles-laetitia-milot-devoile-son-plus-gros-defaut\/\" rel=\"nofollow noopener\" target=\"_blank\"><br \/>\nT\u00e9l\u00e9-Loisirs<\/a>,<br \/>\nl\u2019actrice a accept\u00e9 de lever le voile sur son quotidien. \u00c0 travers<br \/>\nce portrait intime, Laetitia Milot a notamment r\u00e9v\u00e9l\u00e9 le<br \/>\n<strong>d\u00e9faut<\/strong> qui, selon elle, rend parfois la<br \/>\n<strong>vie de couple plus anim\u00e9e<\/strong> qu\u2019elle ne le<br \/>\nvoudrait.<\/p>\n<p>\u00ab\u00a0Je suis une\u2026\u00a0\u00bb :<br \/>\nLaetitia Milot a un d\u00e9faut qui fait des \u00e9tincelles avec son mari<br \/>\nBadri<\/p>\n<p data-start=\"1306\" data-end=\"1820\">Interrog\u00e9e sur son plus gros<br \/>\n<strong>d\u00e9faut<\/strong>, <a href=\"https:\/\/www.closermag.fr\/people\/pas-honte-de-le-dire-laetitia-milot-transformee-par-la-grossesse-elle-a-pris-beaucoup-de-poids-3571062\" rel=\"nofollow noopener\" target=\"_blank\"><br \/>\nl\u2019actrice Laetitia Milot<\/a> n\u2019a pas h\u00e9sit\u00e9 une seconde. Elle se<br \/>\nd\u00e9crit comme une v\u00e9ritable \u00ab\u00a0<strong>t\u00eate de<br \/>\nmule<\/strong>\u00ab\u00a0. Une <strong>franchise<\/strong> qui lui<br \/>\nressemble et qui fait sourire ses proches. Mais ce trait de<br \/>\ncaract\u00e8re ne manque pas de cr\u00e9er des <strong>frictions<\/strong><br \/>\navec son mari, <strong>Badri<\/strong>, et leur entourage.<br \/>\n\u00ab\u00a0<strong>Avec mon mari et mes proches, \u00e7a fait des<br \/>\n\u00e9tincelles<\/strong>.\u00a0\u00bb a-t-elle reconnu en riant. Un aveu qui<br \/>\nmontre que, derri\u00e8re son image douce et solaire, se cache aussi une<br \/>\n<strong>femme de caract\u00e8re<\/strong> qui sait ce qu\u2019elle veut.<\/p>\n<p data-start=\"1719\" data-end=\"2108\">Mais malgr\u00e9 ces moments de<br \/>\n<strong>tension<\/strong>, l\u2019amour qu\u2019elle porte \u00e0 son <a href=\"https:\/\/www.closermag.fr\/people\/laetitia-milot-ses-confidences-sur-sa-vie-de-couple-avec-son-mari-badri-1309695#item=1\" rel=\"nofollow noopener\" target=\"_blank\"><br \/>\nmari Badri<\/a> est <strong>ind\u00e9fectible<\/strong>. Avec leur<br \/>\n<a href=\"https:\/\/www.closermag.fr\/people\/laetitia-milot-pourquoi-sa-fille-lyana-a-ete-un-bebe-miracle-1113644#item=1\" rel=\"nofollow noopener\" target=\"_blank\"><br \/>\nfille Lyana<\/a>, ils forment un trio uni, o\u00f9 les<br \/>\n<strong>d\u00e9saccords<\/strong> finissent toujours par laisser place \u00e0<br \/>\nla <strong>complicit\u00e9<\/strong>.<\/p>\n<p>Une<br \/>\nactrice sinc\u00e8re et passionn\u00e9e : elle rend hommage \u00e0 un acteur<\/p>\n<p data-start=\"1940\" data-end=\"2348\">La com\u00e9dienne Laetitia<br \/>\nMilot\u00a0ne cache pas sa <strong>fiert\u00e9<\/strong> d\u2019avoir partag\u00e9<br \/>\nla sc\u00e8ne avec <a href=\"https:\/\/www.closermag.fr\/people\/michel-galabru-ce-terrible-drame-personnel-dont-il-ne-s-est-jamais-remis-un-an-a-1108210#item=1\" rel=\"nofollow noopener\" target=\"_blank\"><br \/>\nMichel Galabru<\/a>. \u201cOn s\u2019est <strong>rencontr\u00e9s en<br \/>\n2011<\/strong> quand on jouait dans La femme du boulanger. Ce fut un<br \/>\n<strong>super moment<\/strong>. M\u00eame s\u2019il nous a<br \/>\n<strong>quitt\u00e9s<\/strong>, je pense que je <strong>n\u2019effacerai<br \/>\njamais son num\u00e9ro<\/strong><strong>.\u2019\u2019<\/strong><\/p>\n<p data-start=\"2350\" data-end=\"2760\">Sur une note plus positive,<br \/>\nLaetitia Milot souligne aussi ses succ\u00e8s professionnels. \u201cMa<br \/>\nplus grande <strong>fiert\u00e9 professionnelle<\/strong> ? Avoir<br \/>\n<strong>ex\u00e9cut\u00e9 moi-m\u00eame les sc\u00e8nes d\u2019\u00e9quitation<\/strong> dans<br \/>\nl\u2019adaptation de mon roman Li\u00e9s pour la vie. Je m\u2019\u00e9tais tellement<br \/>\n<strong>attach\u00e9e \u00e0 mon cheval que j\u2019ai fini par refuser la<br \/>\ndoublure.<\/strong><strong>\u2019\u2019<\/strong><\/p>\n","protected":false},"excerpt":{"rendered":"Laetitia Milot, r\u00e9v\u00e9l\u00e9e au grand public gr\u00e2ce \u00e0 son r\u00f4le de M\u00e9lanie Rinato dans Plus belle la vie,&hellip;\n","protected":false},"author":2,"featured_media":326187,"comment_status":"","ping_status":"","sticky":false,"template":"","format":"standard","meta":{"footnotes":""},"categories":[1359],"tags":[548,58,59,1011,27,10839,973],"class_list":{"0":"post-326186","1":"post","2":"type-post","3":"status-publish","4":"format-standard","5":"has-post-thumbnail","7":"category-people","8":"tag-article-simple","9":"tag-divertissement","10":"tag-entertainment","11":"tag-fr","12":"tag-france","13":"tag-laetitia-milot","14":"tag-people"},"share_on_mastodon":{"url":"https:\/\/pubeurope.com\/@fr\/115047695874469107","error":""},"_links":{"self":[{"href":"https:\/\/www.europesays.com\/fr\/wp-json\/wp\/v2\/posts\/326186","targetHints":{"allow":["GET"]}}],"collection":[{"href":"https:\/\/www.europesays.com\/fr\/wp-json\/wp\/v2\/posts"}],"about":[{"href":"https:\/\/www.europesays.com\/fr\/wp-json\/wp\/v2\/types\/post"}],"author":[{"embeddable":true,"href":"https:\/\/www.europesays.com\/fr\/wp-json\/wp\/v2\/users\/2"}],"replies":[{"embeddable":true,"href":"https:\/\/www.europesays.com\/fr\/wp-json\/wp\/v2\/comments?post=326186"}],"version-history":[{"count":0,"href":"https:\/\/www.europesays.com\/fr\/wp-json\/wp\/v2\/posts\/326186\/revisions"}],"wp:featuredmedia":[{"embeddable":true,"href":"https:\/\/www.europesays.com\/fr\/wp-json\/wp\/v2\/media\/326187"}],"wp:attachment":[{"href":"https:\/\/www.europesays.com\/fr\/wp-json\/wp\/v2\/media?parent=326186"}],"wp:term":[{"taxonomy":"category","embeddable":true,"href":"https:\/\/www.europesays.com\/fr\/wp-json\/wp\/v2\/categories?post=326186"},{"taxonomy":"post_tag","embeddable":true,"href":"https:\/\/www.europesays.com\/fr\/wp-json\/wp\/v2\/tags?post=326186"}],"curies":[{"name":"wp","href":"https:\/\/api.w.org\/{rel}","templated":true}]}}