{"id":326188,"date":"2025-08-18T03:41:17","date_gmt":"2025-08-18T03:41:17","guid":{"rendered":"https:\/\/www.europesays.com\/fr\/326188\/"},"modified":"2025-08-18T03:41:17","modified_gmt":"2025-08-18T03:41:17","slug":"jean-et-divy-floch-pere-et-fils-exposent-leurs-oeuvres-a-lauberge-de-jeunesse-de-brest","status":"publish","type":"post","link":"https:\/\/www.europesays.com\/fr\/326188\/","title":{"rendered":"Jean et Divy Floch, p\u00e8re et fils, exposent leurs \u0153uvres \u00e0 l\u2019auberge de jeunesse de Brest"},"content":{"rendered":"<p>Une exposition peu commune se tient \u00e0 l\u2019auberge de jeunesse de Brest, jusqu\u2019au 31\u00a0ao\u00fbt 2025\u00a0: Jean Floch et son fils Divy ont d\u00e9cid\u00e9 d\u2019exposer leurs \u0153uvres en un m\u00eame lieu. <\/p>\n<p>Jean explique : \u00ab\u00a0Je peins depuis mon plus jeune \u00e2ge, et cela a toujours fait partie int\u00e9grante de ma vie. Mes tableaux racontent des expressions corporelles, mais aussi des sc\u00e8nes de vie, de l\u2019architecture ou des sc\u00e8nes maritimes\u00a0\u00bb. Pour peindre de grands immeubles pench\u00e9s, il s\u2019inspire du peintre am\u00e9ricain Tom Christopher. \u00ab\u00a0J\u2019utilise de la peinture acrylique et de l\u2019encre de Chine\u00a0\u00bb, indique-t-il. Ses tableaux expos\u00e9s raconte la vie et ses bouleversements mondiaux. Divy le rejoint sur ce dernier point\u00a0: \u00ab\u00a0J\u2019ai toujours appr\u00e9ci\u00e9 la peinture en suivant les pas de mon p\u00e8re. Dans mes \u0153uvres, je repr\u00e9sente r\u00e9guli\u00e8rement les activit\u00e9s humaines d\u00e9vastatrices pour la nature (pollution, guerre\u2026) et les animaux en danger. J\u2019utilise \u00e9galement, comme mon p\u00e8re, l\u2019acrylique, les encres de Chine et les feutres\u00a0\u00bb.<\/p>\n<p>Cette exposition est tr\u00e8s singuli\u00e8re dans le sens o\u00f9 p\u00e8re et fils exposent en un m\u00eame lieu, mais les th\u00e8mes et tableaux, sans \u00eatre semblables, s\u2019imbriquent les uns dans les autres comme un puzzle g\u00e9ant de la vie.<\/p>\n<p><b>Pratique<\/b><\/p>\n<p class=\"note\">Exposition visible tous les jours jusqu\u2019au 31 ao\u00fbt 2025, \u00e0 l\u2019auberge de jeunesse de Brest &#8211; Ostal Brest, 5,\u00a0rue de Kerbriant.<\/p>\n","protected":false},"excerpt":{"rendered":"Une exposition peu commune se tient \u00e0 l\u2019auberge de jeunesse de Brest, jusqu\u2019au 31\u00a0ao\u00fbt 2025\u00a0: Jean Floch et&hellip;\n","protected":false},"author":2,"featured_media":326189,"comment_status":"","ping_status":"","sticky":false,"template":"","format":"standard","meta":{"footnotes":""},"categories":[1358],"tags":[3734,8913,1348,1384,1385,3450,46309,251,1386,58,59,3293,1011,27,1585],"class_list":{"0":"post-326188","1":"post","2":"type-post","3":"status-publish","4":"format-standard","5":"has-post-thumbnail","7":"category-arts-et-design","8":"tag-art","9":"tag-art-plastique","10":"tag-arts","11":"tag-arts-and-design","12":"tag-arts-et-design","13":"tag-brest","14":"tag-brest-saint-marc","15":"tag-culture","16":"tag-design","17":"tag-divertissement","18":"tag-entertainment","19":"tag-exposition","20":"tag-fr","21":"tag-france","22":"tag-peinture"},"share_on_mastodon":{"url":"https:\/\/pubeurope.com\/@fr\/115047699829645110","error":""},"_links":{"self":[{"href":"https:\/\/www.europesays.com\/fr\/wp-json\/wp\/v2\/posts\/326188","targetHints":{"allow":["GET"]}}],"collection":[{"href":"https:\/\/www.europesays.com\/fr\/wp-json\/wp\/v2\/posts"}],"about":[{"href":"https:\/\/www.europesays.com\/fr\/wp-json\/wp\/v2\/types\/post"}],"author":[{"embeddable":true,"href":"https:\/\/www.europesays.com\/fr\/wp-json\/wp\/v2\/users\/2"}],"replies":[{"embeddable":true,"href":"https:\/\/www.europesays.com\/fr\/wp-json\/wp\/v2\/comments?post=326188"}],"version-history":[{"count":0,"href":"https:\/\/www.europesays.com\/fr\/wp-json\/wp\/v2\/posts\/326188\/revisions"}],"wp:featuredmedia":[{"embeddable":true,"href":"https:\/\/www.europesays.com\/fr\/wp-json\/wp\/v2\/media\/326189"}],"wp:attachment":[{"href":"https:\/\/www.europesays.com\/fr\/wp-json\/wp\/v2\/media?parent=326188"}],"wp:term":[{"taxonomy":"category","embeddable":true,"href":"https:\/\/www.europesays.com\/fr\/wp-json\/wp\/v2\/categories?post=326188"},{"taxonomy":"post_tag","embeddable":true,"href":"https:\/\/www.europesays.com\/fr\/wp-json\/wp\/v2\/tags?post=326188"}],"curies":[{"name":"wp","href":"https:\/\/api.w.org\/{rel}","templated":true}]}}