{"id":326190,"date":"2025-08-18T03:42:10","date_gmt":"2025-08-18T03:42:10","guid":{"rendered":"https:\/\/www.europesays.com\/fr\/326190\/"},"modified":"2025-08-18T03:42:10","modified_gmt":"2025-08-18T03:42:10","slug":"castres-le-marche-aux-livres-se-prepare-pour-septembre","status":"publish","type":"post","link":"https:\/\/www.europesays.com\/fr\/326190\/","title":{"rendered":"Castres. Le march\u00e9 aux livres se pr\u00e9pare pour septembre"},"content":{"rendered":"<p>\n                                                                    l&rsquo;essentiel<br \/>\n                                                                La deuxi\u00e8me \u00e9dition se tiendra le samedi 13, toujours rue Beaujeu, de 10h \u00e0 18h.\n                            <\/p>\n<p>Le samedi 13 septembre, la rue Beaujeu accueillera la deuxi\u00e8me \u00e9dition du March\u00e9 aux livres. L\u2019\u00e9v\u00e9nement se tiendra de 10 h \u00e0 18 h, en continu, et r\u00e9unira libraires, bouquinistes, auteurs, associations et professionnels du livre.<\/p>\n<p>Les visiteurs pourront d\u00e9couvrir des stands de librairies ind\u00e9pendantes, des ventes de livres et d\u2019objets anciens, ainsi qu\u2019un atelier de calligraphie. Parmi les structures pr\u00e9sentes : Le Caf\u00e9 Pl\u00f9m, la librairie Coulier, Lire \u00e0 l\u2019occasion, la librairie For\u00eat d\u2019encre, L\u2019OctoBulle, l\u2019Espace culturel Leclerc, l\u2019association Les Forges de Krom, l\u2019association L\u2019Encrier renvers\u00e9, l\u2019association Baraque 21, l\u2019association Les Encr\u00e9s Tarnais, le Salon du livre de Castres, l\u2019Association Jock\u2019R, Au vieux comptoir, ainsi que la brocante itin\u00e9rante Roland Van de Vyver, Christian Bretons calligraphe et Christine Carneau.<\/p>\n<p>Stands, visites d\u00e9cal\u00e9es et conf\u00e9rences<\/p>\n<p>Trois visites guid\u00e9es et d\u00e9cal\u00e9es de la ville seront propos\u00e9es, au d\u00e9part de la rue Beaujeu, \u00e0 11 h, 14 h et 16 h 30. Les participants suivront tour \u00e0 tour trois guides aux personnalit\u00e9s diff\u00e9rentes : \u00ab\u00a0l\u2019insolite\u00a0\u00bb, \u00ab\u00a0l\u2019artistique\u00a0\u00bb et \u00ab\u00a0la sportive\u00a0\u00bb. \u00c0 chaque \u00e9tape, un seul dira la v\u00e9rit\u00e9.<\/p>\n<p>Une conf\u00e9rence d\u2019Agn\u00e8s Buschaud, intitul\u00e9e La mode passe\u2026 et le design ?, aura lieu \u00e0 14 h. Elle portera sur les diff\u00e9rences entre la mode, tourn\u00e9e vers le renouvellement constant, et le design, li\u00e9 \u00e0 la fonctionnalit\u00e9 et \u00e0 l\u2019innovation.<\/p>\n<p>Les \u00ab\u00a0Causeries du 1er livre\u00a0\u00bb permettront d\u2019\u00e9changer avec deux auteurs castrais : Karim Adda, pour Soleil perdu (15 h) et Ang\u00e9lina Landes, pour Celui qui ha\u00efssait la guerre (16 h).<\/p>\n<p>Tout au long de la journ\u00e9e, l\u2019exposition Les formes de l\u2019eau dans le Tarn, de Xavier Floutard-Vayleux, pr\u00e9sentera 19 r\u00e9cits photographiques. Le vernissage est pr\u00e9vu \u00e0 11 h.<\/p>\n<p>Enfin, des initiations au jeu de r\u00f4le seront propos\u00e9es en continu de 10 h \u00e0 17 h.<\/p>\n<p>L\u2019acc\u00e8s au march\u00e9 est libre. Les visites guid\u00e9es sont gratuites pour les moins de 12 ans, au tarif de 3 \u20ac pour les 12-16 ans et de 5 \u20ac pour les adultes.<\/p>\n","protected":false},"excerpt":{"rendered":"l&rsquo;essentiel La deuxi\u00e8me \u00e9dition se tiendra le samedi 13, toujours rue Beaujeu, de 10h \u00e0 18h. Le samedi&hellip;\n","protected":false},"author":2,"featured_media":326191,"comment_status":"","ping_status":"","sticky":false,"template":"","format":"standard","meta":{"footnotes":""},"categories":[1357],"tags":[1379,58,59,1011,27,1380],"class_list":{"0":"post-326190","1":"post","2":"type-post","3":"status-publish","4":"format-standard","5":"has-post-thumbnail","7":"category-livres","8":"tag-books","9":"tag-divertissement","10":"tag-entertainment","11":"tag-fr","12":"tag-france","13":"tag-livres"},"share_on_mastodon":{"url":"https:\/\/pubeurope.com\/@fr\/115047703863174928","error":""},"_links":{"self":[{"href":"https:\/\/www.europesays.com\/fr\/wp-json\/wp\/v2\/posts\/326190","targetHints":{"allow":["GET"]}}],"collection":[{"href":"https:\/\/www.europesays.com\/fr\/wp-json\/wp\/v2\/posts"}],"about":[{"href":"https:\/\/www.europesays.com\/fr\/wp-json\/wp\/v2\/types\/post"}],"author":[{"embeddable":true,"href":"https:\/\/www.europesays.com\/fr\/wp-json\/wp\/v2\/users\/2"}],"replies":[{"embeddable":true,"href":"https:\/\/www.europesays.com\/fr\/wp-json\/wp\/v2\/comments?post=326190"}],"version-history":[{"count":0,"href":"https:\/\/www.europesays.com\/fr\/wp-json\/wp\/v2\/posts\/326190\/revisions"}],"wp:featuredmedia":[{"embeddable":true,"href":"https:\/\/www.europesays.com\/fr\/wp-json\/wp\/v2\/media\/326191"}],"wp:attachment":[{"href":"https:\/\/www.europesays.com\/fr\/wp-json\/wp\/v2\/media?parent=326190"}],"wp:term":[{"taxonomy":"category","embeddable":true,"href":"https:\/\/www.europesays.com\/fr\/wp-json\/wp\/v2\/categories?post=326190"},{"taxonomy":"post_tag","embeddable":true,"href":"https:\/\/www.europesays.com\/fr\/wp-json\/wp\/v2\/tags?post=326190"}],"curies":[{"name":"wp","href":"https:\/\/api.w.org\/{rel}","templated":true}]}}